{"id":13353,"date":"2024-04-02T08:26:41","date_gmt":"2024-04-02T11:26:41","guid":{"rendered":"https:\/\/vimagazine.com.br\/?p=13353"},"modified":"2024-04-02T08:26:43","modified_gmt":"2024-04-02T11:26:43","slug":"fg-big-wheel-apoia-a-conscientizacao-do-parkinson-e-autismo","status":"publish","type":"post","link":"https:\/\/vimagazine.com.br\/?p=13353","title":{"rendered":"FG Big Wheel apoia a Conscientiza\u00e7\u00e3o do Parkinson e Autismo"},"content":{"rendered":"\n<p><\/p>\n\n\n\n<p><\/p>\n\n\n\n<p><\/p>\n\n\n\n<p class=\"has-medium-font-size\"><strong>Roda Gigante de Balne\u00e1rio Cambori\u00fa iluminada de vermelho e azul<\/strong><\/p>\n\n\n\n<p>Nesta segunda, 01\u00ba de abril, a FG Big Wheel, se transformar\u00e1 no s\u00edmbolo da luta contra a Doen\u00e7a de Parkinson, antecipando o Dia Mundial de Conscientiza\u00e7\u00e3o, em 11 de abril. \u00c0s 19 horas, o aro da roda gigante de Balne\u00e1rio Cambori\u00fa ser\u00e1 iluminado de vermelho e os estaios com uma tulipa da mesma cor.<\/p>\n\n\n\n<p>A a\u00e7\u00e3o em apoio \u00e0 Associa\u00e7\u00e3o Viva Parkinson, celebra o primeiro m\u00eas oficial de conscientiza\u00e7\u00e3o da doen\u00e7a na cidade, ap\u00f3s a promulga\u00e7\u00e3o da Lei Municipal 51\/2023, que designou o per\u00edodo para Conscientiza\u00e7\u00e3o sobre a Doen\u00e7a de Parkinson, que \u00e9 a segunda doen\u00e7a neurodegenerativa mais comum.<\/p>\n\n\n\n<p>\u201cO apoio que a Viva Parkinson est\u00e1 recebendo da FG Big Wheel tem import\u00e2ncia muito significativa. \u00c9 um gesto que serve como importante declara\u00e7\u00e3o de apoio \u00e0 causa do Parkinson e aten\u00e7\u00e3o da roda gigante, como institui\u00e7\u00e3o atenta \u00e0s necessidades da popula\u00e7\u00e3o com demonstra\u00e7\u00e3o de cuidado e aten\u00e7\u00e3o \u00e0s pessoas\u201d, declara Vanessa Segala, coordenadora do N\u00facleo de Apoio da Viva Parkinson em Balne\u00e1rio Cambori\u00fa.<\/p>\n\n\n\n<p>A Associa\u00e7\u00e3o Viva Parkinson, iniciou em 2020, em Blumenau, e desde junho de 2022, tem um n\u00facleo de atendimento em Balne\u00e1rio Cambori\u00fa. O grupo de apoio conta com 25 pessoas com Parkinson, totalizando mais de 70 participantes, entre familiares e cuidadores. As reuni\u00f5es ocorrem todas \u00e0s quintas-feiras, a partir das 9h, na Secretaria da Pessoa Idosa de Balne\u00e1rio Cambori\u00fa, na Rua 1822, n\u00famero 614.<\/p>\n\n\n\n<p>Estima-se que mais de 10 milh\u00f5es de pessoas s\u00e3o acometidas pela doen\u00e7a em todo o mundo. No Brasil, a estimativa \u00e9 que afeta 600 mil pessoas entre homens e mulheres. A maioria dos casos \u00e9 diagnosticada em pessoas idosas, mas pode acontecer com os mais jovens, sendo chamada de Parkinson precoce.<\/p>\n\n\n\n<figure class=\"wp-block-image size-large is-resized\"><img src=\"https:\/\/vimagazine.com.br\/wp-content\/uploads\/2024\/04\/FG-Big-Wheel-Azul-819x1024.jpg\" alt=\"\" class=\"wp-image-13355\" width=\"554\" height=\"693\" srcset=\"https:\/\/vimagazine.com.br\/wp-content\/uploads\/2024\/04\/FG-Big-Wheel-Azul-819x1024.jpg 819w, https:\/\/vimagazine.com.br\/wp-content\/uploads\/2024\/04\/FG-Big-Wheel-Azul-240x300.jpg 240w, https:\/\/vimagazine.com.br\/wp-content\/uploads\/2024\/04\/FG-Big-Wheel-Azul-768x960.jpg 768w, https:\/\/vimagazine.com.br\/wp-content\/uploads\/2024\/04\/FG-Big-Wheel-Azul-1229x1536.jpg 1229w, https:\/\/vimagazine.com.br\/wp-content\/uploads\/2024\/04\/FG-Big-Wheel-Azul-1024x1280.jpg 1024w, https:\/\/vimagazine.com.br\/wp-content\/uploads\/2024\/04\/FG-Big-Wheel-Azul.jpg 1536w\" sizes=\"(max-width: 554px) 100vw, 554px\" \/><\/figure>\n\n\n\n<p><\/p>\n\n\n\n<p><strong>Conscientiza\u00e7\u00e3o sobre o Autismo<\/strong><\/p>\n\n\n\n<p>J\u00e1 na ter\u00e7a-feira, dia 02 de abril, Dia Mundial do Autismo, a FG Big Wheel ser\u00e1 iluminada de azul, cor s\u00edmbolo do Transtorno de Espectro Autista, por apresentar mais casos em meninos. A a\u00e7\u00e3o ser\u00e1 \u00e0s 19 horas.<\/p>\n\n\n\n<p>O dia foi criado pela Organiza\u00e7\u00e3o das Na\u00e7\u00f5es Unidas em 18 de dezembro de 2007 para a conscientiza\u00e7\u00e3o e levar informa\u00e7\u00e3o \u00e0 popula\u00e7\u00e3o para reduzir a discrimina\u00e7\u00e3o e o preconceito contra os indiv\u00edduos que apresentam o TEA.<\/p>\n\n\n\n<p>A FG Big Wheel, que tem um atendimento especial \u00e0s pessoas com necessidades especiais, incluindo aquelas com autismo. Desde \u00e0 chegada na roda gigante, as fam\u00edlias s\u00e3o acolhidas, e acompanhadas durante toda a visita. Os autistas e o acompanhantes tem direito \u00e0 meia entrada.<\/p>\n\n\n\n<p>\u201cN\u00f3s seguimos sete itens de acolhimento ao autista, para que a experi\u00eancia seja o mais agrad\u00e1vel poss\u00edvel a ele e \u00e0 fam\u00edlia. Por exemplo, fornecemos abafadores auriculares para reduzir o ru\u00eddo e identificamos os autistas com um cord\u00e3o de girassol. Quando necess\u00e1rio, eu embarco junto na cabine para prestar assist\u00eancia&#8221;, conta Elizabete Westarb, l\u00edder de atendimento especial da FG Big Wheel, que tamb\u00e9m faz atendimento em libras.<\/p>\n\n\n\n<p>Todas as cabines que recebem pessoas com necessidades especiais s\u00e3o identificadas por fora, garantindo que a roda seja parada no momento do desembarque.<\/p>\n\n\n\n<p>Mais informa\u00e7\u00f5es e compra antecipada de ingressos, \u00e9 s\u00f3 acessar o site&nbsp;<a rel=\"noreferrer noopener\" target=\"_blank\" href=\"http:\/\/www.fgbigwheel.com.br\/\">www.fgbigwheel.com.br<\/a><\/p>\n","protected":false},"excerpt":{"rendered":"<p>Roda Gigante de Balne\u00e1rio Cambori\u00fa iluminada de vermelho e azul Nesta segunda, 01\u00ba de abril,&#8230;<\/p>\n","protected":false},"author":1,"featured_media":13354,"comment_status":"closed","ping_status":"open","sticky":false,"template":"","format":"standard","meta":{"om_disable_all_campaigns":false,"_monsterinsights_skip_tracking":false,"_monsterinsights_sitenote_active":false,"_monsterinsights_sitenote_note":"","_monsterinsights_sitenote_category":0,"spay_email":""},"categories":[27,1],"tags":[],"jetpack_featured_media_url":"https:\/\/vimagazine.com.br\/wp-content\/uploads\/2024\/04\/FG-Big-Wheel-Vermelha.jpg","_links":{"self":[{"href":"https:\/\/vimagazine.com.br\/index.php?rest_route=\/wp\/v2\/posts\/13353"}],"collection":[{"href":"https:\/\/vimagazine.com.br\/index.php?rest_route=\/wp\/v2\/posts"}],"about":[{"href":"https:\/\/vimagazine.com.br\/index.php?rest_route=\/wp\/v2\/types\/post"}],"author":[{"embeddable":true,"href":"https:\/\/vimagazine.com.br\/index.php?rest_route=\/wp\/v2\/users\/1"}],"replies":[{"embeddable":true,"href":"https:\/\/vimagazine.com.br\/index.php?rest_route=%2Fwp%2Fv2%2Fcomments&post=13353"}],"version-history":[{"count":1,"href":"https:\/\/vimagazine.com.br\/index.php?rest_route=\/wp\/v2\/posts\/13353\/revisions"}],"predecessor-version":[{"id":13356,"href":"https:\/\/vimagazine.com.br\/index.php?rest_route=\/wp\/v2\/posts\/13353\/revisions\/13356"}],"wp:featuredmedia":[{"embeddable":true,"href":"https:\/\/vimagazine.com.br\/index.php?rest_route=\/wp\/v2\/media\/13354"}],"wp:attachment":[{"href":"https:\/\/vimagazine.com.br\/index.php?rest_route=%2Fwp%2Fv2%2Fmedia&parent=13353"}],"wp:term":[{"taxonomy":"category","embeddable":true,"href":"https:\/\/vimagazine.com.br\/index.php?rest_route=%2Fwp%2Fv2%2Fcategories&post=13353"},{"taxonomy":"post_tag","embeddable":true,"href":"https:\/\/vimagazine.com.br\/index.php?rest_route=%2Fwp%2Fv2%2Ftags&post=13353"}],"curies":[{"name":"wp","href":"https:\/\/api.w.org\/{rel}","templated":true}]}}