{"id":13362,"date":"2024-04-03T21:24:16","date_gmt":"2024-04-04T00:24:16","guid":{"rendered":"https:\/\/vimagazine.com.br\/?p=13362"},"modified":"2024-04-03T21:24:19","modified_gmt":"2024-04-04T00:24:19","slug":"exposicao-alem-da-ilha-no-maj-abre-no-dia-6-de-abril","status":"publish","type":"post","link":"https:\/\/vimagazine.com.br\/?p=13362","title":{"rendered":"Exposi\u00e7\u00e3o Al\u00e9m da Ilha no MAJ abre no dia 6 de abril"},"content":{"rendered":"\n<p class=\"has-text-align-center\">A abertura da exposi\u00e7\u00e3o Al\u00e9m da Ilha ser\u00e1 no dia 6 de abril no Museu de Arte de Joinville (MAJ). <\/p>\n\n\n\n<p class=\"has-text-align-center\">A mostra busca compreender o processo de contemporaneidade da arte fora da Capital, a ilha de Florian\u00f3polis, e legitimar os circuitos existentes entre o Vale do Itaja\u00ed e Norte de Santa Catarina. <\/p>\n\n\n\n<p class=\"has-text-align-center\">Artistas como Luis Henrique Schwanke, Sueli Beduschi, Doraci Girulat, Silvia Teske, Silvana Rocha, Astrid Lindrot,M\u00e1rio Timm,D\u00e9cio Soncini,M\u00e1rio Avancini, Charles Narloch, Marcos R\u00fcck, Guido Heuer,Eladir Skibinski, Lenice Weiss,Hamilton Machado, Albertina Tuma,Alvacir Scharf,Nilson Delai, Sinira Pruner e Luiz Telles deixaram seu legado para a hist\u00f3ria da arte pelo que criaram nas d\u00e9cadas de 70, 80 e 90. <\/p>\n\n\n\n<p class=\"has-text-align-center\">\u201cEstes circuitos s\u00f3 se estabeleceram em decorr\u00eancia do tr\u00e2nsito destes artistas e de suas po\u00e9ticas dial\u00f3gicas.<\/p>\n\n\n\n<p class=\"has-text-align-center\"> Eles romperam barreiras, limites geogr\u00e1ficos e o conservadorismo de Florian\u00f3polis\u201d, explica a curadora Angela Peyerl, que tamb\u00e9m \u00e9 coordenadora do MAJ.<\/p>\n\n\n\n<p class=\"has-text-align-center\">Esse grupo construiu uma vanguarda e experimentou o que o mundo e suas cidades tinham a oferecer, fomentando o campo das artes visuais e criando um circuito de arte em Santa Catarina independente dos movimentos est\u00e9ticos da capital. <\/p>\n\n\n\n<p class=\"has-text-align-center\">A riosulense Doraci Girulat tornou-se professora da Udesc, na Capital, e suas ideias e conceitos influenciaram uma gera\u00e7\u00e3o de novos artistas que promoveram debates sobre arte contempor\u00e2nea e acabaram inserindo a contemporaneidade na ilha.<\/p>\n\n\n\n<p class=\"has-text-align-center\"> \u201cAs andan\u00e7as, estudos e encontros art\u00edsticos destes artistas criaram este movimento. <\/p>\n\n\n\n<p class=\"has-text-align-center\">Outra figura importante foi Harry Laus, cr\u00edtico de arte, escritor e jornalista, que desenvolveu uma pol\u00edtica de aproxima\u00e7\u00e3o entre os artistas\u201d, revela Angela. <\/p>\n\n\n\n<p class=\"has-text-align-center\">Ele acabou se tornando diretor do MAJ entre 1980 e 1982 e anos depois dirigiu o Museu de Arte de Santa Catarina.<\/p>\n\n\n\n<p class=\"has-text-align-center\">Segundo Angela, Harry Laus foi um redimensionador de conceitos e estruturas, pois organizou os acervos e readequou reservas t\u00e9cnicas. <\/p>\n\n\n\n<p class=\"has-text-align-center\">\u201cEle criou expografias na qual o p\u00fablico estabeleceu contato direto com a produ\u00e7\u00e3o art\u00edstica do Estado e do pa\u00eds\u201d, completa. <\/p>\n\n\n\n<p class=\"has-text-align-center\">Com curadoria de Angela e Nadja de Carvalho Lamas, a exposi\u00e7\u00e3o poder\u00e1 ser conferida at\u00e9 17 de novembro. <\/p>\n\n\n\n<p class=\"has-text-align-center\">O hor\u00e1rio de visita\u00e7\u00e3o \u00e9 de ter\u00e7a-feira a domingo, das 10h \u00e0s 16h.<\/p>\n\n\n\n<p class=\"has-text-align-center\">Fonte: Rodrigo Domingos<\/p>\n","protected":false},"excerpt":{"rendered":"<p>A abertura da exposi\u00e7\u00e3o Al\u00e9m da Ilha ser\u00e1 no dia 6 de abril no Museu&#8230;<\/p>\n","protected":false},"author":3,"featured_media":13363,"comment_status":"closed","ping_status":"open","sticky":false,"template":"","format":"standard","meta":{"om_disable_all_campaigns":false,"_monsterinsights_skip_tracking":false,"_monsterinsights_sitenote_active":false,"_monsterinsights_sitenote_note":"","_monsterinsights_sitenote_category":0,"spay_email":""},"categories":[1],"tags":[],"jetpack_featured_media_url":"https:\/\/vimagazine.com.br\/wp-content\/uploads\/2024\/04\/5c5185db-56c8-41fa-867f-de006c7ba785-e1712190102976.jpg","_links":{"self":[{"href":"https:\/\/vimagazine.com.br\/index.php?rest_route=\/wp\/v2\/posts\/13362"}],"collection":[{"href":"https:\/\/vimagazine.com.br\/index.php?rest_route=\/wp\/v2\/posts"}],"about":[{"href":"https:\/\/vimagazine.com.br\/index.php?rest_route=\/wp\/v2\/types\/post"}],"author":[{"embeddable":true,"href":"https:\/\/vimagazine.com.br\/index.php?rest_route=\/wp\/v2\/users\/3"}],"replies":[{"embeddable":true,"href":"https:\/\/vimagazine.com.br\/index.php?rest_route=%2Fwp%2Fv2%2Fcomments&post=13362"}],"version-history":[{"count":1,"href":"https:\/\/vimagazine.com.br\/index.php?rest_route=\/wp\/v2\/posts\/13362\/revisions"}],"predecessor-version":[{"id":13364,"href":"https:\/\/vimagazine.com.br\/index.php?rest_route=\/wp\/v2\/posts\/13362\/revisions\/13364"}],"wp:featuredmedia":[{"embeddable":true,"href":"https:\/\/vimagazine.com.br\/index.php?rest_route=\/wp\/v2\/media\/13363"}],"wp:attachment":[{"href":"https:\/\/vimagazine.com.br\/index.php?rest_route=%2Fwp%2Fv2%2Fmedia&parent=13362"}],"wp:term":[{"taxonomy":"category","embeddable":true,"href":"https:\/\/vimagazine.com.br\/index.php?rest_route=%2Fwp%2Fv2%2Fcategories&post=13362"},{"taxonomy":"post_tag","embeddable":true,"href":"https:\/\/vimagazine.com.br\/index.php?rest_route=%2Fwp%2Fv2%2Ftags&post=13362"}],"curies":[{"name":"wp","href":"https:\/\/api.w.org\/{rel}","templated":true}]}}