{"id":13365,"date":"2024-04-04T10:29:39","date_gmt":"2024-04-04T13:29:39","guid":{"rendered":"https:\/\/vimagazine.com.br\/?p=13365"},"modified":"2024-04-04T10:29:40","modified_gmt":"2024-04-04T13:29:40","slug":"apos-dormir-em-barracas-e-caminhar-mais-de-180-km-ex-bbb-se-emociona-ao-encontrar-familia-na-basilica-de-aparecida","status":"publish","type":"post","link":"https:\/\/vimagazine.com.br\/?p=13365","title":{"rendered":"Ap\u00f3s dormir em barracas e caminhar mais de 180 km, ex-BBB se emociona ao encontrar fam\u00edlia na Bas\u00edlica de Aparecida"},"content":{"rendered":"\n<figure class=\"wp-block-image aligncenter size-large is-resized\"><img src=\"https:\/\/vimagazine.com.br\/wp-content\/uploads\/2024\/04\/THID6504-1024x908.jpg\" alt=\"\" class=\"wp-image-13366\" width=\"485\" height=\"429\" srcset=\"https:\/\/vimagazine.com.br\/wp-content\/uploads\/2024\/04\/THID6504-1024x908.jpg 1024w, https:\/\/vimagazine.com.br\/wp-content\/uploads\/2024\/04\/THID6504-300x266.jpg 300w, https:\/\/vimagazine.com.br\/wp-content\/uploads\/2024\/04\/THID6504-768x681.jpg 768w, https:\/\/vimagazine.com.br\/wp-content\/uploads\/2024\/04\/THID6504-1536x1362.jpg 1536w, https:\/\/vimagazine.com.br\/wp-content\/uploads\/2024\/04\/THID6504.jpg 1920w\" sizes=\"(max-width: 485px) 100vw, 485px\" \/><\/figure>\n\n\n\n<figure class=\"wp-block-image aligncenter size-large is-resized\"><img src=\"https:\/\/vimagazine.com.br\/wp-content\/uploads\/2024\/04\/THID6474-1-1024x683.jpg\" alt=\"\" class=\"wp-image-13367\" width=\"566\" height=\"377\" srcset=\"https:\/\/vimagazine.com.br\/wp-content\/uploads\/2024\/04\/THID6474-1-1024x683.jpg 1024w, https:\/\/vimagazine.com.br\/wp-content\/uploads\/2024\/04\/THID6474-1-300x200.jpg 300w, https:\/\/vimagazine.com.br\/wp-content\/uploads\/2024\/04\/THID6474-1-768x512.jpg 768w, https:\/\/vimagazine.com.br\/wp-content\/uploads\/2024\/04\/THID6474-1-1536x1025.jpg 1536w, https:\/\/vimagazine.com.br\/wp-content\/uploads\/2024\/04\/THID6474-1.jpg 1920w\" sizes=\"(max-width: 566px) 100vw, 566px\" \/><\/figure>\n\n\n\n<figure class=\"wp-block-image aligncenter size-large is-resized\"><img src=\"https:\/\/vimagazine.com.br\/wp-content\/uploads\/2024\/04\/THID6485-1-1024x683.jpg\" alt=\"\" class=\"wp-image-13368\" width=\"560\" height=\"373\" srcset=\"https:\/\/vimagazine.com.br\/wp-content\/uploads\/2024\/04\/THID6485-1-1024x683.jpg 1024w, https:\/\/vimagazine.com.br\/wp-content\/uploads\/2024\/04\/THID6485-1-300x200.jpg 300w, https:\/\/vimagazine.com.br\/wp-content\/uploads\/2024\/04\/THID6485-1-768x512.jpg 768w, https:\/\/vimagazine.com.br\/wp-content\/uploads\/2024\/04\/THID6485-1-1536x1025.jpg 1536w, https:\/\/vimagazine.com.br\/wp-content\/uploads\/2024\/04\/THID6485-1.jpg 1920w\" sizes=\"(max-width: 560px) 100vw, 560px\" \/><\/figure>\n\n\n\n<p><strong>Vagner Lara<\/strong>, mais conhecido como Vav\u00e1, ex participante da 14\u00aa edi\u00e7\u00e3o do reality Big Brother Brasil, completou neste \u00faltimo s\u00e1bado (30), a sua 11\u00aa Peregrina\u00e7\u00e3o de P\u00e1scoa para o Santu\u00e1rio de Aparecida do Norte, situado no Vale do Para\u00edba, localizada \u00e0s margens da Rodovia Presidente Dutra, com acesso facilitado entre as cidades de S\u00e3o Paulo e Rio de Janeiro.<\/p>\n\n\n\n<p>O in\u00edcio da peregrina\u00e7\u00e3o de Vav\u00e1, aconteceu na Igreja de Santo Expedito, no bairro da Luz, no centro de S\u00e3o Paulo, no domingo, 24 de mar\u00e7o.<\/p>\n\n\n\n<p>Depois de 7 dias de caminhada, e percorrer por 11 cidades, o ex-BBB chegou ao destino final, a Bas\u00edlica de Aparecida, considerada a segunda maior bas\u00edlica e o maior santu\u00e1rio mariano do mundo, que foi constru\u00edda em 1955.<\/p>\n\n\n\n<p>&#8220;Completar uma caminhada pra mim \u00e9 um momento m\u00e1gico de f\u00e9 e determina\u00e7\u00e3o, e essa 11\u00aa peregrina\u00e7\u00e3o foi ainda mais especial, pois me emocionei muito ao chegar e me deparar com a presen\u00e7a surpresa de minha irm\u00e3 e sobrinha&#8221;, relatou Vav\u00e1 que ainda completou &#8220;Encontrei minha fam\u00edlia na chegada em Aparecida e n\u00e3o tinha como n\u00e3o me emocionar. \u00c9 a primeira vez que elas participam desse momento t\u00e3o especial em minha vida. Foi um presente e tanto, onde me senti acolhido e amado.,<\/p>\n\n\n\n<p>Para essa caminhada, que faz parte das comemora\u00e7\u00f5es dos 20 anos de peregrina\u00e7\u00f5es pelo mundo, o ex-BBB foi acompanhado de uma equipe de apoio e dos amigos Nildo e L\u00facio, os quais tamb\u00e9m s\u00e3o peregrinos, al\u00e9m do iniciante Bruno.<\/p>\n\n\n\n<p>Mas n\u00e3o acabou por a\u00ed, o peregrino j\u00e1 tem um novo destino, no final de abril ele embarca para o Egito onde vai finalizar o document\u00e1rio que vem construindo.<\/p>\n\n\n\n<p>Confira tudo sobre o document\u00e1rio e as novas viagens do peregrino Vagner Lara nas redes sociais atrav\u00e9s do Instagram @vagner_lara ou ainda no canal do YouTube:&nbsp;<a href=\"https:\/\/www.youtube.com\/@vavaperegrino\" target=\"_blank\" rel=\"noreferrer noopener\">https:\/\/www.youtube.com\/@vavaperegrino<\/a><\/p>\n\n\n\n<p>Site Oficial:&nbsp;<a href=\"http:\/\/www.vavaperegrino.com.br\/\" target=\"_blank\" rel=\"noreferrer noopener\">www.vavaperegrino.com.br<\/a><\/p>\n\n\n\n<p><strong>Cr\u00e9dito das Fotos: Thiago Duran \/ Divulga\u00e7\u00e3o<\/strong><\/p>\n","protected":false},"excerpt":{"rendered":"<p>Vagner Lara, mais conhecido como Vav\u00e1, ex participante da 14\u00aa edi\u00e7\u00e3o do reality Big Brother&#8230;<\/p>\n","protected":false},"author":19,"featured_media":13369,"comment_status":"closed","ping_status":"open","sticky":false,"template":"","format":"standard","meta":{"om_disable_all_campaigns":false,"_monsterinsights_skip_tracking":false,"_monsterinsights_sitenote_active":false,"_monsterinsights_sitenote_note":"","_monsterinsights_sitenote_category":0,"spay_email":""},"categories":[26],"tags":[],"jetpack_featured_media_url":"https:\/\/vimagazine.com.br\/wp-content\/uploads\/2024\/04\/THID6531.jpg","_links":{"self":[{"href":"https:\/\/vimagazine.com.br\/index.php?rest_route=\/wp\/v2\/posts\/13365"}],"collection":[{"href":"https:\/\/vimagazine.com.br\/index.php?rest_route=\/wp\/v2\/posts"}],"about":[{"href":"https:\/\/vimagazine.com.br\/index.php?rest_route=\/wp\/v2\/types\/post"}],"author":[{"embeddable":true,"href":"https:\/\/vimagazine.com.br\/index.php?rest_route=\/wp\/v2\/users\/19"}],"replies":[{"embeddable":true,"href":"https:\/\/vimagazine.com.br\/index.php?rest_route=%2Fwp%2Fv2%2Fcomments&post=13365"}],"version-history":[{"count":1,"href":"https:\/\/vimagazine.com.br\/index.php?rest_route=\/wp\/v2\/posts\/13365\/revisions"}],"predecessor-version":[{"id":13370,"href":"https:\/\/vimagazine.com.br\/index.php?rest_route=\/wp\/v2\/posts\/13365\/revisions\/13370"}],"wp:featuredmedia":[{"embeddable":true,"href":"https:\/\/vimagazine.com.br\/index.php?rest_route=\/wp\/v2\/media\/13369"}],"wp:attachment":[{"href":"https:\/\/vimagazine.com.br\/index.php?rest_route=%2Fwp%2Fv2%2Fmedia&parent=13365"}],"wp:term":[{"taxonomy":"category","embeddable":true,"href":"https:\/\/vimagazine.com.br\/index.php?rest_route=%2Fwp%2Fv2%2Fcategories&post=13365"},{"taxonomy":"post_tag","embeddable":true,"href":"https:\/\/vimagazine.com.br\/index.php?rest_route=%2Fwp%2Fv2%2Ftags&post=13365"}],"curies":[{"name":"wp","href":"https:\/\/api.w.org\/{rel}","templated":true}]}}