{"id":13388,"date":"2024-04-05T15:14:36","date_gmt":"2024-04-05T18:14:36","guid":{"rendered":"https:\/\/vimagazine.com.br\/?p=13388"},"modified":"2024-04-05T15:14:37","modified_gmt":"2024-04-05T18:14:37","slug":"circuito-vans-off-the-wall-amador-de-street-resgata-a-essencia-do-skate-em-evento-itinerante-pelo-brasil","status":"publish","type":"post","link":"https:\/\/vimagazine.com.br\/?p=13388","title":{"rendered":"Circuito Vans Off The Wall Amador de Street Resgata a Ess\u00eancia do Skate em Evento Itinerante pelo Brasil"},"content":{"rendered":"\n<p><\/p>\n\n\n\n<p class=\"has-medium-font-size\"><em><strong>Incorporando a criatividade, celebrando e engajando a nova gera\u00e7\u00e3o do skate, o in\u00e9dito evento estreia em Fortaleza nos dias 27 e 28 de abril com muito skate, arte e m\u00fasica<\/strong><\/em><\/p>\n\n\n\n<figure class=\"wp-block-table\"><table><tbody><tr><td><strong>S\u00e3o Paulo, SP (04 de Abril de 2024)<\/strong> &#8211; Vans, marca original de t\u00eanis, vestu\u00e1rios e acess\u00f3rios para esportes de a\u00e7\u00e3o e \u00edcone global da express\u00e3o criativa desde 1966, orgulhosamente apresenta o <strong>Circuito Vans Off The Wall Amador <\/strong>de Street. Celebrando a cultura do skate core, fortalecendo a cena local de cada uma das cidades e seguindo com o prop\u00f3sito de oferecer espa\u00e7o e visibilidade aos skatistas amadores, o <strong>Circuito Vans Off The Wall Amador <\/strong>promete ser refer\u00eancia na modalidade street, conectando a nova gera\u00e7\u00e3o do skate com a comunidade.&nbsp;Al\u00e9m da competi\u00e7\u00e3o, o <strong>Circuito Vans Off The Wall Amador<\/strong> oferece premia\u00e7\u00f5es em produtos Vans para os primeiros colocados, sendo para o campe\u00e3o um valor de R$2.000,00, para o segundo colocado, R$ 1.500,00, terceiro, R$ 1.000,00, e quarto colocado, R$ 500,00; al\u00e9m de produtos de outras marcas parceiras. Pensando no legado e valoriza\u00e7\u00e3o dos jovens skatistas, os tr\u00eas primeiros colocados receber\u00e3o um trof\u00e9u exclusivo, enquanto o quarto colocado ser\u00e1 premiado com uma medalha exclusiva do Circuito. Os demais participantes, at\u00e9 o oitavo lugar, receber\u00e3o produtos de skate.&nbsp;<\/td><\/tr><\/tbody><\/table><\/figure>\n\n\n\n<figure class=\"wp-block-table\"><table><tbody><tr><td><img src=\"https:\/\/cseprs3.s3.amazonaws.com\/email-editor-files\/63eb09da-0e77-4234-a463-08d9f0b2efaa\/8501e220-7d2e-4558-b002-b1cc6bffc0ef.png\" width=\"584\" height=\"auto\"><\/td><\/tr><\/tbody><\/table><\/figure>\n\n\n\n<figure class=\"wp-block-table\"><table><tbody><tr><td>O evento, que visa fortalecer a cena local do skate, acontecer\u00e1 em quatro cidades brasileiras: Fortaleza, seguindo para Goi\u00e2nia, Florian\u00f3polis e, por fim, para a etapa final, na cidade de S\u00e3o Paulo. Estes locais foram escolhidos n\u00e3o apenas pela relev\u00e2ncia na cena do skate do Brasil, mas tamb\u00e9m por representarem a rica cultura nacional. Homenageando cada uma das regi\u00f5es do Brasil, o artista gr\u00e1fico carioca Felipe Motta, ou MOTTILAA, desenvolveu a comunica\u00e7\u00e3o visual do evento, retratando \u00edcones regionais, sendo o Cangaceiro para a regi\u00e3o Nordeste, a On\u00e7a Pintada para a regi\u00e3o Centro Oeste, o ic\u00f4nico Edif\u00edcio Copan retratando a regi\u00e3o Sudeste e a arauc\u00e1ria retratando o Sul.&nbsp;O Circuito Vans Off The Wall Amador faz sua primeira parada na cidade de Fortaleza, durante os dias 27 e 28 de Abril, no Skatepark da Avenida Beira Mar. Esta primeira etapa \u00e9 destinada \u00e0 participa\u00e7\u00e3o de skatistas nascidos ou radicados nos estados de Alagoas, Bahia, Cear\u00e1, Maranh\u00e3o, Para\u00edba, Pernambuco, Piau\u00ed, Rio Grande do Norte e Sergipe. Skatistas da regi\u00e3o norte poder\u00e3o escolher qualquer uma das etapas para participar. A ic\u00f4nica pista ser\u00e1 o palco dessa celebra\u00e7\u00e3o, onde al\u00e9m da competi\u00e7\u00e3o ser\u00e3o realizadas ativa\u00e7\u00f5es de m\u00fasica e arte.<\/td><\/tr><\/tbody><\/table><\/figure>\n\n\n\n<figure class=\"wp-block-table\"><table><tbody><tr><td><img src=\"https:\/\/cseprs3.s3.amazonaws.com\/email-editor-files\/63eb09da-0e77-4234-a463-08d9f0b2efaa\/80579277-3a39-4d59-a195-4556ebfe45ab.jpg\" width=\"584\" height=\"auto\"><\/td><\/tr><\/tbody><\/table><\/figure>\n\n\n\n<p>Para garantir sua vaga no <strong>Circuito Vans Off The Wall Amador<\/strong>, inscreva-se em <a href=\"https:\/\/click.cse360.com.br\/Click\/AddCampaignEmailClick\/735d1838-b45e-4c74-02a7-08dc531cf10e\/http%253a%252f%252fwww.vans.com.br%252fcircuito\/84a13bf5-1001-4b37-93cf-9aa5931b4a9b\/vimagazine@vimagazine.com.br\/True\" target=\"_blank\" rel=\"noreferrer noopener\">www.vans.com.br\/circuito<\/a>. Menores de 18 anos devem obter autoriza\u00e7\u00e3o dos pais ou respons\u00e1veis legais para participar. Todos os documentos necess\u00e1rios, incluindo a autoriza\u00e7\u00e3o assinada, devem ser enviados atrav\u00e9s do portal de inscri\u00e7\u00e3o at\u00e9 o dia 10 de abril. Este processo garante uma experi\u00eancia segura e inclusiva para todos os participantes. A entrada \u00e9 gratuita para o p\u00fablico, prometendo ser um encontro memor\u00e1vel para a fam\u00edlia do skate.<\/p>\n\n\n\n<p>Venha fazer parte dessa celebra\u00e7\u00e3o do skate no <strong>Circuito Vans Off The Wall Amador<\/strong>. Fique por dentro dos canais oficiais da Vans Brasil e em <a href=\"https:\/\/click.cse360.com.br\/Click\/AddCampaignEmailClick\/735d1838-b45e-4c74-02a7-08dc531cf10e\/http%253a%252f%252fwww.vans.com.br%252fcircuito\/84a13bf5-1001-4b37-93cf-9aa5931b4a9b\/vimagazine@vimagazine.com.br\/True\" target=\"_blank\" rel=\"noreferrer noopener\">www.vans.com.br\/circuito<\/a> para conferir as pr\u00f3ximas datas e etapas do <strong>Circuito Vans Off The Wall Amador.<\/strong><\/p>\n\n\n\n<p class=\"has-medium-font-size\"><em><strong>Confira as inscri\u00e7\u00f5es e regulamento de participa\u00e7\u00e3o<\/strong> <\/em><a href=\"https:\/\/click.cse360.com.br\/Click\/AddCampaignEmailClick\/735d1838-b45e-4c74-02a7-08dc531cf10e\/https%253a%252f%252fwww.vans.com.br%252fcircuito\/84a13bf5-1001-4b37-93cf-9aa5931b4a9b\/vimagazine@vimagazine.com.br\/True\" target=\"_blank\" rel=\"noreferrer noopener\"><strong><em>AQUI<\/em><\/strong><\/a><\/p>\n\n\n\n<p>Acesse o regulamento e se inscreva <a href=\"https:\/\/click.cse360.com.br\/Click\/AddCampaignEmailClick\/735d1838-b45e-4c74-02a7-08dc531cf10e\/https%253a%252f%252fwww.vans.com.br%252fcircuito\/84a13bf5-1001-4b37-93cf-9aa5931b4a9b\/vimagazine@vimagazine.com.br\/True\" target=\"_blank\" rel=\"noreferrer noopener\">clicando aqui.<\/a><\/p>\n\n\n\n<p><strong>INSCRI\u00c7\u00d5ES:<\/strong><\/p>\n\n\n\n<p>Taxa de inscri\u00e7\u00e3o: R$75,00;<\/p>\n\n\n\n<p><strong>PRIMEIRA ETAPA:<\/strong><\/p>\n\n\n\n<p><strong>Etapa Fortaleza (27 e 28 de Abril)<\/strong><\/p>\n\n\n\n<p><strong>Skatepark Avenida Beira Mar<\/strong><\/p>\n\n\n\n<p>Av. Beira Mar, 2959 &#8211; Meireles, Fortaleza &#8211; CE, 60165-121<\/p>\n\n\n\n<p><\/p>\n\n\n\n<p><strong><em>Sobre a Vans<\/em><\/strong><\/p>\n\n\n\n<p>A<em>&nbsp;Vans\u00ae<\/em>, parte da VF Corporation (NYSE: VFC), \u00e9 a marca original de t\u00eanis, vestu\u00e1rio e acess\u00f3rios para action sports. As cole\u00e7\u00f5es aut\u00eanticas da<em>&nbsp;Vans\u00ae<\/em>&nbsp;s\u00e3o vendidas em 84 pa\u00edses atrav\u00e9s de uma rede de subsidi\u00e1rias, distribuidoras e lojas parceiras. A&nbsp;<em>Vans\u00ae&nbsp;&nbsp;<\/em>possui mais de 2.000 lojas ao redor do planeta, incluindo lojas pr\u00f3prias, franquias e multimarcas, al\u00e9m de uma experi\u00eancia exclusiva de compra no App Vans, rec\u00e9m-lan\u00e7ado, dispon\u00edvel na App Store e Google Play. A marca&nbsp;<em>Vans\u00ae<\/em>&nbsp;promove a express\u00e3o criativa na cultura jovem com os action sports, arte, m\u00fasica e cultura de rua al\u00e9m de entregar plataformas progressistas como o&nbsp;<em>Vans Park Series<\/em>,&nbsp;<em>Vans Triple Crown of Surfing\u00ae<\/em>,&nbsp;<em>Vans Pool Party<\/em>,&nbsp;<em>Vans Custom Culture<\/em>&nbsp;e o hub cultural e espa\u00e7o para a m\u00fasica internacional&nbsp;<em>House of Vans<\/em>.<\/p>\n\n\n\n<p><strong>Vans, &#8220;Off The Wall&#8221; Since &#8217;66<\/strong><\/p>\n\n\n\n<p><a href=\"https:\/\/click.cse360.com.br\/Click\/AddCampaignEmailClick\/735d1838-b45e-4c74-02a7-08dc531cf10e\/http%253a%252f%252fwww.vans.com.br%252f\/84a13bf5-1001-4b37-93cf-9aa5931b4a9b\/vimagazine@vimagazine.com.br\/True\" target=\"_blank\" rel=\"noreferrer noopener\"><strong>www.vans.com.br<\/strong><\/a><\/p>\n\n\n\n<p><a href=\"https:\/\/click.cse360.com.br\/Click\/AddCampaignEmailClick\/735d1838-b45e-4c74-02a7-08dc531cf10e\/https%253a%252f%252fwww.youtube.com%252fvans\/84a13bf5-1001-4b37-93cf-9aa5931b4a9b\/vimagazine@vimagazine.com.br\/True\" target=\"_blank\" rel=\"noreferrer noopener\"><strong>youtube.com\/vans<\/strong><\/a><\/p>\n\n\n\n<p><strong>instagram.com\/vansbrasil<\/strong><\/p>\n\n\n\n<p><strong>facebook.com\/vansbrasil<\/strong><\/p>\n","protected":false},"excerpt":{"rendered":"<p>Incorporando a criatividade, celebrando e engajando a nova gera\u00e7\u00e3o do skate, o in\u00e9dito evento estreia&#8230;<\/p>\n","protected":false},"author":1,"featured_media":13389,"comment_status":"closed","ping_status":"open","sticky":false,"template":"","format":"standard","meta":{"om_disable_all_campaigns":false,"_monsterinsights_skip_tracking":false,"_monsterinsights_sitenote_active":false,"_monsterinsights_sitenote_note":"","_monsterinsights_sitenote_category":0,"spay_email":""},"categories":[1],"tags":[],"jetpack_featured_media_url":"https:\/\/vimagazine.com.br\/wp-content\/uploads\/2024\/04\/e8f7a22a-cc2e-42cb-8aa2-659aacc6d08a.jpg","_links":{"self":[{"href":"https:\/\/vimagazine.com.br\/index.php?rest_route=\/wp\/v2\/posts\/13388"}],"collection":[{"href":"https:\/\/vimagazine.com.br\/index.php?rest_route=\/wp\/v2\/posts"}],"about":[{"href":"https:\/\/vimagazine.com.br\/index.php?rest_route=\/wp\/v2\/types\/post"}],"author":[{"embeddable":true,"href":"https:\/\/vimagazine.com.br\/index.php?rest_route=\/wp\/v2\/users\/1"}],"replies":[{"embeddable":true,"href":"https:\/\/vimagazine.com.br\/index.php?rest_route=%2Fwp%2Fv2%2Fcomments&post=13388"}],"version-history":[{"count":1,"href":"https:\/\/vimagazine.com.br\/index.php?rest_route=\/wp\/v2\/posts\/13388\/revisions"}],"predecessor-version":[{"id":13390,"href":"https:\/\/vimagazine.com.br\/index.php?rest_route=\/wp\/v2\/posts\/13388\/revisions\/13390"}],"wp:featuredmedia":[{"embeddable":true,"href":"https:\/\/vimagazine.com.br\/index.php?rest_route=\/wp\/v2\/media\/13389"}],"wp:attachment":[{"href":"https:\/\/vimagazine.com.br\/index.php?rest_route=%2Fwp%2Fv2%2Fmedia&parent=13388"}],"wp:term":[{"taxonomy":"category","embeddable":true,"href":"https:\/\/vimagazine.com.br\/index.php?rest_route=%2Fwp%2Fv2%2Fcategories&post=13388"},{"taxonomy":"post_tag","embeddable":true,"href":"https:\/\/vimagazine.com.br\/index.php?rest_route=%2Fwp%2Fv2%2Ftags&post=13388"}],"curies":[{"name":"wp","href":"https:\/\/api.w.org\/{rel}","templated":true}]}}