{"id":13393,"date":"2024-04-05T21:26:24","date_gmt":"2024-04-06T00:26:24","guid":{"rendered":"https:\/\/vimagazine.com.br\/?p=13393"},"modified":"2024-04-05T21:26:25","modified_gmt":"2024-04-06T00:26:25","slug":"del-feliz-reune-alguns-dos-melhores-sanfoneiros-do-mundo-no-2-festival-de-forro-de-riachao-do-jacuipe","status":"publish","type":"post","link":"https:\/\/vimagazine.com.br\/?p=13393","title":{"rendered":"Del Feliz re\u00fane alguns dos melhores sanfoneiros do mundo no 2\u00b0 Festival de Forr\u00f3 de Riach\u00e3o do Jacu\u00edpe"},"content":{"rendered":"\n<p><\/p>\n\n\n\n<p class=\"has-medium-font-size\"><strong>Ao longo de dois dias, evento atraiu cerca de 45 mil pessoas, n\u00famero superior ao de moradores no munic\u00edpio<\/strong><\/p>\n\n\n\n<p>O 2\u00b0 Festival de Forr\u00f3 de Riach\u00e3o do Jacu\u00edpe, realizado no \u00faltimo fim de semana, foi palco do encontro de alguns dos melhores sanfoneiros do mundo: por l\u00e1, passaram nomes como Dorgival Dantas, Mestrinho, Nonato Lima, Jefinho Dias, Waldonys, Piazzito e Fabinho Salvador.<\/p>\n\n\n\n<p>Essa sele\u00e7\u00e3o de artistas, promovida pelo anfitri\u00e3o Del Feliz, levou \u00e0 pra\u00e7a Landulfo Alves, durante o s\u00e1bado (30) e o domingo (31), 45 mil pessoas, que lotaram o espa\u00e7o destinado ao evento. Quando somadas as 20 mil contabilizadas durante a abertura, no s\u00e1bado (30), o p\u00fablico chega a um total de 45 mil presentes ao longo dos dois dias \u2014 n\u00famero superior ao de moradores no munic\u00edpio, 33 mil.<\/p>\n\n\n\n<p>Um dos nomes mais esperados pelos f\u00e3s de forr\u00f3, Dorgival Dantas fez a alegria do povo com sucessos como \u2018Dest\u00e1\u2019 e \u2018Cora\u00e7\u00e3o\u2019. \u201cFiquei muito contente com o convite de Del e, agora, saio daqui ainda mais\u201d, contou Dorgival, que tamb\u00e9m fez elogios \u00e0 recep\u00e7\u00e3o jacuipense. \u201cTive uma plateia maravilhosa e que cantou mais do que eu\u201d, brincou.<\/p>\n\n\n\n<p>A iniciativa foi s\u00f3 elogios por parte, tamb\u00e9m, de Mestrinho. \u201c\u00c9 muito importante mantermos viva a cultura desse forr\u00f3 maravilhoso. Pra mim, foram uma alegria e satisfa\u00e7\u00e3o muito grandes, e eu espero voltar em breve\u201d, falou o sergipano.<\/p>\n\n\n\n<p>Sua apresenta\u00e7\u00e3o foi abrilhantada com releituras de can\u00e7\u00f5es do \u00edcone Dominguinhos, como &#8216;Tempo Menino&#8217;, em dueto com Del Feliz; e \u2018Te Fa\u00e7o um Cafun\u00e9\u2019, regravada em parceria com a cantora paulista Mariana Aydar, convidada da primeira edi\u00e7\u00e3o.<\/p>\n\n\n\n<p>Al\u00e9m dos sanfoneiros, subiram ao palco Balbino do Acordeon outros nomes de peso, como Tato, vocalista do Falamansa; o mineiro Z\u00e9 Geraldo; Adu\u00edlio Mendes, ex-Mastruz com Leite e Banda Magn\u00edficos; e Janayna Pereira, ex-Bicho de P\u00e9.<\/p>\n\n\n\n<p>\u201c\u00c9 uma festa linda, com grandes artistas, e esse movimento que est\u00e1 acontecendo aqui \u00e9 muita significativo para a hist\u00f3ria da m\u00fasica brasileira\u201d, enalteceu o estreante Tato. \u201c\u00c9 um presente que eu espero sempre fazer por merecer.\u201d<\/p>\n\n\n\n<p>Do \u2018arrast\u00e3o\u2019 ao palco \u2014 A banda Flor Serena, com sua \u2018rural el\u00e9trica\u2019, foi respons\u00e1vel pelo \u2018arrast\u00e3o\u2019 que deu in\u00edcio ao segundo dia do Festival. O momento inicial teve as ades\u00f5es dos grupos Forr\u00f3 Cabrueira, com aula de dan\u00e7a em pleno arrast\u00e3o, e Marinete do Forr\u00f3, que, desde 2016, re\u00fane mulheres tipicamente trajadas e determinadas a preservar elementos da cultura nordestina, a exemplo da literatura de cordel.<\/p>\n\n\n\n<p>A pra\u00e7a Landulfo Alves, por sua vez, sediou novamente a Feira da Agricultura Familiar (Agrifam). O fole come\u00e7ou a roncar no palco com a apresenta\u00e7\u00e3o de Emili Pinheiro. Indicada ao pr\u00eamio \u2018Revela\u00e7\u00e3o Feminina 2023\u2019 no Festival Nacional Forr\u00f3 de Ita\u00fanas, no Esp\u00edrito Santo, ela recebeu Kelvin Diniz e Paulinho Jequi\u00e9 e ainda promoveu uma intera\u00e7\u00e3o com as \u2018Marinetes\u2019, que circulavam pela pra\u00e7a num carro aleg\u00f3rico e, em seguida, subiram ao palco, para uma homenagem ao &#8216;dono da casa&#8217;, Del Feliz.<\/p>\n\n\n\n<p>Emili foi sucedida pelo pr\u00f3prio Del, que realizou apresenta\u00e7\u00f5es solo e em conjunto com os convidados Diego Silva, embaixador da cultura nordestina no Jap\u00e3o, e Paulinha Oliveira. Ainda houve espa\u00e7o para as participa\u00e7\u00f5es da francesa Delphine, a \u2018Madame Forr\u00f3\u2019; Liv Moraes, filha de Dominguinhos; Nonato Lima; Jefinho Dias; Izabelly Diniz; Vin\u00edcius Marques, e, por \u00faltimo, Os Malvadinhos do Forr\u00f3.<\/p>\n\n\n\n<p>Terceira edi\u00e7\u00e3o \u00e0 vista \u2014 Como toda despedida, a do 2\u00b0 Festival de Forr\u00f3 de Riach\u00e3o do Jacu\u00edpe poderia amargar que nem jil\u00f3. Mas ela, al\u00e9m do gostinho de \u2018quero mais\u2019, deixou a certeza de que a terceira edi\u00e7\u00e3o do evento j\u00e1 est\u00e1 bem encaminhada.<\/p>\n\n\n\n<p>Grato pela repercuss\u00e3o, Del Feliz se v\u00ea com uma responsabilidade ainda maior. \u201cJunto com a saudade, guardamos no cora\u00e7\u00e3o o tanto de coisas boas que tivemos aqui e que foi motivo de orgulho\u201d, disse o Embaixador do Forr\u00f3. \u201c&#8217;Felicidade&#8217; define esse momento, que nos deixa animados para os pr\u00f3ximos que vir\u00e3o.&#8221;<\/p>\n\n\n\n<p>O anfitri\u00e3o aproveitou para lembrar que o Festival vai muito al\u00e9m dos shows no palco Balbino do Acordeon, &#8220;Envolvemos toda a popula\u00e7\u00e3o, com a promo\u00e7\u00e3o da feira de economia criativa, mesas-redondas e oficinas em prol da salvaguarda de nosso patrim\u00f4nio cultural&#8221;, destacou. &#8220;Al\u00e9m disso, usamos tradutor de Libras e tel\u00f5es, para que pessoas com defici\u00eancia tamb\u00e9m possam aproveitar devidamente os shows.&#8221;<\/p>\n\n\n\n<p>Para o prefeito Carlos Matos, o sucesso do evento \u00e9 not\u00f3rio e pode ser constatado a partir de sua repercuss\u00e3o positiva entre a popula\u00e7\u00e3o local, turistas e forrozeiros de todo o pa\u00eds. \u201cTemos aqui uma estrutura e uma organiza\u00e7\u00e3o de qualidade, o que faz com que ele entre, de forma definitiva, n\u00e3o s\u00f3 em nosso calend\u00e1rio mas tamb\u00e9m no dos grandes festivais de m\u00fasica nacionais\u201d, afirmou o Carlos<\/p>\n","protected":false},"excerpt":{"rendered":"<p>Ao longo de dois dias, evento atraiu cerca de 45 mil pessoas, n\u00famero superior ao&#8230;<\/p>\n","protected":false},"author":18,"featured_media":13394,"comment_status":"closed","ping_status":"open","sticky":false,"template":"","format":"standard","meta":{"om_disable_all_campaigns":false,"_monsterinsights_skip_tracking":false,"_monsterinsights_sitenote_active":false,"_monsterinsights_sitenote_note":"","_monsterinsights_sitenote_category":0,"spay_email":""},"categories":[1],"tags":[],"jetpack_featured_media_url":"https:\/\/vimagazine.com.br\/wp-content\/uploads\/2024\/04\/WhatsApp-Image-2024-04-05-at-15.39.59.jpeg","_links":{"self":[{"href":"https:\/\/vimagazine.com.br\/index.php?rest_route=\/wp\/v2\/posts\/13393"}],"collection":[{"href":"https:\/\/vimagazine.com.br\/index.php?rest_route=\/wp\/v2\/posts"}],"about":[{"href":"https:\/\/vimagazine.com.br\/index.php?rest_route=\/wp\/v2\/types\/post"}],"author":[{"embeddable":true,"href":"https:\/\/vimagazine.com.br\/index.php?rest_route=\/wp\/v2\/users\/18"}],"replies":[{"embeddable":true,"href":"https:\/\/vimagazine.com.br\/index.php?rest_route=%2Fwp%2Fv2%2Fcomments&post=13393"}],"version-history":[{"count":1,"href":"https:\/\/vimagazine.com.br\/index.php?rest_route=\/wp\/v2\/posts\/13393\/revisions"}],"predecessor-version":[{"id":13395,"href":"https:\/\/vimagazine.com.br\/index.php?rest_route=\/wp\/v2\/posts\/13393\/revisions\/13395"}],"wp:featuredmedia":[{"embeddable":true,"href":"https:\/\/vimagazine.com.br\/index.php?rest_route=\/wp\/v2\/media\/13394"}],"wp:attachment":[{"href":"https:\/\/vimagazine.com.br\/index.php?rest_route=%2Fwp%2Fv2%2Fmedia&parent=13393"}],"wp:term":[{"taxonomy":"category","embeddable":true,"href":"https:\/\/vimagazine.com.br\/index.php?rest_route=%2Fwp%2Fv2%2Fcategories&post=13393"},{"taxonomy":"post_tag","embeddable":true,"href":"https:\/\/vimagazine.com.br\/index.php?rest_route=%2Fwp%2Fv2%2Ftags&post=13393"}],"curies":[{"name":"wp","href":"https:\/\/api.w.org\/{rel}","templated":true}]}}