{"id":13423,"date":"2024-04-08T23:50:48","date_gmt":"2024-04-09T02:50:48","guid":{"rendered":"https:\/\/vimagazine.com.br\/?p=13423"},"modified":"2024-04-09T00:19:45","modified_gmt":"2024-04-09T03:19:45","slug":"musical-que-encena-vida-e-carreira-de-hebe-camargo-faz-temporada-em-sao-paulo","status":"publish","type":"post","link":"https:\/\/vimagazine.com.br\/?p=13423","title":{"rendered":"<strong>Musical que encena vida e carreira de Hebe Camargo faz temporada em S\u00e3o Paulo<\/strong>"},"content":{"rendered":"\n<p class=\"has-text-align-center\"><em>Tributo \u00e0 Rainha da Televis\u00e3o Brasileira, \u201cHebe, Uma Revista Musical\u201d, fica em cartaz de mar\u00e7o a maio no Teatro Mooca<\/em><\/p>\n\n\n\n<figure class=\"wp-block-image size-large is-resized\"><img src=\"https:\/\/vimagazine.com.br\/wp-content\/uploads\/2024\/04\/Hebe_LiahLaFoto-683x1024.jpg\" alt=\"\" class=\"wp-image-13425\" width=\"929\" height=\"1393\" srcset=\"https:\/\/vimagazine.com.br\/wp-content\/uploads\/2024\/04\/Hebe_LiahLaFoto-683x1024.jpg 683w, https:\/\/vimagazine.com.br\/wp-content\/uploads\/2024\/04\/Hebe_LiahLaFoto-200x300.jpg 200w, https:\/\/vimagazine.com.br\/wp-content\/uploads\/2024\/04\/Hebe_LiahLaFoto.jpg 720w\" sizes=\"(max-width: 929px) 100vw, 929px\" \/><\/figure>\n\n\n\n<p>&nbsp;&nbsp;&nbsp;&nbsp;&nbsp;No \u00faltimo dia 8 de mar\u00e7o, o Teatro Mooca se tornou palco para uma celebra\u00e7\u00e3o \u00fanica da vida e do legado de uma das mais ic\u00f4nicas figuras da televis\u00e3o brasileira: Hebe Camargo. Com o espet\u00e1culo &#8220;Hebe, Uma Revista Musical&#8221;, o p\u00fablico ter\u00e1 a oportunidade de mergulhar nos momentos marcantes da trajet\u00f3ria dessa inesquec\u00edvel apresentadora e cantora at\u00e9 o final do m\u00eas de maio, quando se encerrar\u00e1 a temporada em S\u00e3o Paulo.<\/p>\n\n\n\n<p>&nbsp;&nbsp;&nbsp;&nbsp;&nbsp;Idealizado por Marcello Camargo, filho de Hebe, e sob a dire\u00e7\u00e3o de Allan Oliver, renomado roteirista, diretor e produtor indicado pela revista Forbes Under 30, o espet\u00e1culo promete transportar os espectadores para os momentos mais memor\u00e1veis dos programas de Hebe, incluindo suas entrevistas marcantes no &#8220;Roda Viva&#8221;, al\u00e9m de oferecer um vislumbre de sua vida pessoal. A atriz Fefa Moreira assume o papel de Hebe Camargo na fase adulta, trazendo \u00e0 vida a ess\u00eancia cativante e o carisma inigual\u00e1vel da comunicadora. Al\u00e9m disso, o espet\u00e1culo conta com a participa\u00e7\u00e3o de outros artistas renomados, como F\u00e1bio J\u00fanior, Ang\u00e9lica e Rita Lee.<\/p>\n\n\n\n<p>&nbsp;&nbsp;&nbsp;&nbsp;&nbsp;O espet\u00e1culo n\u00e3o apenas presta uma homenagem \u00e0 vida p\u00fablica de Hebe, mas tamb\u00e9m celebra sua personalidade \u00fanica e estilo inconfund\u00edvel. O figurino, composto por pe\u00e7as originais do acervo pessoal da apresentadora, \u00e9 um testemunho tang\u00edvel de sua eleg\u00e2ncia atemporal. R\u00e9plicas dos sapatos exclusivos feitos para Hebe foram confeccionadas pelo renomado designer de cal\u00e7ados Fernando Pires, enquanto o estilista de alta costura Ruy do Anjos recriou os ic\u00f4nicos vestidos usados por Hebe, incluindo pe\u00e7as inspiradas no cal\u00e7ad\u00e3o de Copacabana e no vestido de estreia de seu programa no SBT, hoje pertencente ao acervo do Museu de Arte de S\u00e3o Paulo Assis Chateaubriand &#8211; MASP. R\u00e9plicas das j\u00f3ias usadas por Hebe tamb\u00e9m foram cuidadosamente recriadas para a produ\u00e7\u00e3o, e as perucas utilizadas no espet\u00e1culo s\u00e3o cria\u00e7\u00f5es do renomado peruqueiro Andr\u00e9 Goi, garantindo que cada detalhe contribua para capturar a ess\u00eancia \u00fanica de Hebe Camargo.<\/p>\n\n\n\n<p>&nbsp;&nbsp;&nbsp;&nbsp;&nbsp;Destinado \u00e0queles que acompanharam os programas da apresentadora ao longo dos anos, &#8220;Hebe, Uma Revista Musical&#8221; \u00e9 um espet\u00e1culo in\u00e9dito, que homenageia o legado desta verdadeira rainha da televis\u00e3o brasileira e promete uma experi\u00eancia emocionante e envolvente. &#8220;Esse projeto \u00e9 muito importante para todos n\u00f3s, uma forma de levar o acervo Hebe at\u00e9 as pessoas de outras cidades. A estreia do musical n\u00e3o poderia ser em outra data, se n\u00e3o, 8 de mar\u00e7o, que \u00e9 o dia Internacional da Mulher e o anivers\u00e1rio da minha m\u00e3e&#8221;, conclui Marcello Camargo, filho \u00fanico da apresentadora.&nbsp;<\/p>\n\n\n\n<p><strong>Servi\u00e7o:<\/strong><\/p>\n\n\n\n<p><strong>Hebe, Uma Revista Musical<\/strong><\/p>\n\n\n\n<p><strong>Data:<\/strong> De 7 de mar\u00e7o a 31 de maio de 2024, todas as quintas, sextas e s\u00e1bados<\/p>\n\n\n\n<p><strong>Hor\u00e1rio: <\/strong>\u00e0s 21h<\/p>\n\n\n\n<p><strong>Local: <\/strong>Teatro Mooca &#8211; Mooca Plaza Shopping. Rua Capit\u00e3o Pacheco e Chaves, 313 &#8211; Piso L2, Vila Prudente<\/p>\n\n\n\n<p><strong>Ingressos:<\/strong> \u00e0 venda atrav\u00e9s da Sympla e Sampa Ingressos:<\/p>\n\n\n\n<ul><li>Quintas-feiras &#8211; R$ 110 (plateia) e R$ 90 (balc\u00e3o);&nbsp;<\/li><li>Sextas e S\u00e1bados &#8211; R$ 130 (plateia) e R$ 110 (balc\u00e3o)<\/li><\/ul>\n\n\n\n<p><strong>Classifica\u00e7\u00e3o indicativa:<\/strong> 12 anos&nbsp;<\/p>\n\n\n\n<p><strong>Cr\u00e9dito fotografia:<\/strong> Helena Mello<\/p>\n\n\n\n<p><\/p>\n","protected":false},"excerpt":{"rendered":"<p>Tributo \u00e0 Rainha da Televis\u00e3o Brasileira, \u201cHebe, Uma Revista Musical\u201d, fica em cartaz de mar\u00e7o&#8230;<\/p>\n","protected":false},"author":2,"featured_media":13424,"comment_status":"closed","ping_status":"open","sticky":false,"template":"","format":"standard","meta":{"om_disable_all_campaigns":false,"_monsterinsights_skip_tracking":false,"_monsterinsights_sitenote_active":false,"_monsterinsights_sitenote_note":"","_monsterinsights_sitenote_category":0,"spay_email":""},"categories":[26,1],"tags":[588,817],"jetpack_featured_media_url":"https:\/\/vimagazine.com.br\/wp-content\/uploads\/2024\/04\/HRM3_HelenaMello.1.jpeg","_links":{"self":[{"href":"https:\/\/vimagazine.com.br\/index.php?rest_route=\/wp\/v2\/posts\/13423"}],"collection":[{"href":"https:\/\/vimagazine.com.br\/index.php?rest_route=\/wp\/v2\/posts"}],"about":[{"href":"https:\/\/vimagazine.com.br\/index.php?rest_route=\/wp\/v2\/types\/post"}],"author":[{"embeddable":true,"href":"https:\/\/vimagazine.com.br\/index.php?rest_route=\/wp\/v2\/users\/2"}],"replies":[{"embeddable":true,"href":"https:\/\/vimagazine.com.br\/index.php?rest_route=%2Fwp%2Fv2%2Fcomments&post=13423"}],"version-history":[{"count":2,"href":"https:\/\/vimagazine.com.br\/index.php?rest_route=\/wp\/v2\/posts\/13423\/revisions"}],"predecessor-version":[{"id":13427,"href":"https:\/\/vimagazine.com.br\/index.php?rest_route=\/wp\/v2\/posts\/13423\/revisions\/13427"}],"wp:featuredmedia":[{"embeddable":true,"href":"https:\/\/vimagazine.com.br\/index.php?rest_route=\/wp\/v2\/media\/13424"}],"wp:attachment":[{"href":"https:\/\/vimagazine.com.br\/index.php?rest_route=%2Fwp%2Fv2%2Fmedia&parent=13423"}],"wp:term":[{"taxonomy":"category","embeddable":true,"href":"https:\/\/vimagazine.com.br\/index.php?rest_route=%2Fwp%2Fv2%2Fcategories&post=13423"},{"taxonomy":"post_tag","embeddable":true,"href":"https:\/\/vimagazine.com.br\/index.php?rest_route=%2Fwp%2Fv2%2Ftags&post=13423"}],"curies":[{"name":"wp","href":"https:\/\/api.w.org\/{rel}","templated":true}]}}