{"id":13428,"date":"2024-04-09T10:29:31","date_gmt":"2024-04-09T13:29:31","guid":{"rendered":"https:\/\/vimagazine.com.br\/?p=13428"},"modified":"2024-04-09T10:31:32","modified_gmt":"2024-04-09T13:31:32","slug":"joao-costa-e-homenageado-pela-abime-em-solenidade-na-camara-municipal-de-sao-paulo","status":"publish","type":"post","link":"https:\/\/vimagazine.com.br\/?p=13428","title":{"rendered":"Jo\u00e3o Costa \u00e9 homenageado pela ABIME em solenidade na C\u00e2mara Municipal de S\u00e3o Paulo"},"content":{"rendered":"\n<p><\/p>\n\n\n\n<p>No dia 26 de mar\u00e7o \u00e0s 18h, o Jornalista foi premiado e apadrinhou a mentora em comunica\u00e7\u00e3o, Analice Nicolau, em cerim\u00f4nia promovida pela ABIME &#8211; Associa\u00e7\u00e3o Brasileira de Imprensa de M\u00eddia Eletr\u00f4nica, Digital e Influenciadores, em solenidade no Sal\u00e3o Nobre, da C\u00e2mara Municipal da cidade de S\u00e3o Paulo.<\/p>\n\n\n\n<p>A solenidade se deu com a presen\u00e7a de autoridades e figuras representativas do Estado de S\u00e3o Paulo, dentre as quais, Vera Tabach, que \u00e9 a presidente nacional da ABIME. Na ocasi\u00e3o, a institui\u00e7\u00e3o prestou homenagem a nomes do jornalismo que fizeram e fazem a diferen\u00e7a no Estado de S\u00e3o Paulo.<\/p>\n\n\n\n<p>A ABIME atrav\u00e9s de um firme prop\u00f3sito da sua fundadora e presidente nacional, Vera Tabach e da presidente executiva da ABIME, Renata Tabach de Paiva, promoveram o VIII Pr\u00eamio de Comunica\u00e7\u00e3o. A ideia foi e \u00e9 prestigiar profissionais da imprensa, influenciadores promovendo com isso, a liberdade de imprensa, liberdade de express\u00e3o e a liberdade de pensamento a fim de combater toda e qualquer forma de desinforma\u00e7\u00e3o.<\/p>\n\n\n\n<p>Ao lado da amiga e colunista da Revista Ana Maria, Renata Barros que estava com seu esposo, Eduardo, Jo\u00e3o Costa ressaltou na sua fala inicial, \u201cque a solenidade fortalece a liberdade de imprensa e a liberdade de express\u00e3o em meio a momentos t\u00e3o dif\u00edceis\u201d.<\/p>\n\n\n\n<p>Ele disse ainda, &#8220;me sinto muito lisonjeado em ser padrinho da jornalista e mentora em comunica\u00e7\u00e3o, Analice Nicolau, que al\u00e9m de colega \u00e9 minha parceira de neg\u00f3cios. Todavia, cabe destacar, que pr\u00eamios como estes s\u00e3o fundamentais no fomento de um jornalismo s\u00e9rio, com isen\u00e7\u00e3o e na manuten\u00e7\u00e3o irrestrita da democracia como pilar da sociedade brasileira\u201d.<\/p>\n\n\n\n<p>Para Jo\u00e3o Costa, \u201co papel de um jornalista \u00e9 o de dar voz a quem n\u00e3o possui espa\u00e7o e, sobretudo defender os direitos de todos os cidad\u00e3os, garantindo e promovendo a igualdade social de todos\u201d, afirmou. <\/p>\n\n\n\n<p>O jornalista que tamb\u00e9m \u00e9 assessor de comunica\u00e7\u00e3o e de imprensa disse que, &#8220;nada do que sou e conquistei teria sido poss\u00edvel se n\u00e3o fosse a minha saudosa av\u00f3 paterna, Bras\u00edlia Maria de Jesus Costa, que neste ano completaria 102 anos&#8221;, concluiu Jo\u00e3o Costa!!&#8221;<\/p>\n\n\n\n<p>Sobre:<\/p>\n\n\n\n<p>Jo\u00e3o Costa \u00e9 Jornalista, Assessor de Comunica\u00e7\u00e3o e de Imprensa, \u00e9 Colunista de diversos ve\u00edculos e \u00e9 Membro da API &#8211; Associa\u00e7\u00e3o Paulista de Imprensa, assim como possui tamb\u00e9m, participa\u00e7\u00e3o ativa em eventos, workshops, webinars, congressos e confer\u00eancias<\/p>\n\n\n\n<p><\/p>\n\n\n\n<figure class=\"wp-container-2 wp-block-gallery-1 wp-block-gallery has-nested-images columns-default is-cropped\">\n<figure class=\"wp-block-image size-large\"><img width=\"1440\" height=\"1440\" data-id=\"13429\"  src=\"https:\/\/vimagazine.com.br\/wp-content\/uploads\/2024\/04\/WhatsApp-Image-2024-04-05-at-17.49.47.jpeg\" alt=\"\" class=\"wp-image-13429\" srcset=\"https:\/\/vimagazine.com.br\/wp-content\/uploads\/2024\/04\/WhatsApp-Image-2024-04-05-at-17.49.47.jpeg 1440w, https:\/\/vimagazine.com.br\/wp-content\/uploads\/2024\/04\/WhatsApp-Image-2024-04-05-at-17.49.47-300x300.jpeg 300w, https:\/\/vimagazine.com.br\/wp-content\/uploads\/2024\/04\/WhatsApp-Image-2024-04-05-at-17.49.47-1024x1024.jpeg 1024w, https:\/\/vimagazine.com.br\/wp-content\/uploads\/2024\/04\/WhatsApp-Image-2024-04-05-at-17.49.47-150x150.jpeg 150w, https:\/\/vimagazine.com.br\/wp-content\/uploads\/2024\/04\/WhatsApp-Image-2024-04-05-at-17.49.47-768x768.jpeg 768w\" sizes=\"(max-width: 1440px) 100vw, 1440px\" \/><\/figure>\n\n\n\n<figure class=\"wp-block-image size-large\"><img width=\"1080\" height=\"1319\" data-id=\"13430\"  src=\"https:\/\/vimagazine.com.br\/wp-content\/uploads\/2024\/04\/WhatsApp-Image-2024-04-05-at-17.49.34.jpeg\" alt=\"\" class=\"wp-image-13430\" srcset=\"https:\/\/vimagazine.com.br\/wp-content\/uploads\/2024\/04\/WhatsApp-Image-2024-04-05-at-17.49.34.jpeg 1080w, https:\/\/vimagazine.com.br\/wp-content\/uploads\/2024\/04\/WhatsApp-Image-2024-04-05-at-17.49.34-246x300.jpeg 246w, https:\/\/vimagazine.com.br\/wp-content\/uploads\/2024\/04\/WhatsApp-Image-2024-04-05-at-17.49.34-838x1024.jpeg 838w, https:\/\/vimagazine.com.br\/wp-content\/uploads\/2024\/04\/WhatsApp-Image-2024-04-05-at-17.49.34-768x938.jpeg 768w, https:\/\/vimagazine.com.br\/wp-content\/uploads\/2024\/04\/WhatsApp-Image-2024-04-05-at-17.49.34-1024x1251.jpeg 1024w\" sizes=\"(max-width: 1080px) 100vw, 1080px\" \/><\/figure>\n\n\n\n<figure class=\"wp-block-image size-large\"><img width=\"1440\" height=\"1440\" data-id=\"13431\"  src=\"https:\/\/vimagazine.com.br\/wp-content\/uploads\/2024\/04\/WhatsApp-Image-2024-04-05-at-17.48.02.jpeg\" alt=\"\" class=\"wp-image-13431\" srcset=\"https:\/\/vimagazine.com.br\/wp-content\/uploads\/2024\/04\/WhatsApp-Image-2024-04-05-at-17.48.02.jpeg 1440w, https:\/\/vimagazine.com.br\/wp-content\/uploads\/2024\/04\/WhatsApp-Image-2024-04-05-at-17.48.02-300x300.jpeg 300w, https:\/\/vimagazine.com.br\/wp-content\/uploads\/2024\/04\/WhatsApp-Image-2024-04-05-at-17.48.02-1024x1024.jpeg 1024w, https:\/\/vimagazine.com.br\/wp-content\/uploads\/2024\/04\/WhatsApp-Image-2024-04-05-at-17.48.02-150x150.jpeg 150w, https:\/\/vimagazine.com.br\/wp-content\/uploads\/2024\/04\/WhatsApp-Image-2024-04-05-at-17.48.02-768x768.jpeg 768w\" sizes=\"(max-width: 1440px) 100vw, 1440px\" \/><\/figure>\n<\/figure>\n","protected":false},"excerpt":{"rendered":"<p>No dia 26 de mar\u00e7o \u00e0s 18h, o Jornalista foi premiado e apadrinhou a mentora&#8230;<\/p>\n","protected":false},"author":1,"featured_media":13432,"comment_status":"closed","ping_status":"open","sticky":false,"template":"","format":"standard","meta":{"om_disable_all_campaigns":false,"_monsterinsights_skip_tracking":false,"_monsterinsights_sitenote_active":false,"_monsterinsights_sitenote_note":"","_monsterinsights_sitenote_category":0,"spay_email":""},"categories":[26],"tags":[],"jetpack_featured_media_url":"https:\/\/vimagazine.com.br\/wp-content\/uploads\/2024\/04\/WhatsApp-Image-2024-04-05-at-17.47.46.jpeg","_links":{"self":[{"href":"https:\/\/vimagazine.com.br\/index.php?rest_route=\/wp\/v2\/posts\/13428"}],"collection":[{"href":"https:\/\/vimagazine.com.br\/index.php?rest_route=\/wp\/v2\/posts"}],"about":[{"href":"https:\/\/vimagazine.com.br\/index.php?rest_route=\/wp\/v2\/types\/post"}],"author":[{"embeddable":true,"href":"https:\/\/vimagazine.com.br\/index.php?rest_route=\/wp\/v2\/users\/1"}],"replies":[{"embeddable":true,"href":"https:\/\/vimagazine.com.br\/index.php?rest_route=%2Fwp%2Fv2%2Fcomments&post=13428"}],"version-history":[{"count":1,"href":"https:\/\/vimagazine.com.br\/index.php?rest_route=\/wp\/v2\/posts\/13428\/revisions"}],"predecessor-version":[{"id":13433,"href":"https:\/\/vimagazine.com.br\/index.php?rest_route=\/wp\/v2\/posts\/13428\/revisions\/13433"}],"wp:featuredmedia":[{"embeddable":true,"href":"https:\/\/vimagazine.com.br\/index.php?rest_route=\/wp\/v2\/media\/13432"}],"wp:attachment":[{"href":"https:\/\/vimagazine.com.br\/index.php?rest_route=%2Fwp%2Fv2%2Fmedia&parent=13428"}],"wp:term":[{"taxonomy":"category","embeddable":true,"href":"https:\/\/vimagazine.com.br\/index.php?rest_route=%2Fwp%2Fv2%2Fcategories&post=13428"},{"taxonomy":"post_tag","embeddable":true,"href":"https:\/\/vimagazine.com.br\/index.php?rest_route=%2Fwp%2Fv2%2Ftags&post=13428"}],"curies":[{"name":"wp","href":"https:\/\/api.w.org\/{rel}","templated":true}]}}