{"id":13456,"date":"2024-04-10T13:43:25","date_gmt":"2024-04-10T16:43:25","guid":{"rendered":"https:\/\/vimagazine.com.br\/?p=13456"},"modified":"2024-04-10T13:44:39","modified_gmt":"2024-04-10T16:44:39","slug":"hospital-dona-helena-abre-inscricoes-para-pessoas-com-deficiencia-pelo-programa-entrelacos","status":"publish","type":"post","link":"https:\/\/vimagazine.com.br\/?p=13456","title":{"rendered":"Hospital Dona Helena abre inscri\u00e7\u00f5es para pessoas com defici\u00eancia pelo programa Entre&amp;La\u00e7os"},"content":{"rendered":"\n<p class=\"has-text-align-center\">Logo no primeiro dia de inscri\u00e7\u00f5es, quase 40 pessoas se candidataram \u00e0s vagas dispon\u00edveis no Programa Entre&amp;La\u00e7os do Hospital Dona Helena, de Joinville (SC). <\/p>\n\n\n\n<p class=\"has-text-align-center\">O programa lan\u00e7ado nesta semana visa preparar pessoas com defici\u00eancia para o mercado de trabalho, oferecendo oportunidades de atua\u00e7\u00e3o no hospital, e construir uma cultura inclusiva com a ades\u00e3o desses profissionais.<\/p>\n\n\n\n<p class=\"has-text-align-center\"> Novas inscri\u00e7\u00f5es de interessados podem ser feitas pelo e-mail recrutamento@donahelena.com.br ou por WhatsApp, (47) 3451-3364, ou presencialmente no Setor de Recrutamento (Rua Blumenau, 123). <\/p>\n\n\n\n<p class=\"has-text-align-center\">Os candidatos passam agora por um processo de sele\u00e7\u00e3o, e os aprovados come\u00e7am a trabalhar em junho, inicialmente por um ciclo de seis meses, com carga hor\u00e1ria reduzida.<\/p>\n\n\n\n<p class=\"has-text-align-center\">A apresenta\u00e7\u00e3o do programa reuniu cerca de 100 pessoas, no audit\u00f3rio da Associa\u00e7\u00e3o Empresarial de Joinville (Acij). <\/p>\n\n\n\n<figure class=\"wp-block-image size-large\"><img width=\"1024\" height=\"682\" src=\"https:\/\/vimagazine.com.br\/wp-content\/uploads\/2024\/04\/WhatsApp-Image-2024-04-05-at-08.52.12-1-1024x682.jpeg\" alt=\"\" class=\"wp-image-13459\" srcset=\"https:\/\/vimagazine.com.br\/wp-content\/uploads\/2024\/04\/WhatsApp-Image-2024-04-05-at-08.52.12-1-1024x682.jpeg 1024w, https:\/\/vimagazine.com.br\/wp-content\/uploads\/2024\/04\/WhatsApp-Image-2024-04-05-at-08.52.12-1-300x200.jpeg 300w, https:\/\/vimagazine.com.br\/wp-content\/uploads\/2024\/04\/WhatsApp-Image-2024-04-05-at-08.52.12-1-768x512.jpeg 768w, https:\/\/vimagazine.com.br\/wp-content\/uploads\/2024\/04\/WhatsApp-Image-2024-04-05-at-08.52.12-1.jpeg 1280w\" sizes=\"(max-width: 1024px) 100vw, 1024px\" \/><\/figure>\n\n\n\n<p class=\"has-text-align-center\">Representantes de entidades como a Associa\u00e7\u00e3o dos Deficientes F\u00edsicos (Adej) e do Conselho Municipal da Pessoa com Defici\u00eancia (Comde), al\u00e9m da prefeitura de Joinville e do Sistema Nacional de Emprego (Sine), acompanharam o lan\u00e7amento.<\/p>\n\n\n\n<p class=\"has-text-align-center\">\u201cO Dona Helena tem um compromisso com a comunidade, de dar oportunidades para as pessoas com defici\u00eancia, o que tamb\u00e9m faz com que possamos estabelecer v\u00ednculos ainda mais fortes\u201d, sublinha Jos\u00e9 Tadeu Chechi, diretor geral. \u201cPrecisamos preparar as pessoas para o mercado de trabalho t\u00e3o competitivo, desenvolvendo habilidades para que elas possam ocupar posi\u00e7\u00f5es em nossa institui\u00e7\u00e3o e nas empresas da cidade.\u201d<\/p>\n\n\n\n<p class=\"has-text-align-center\">Assessoria de imprensa Hospital Dona Helena. <\/p>\n\n\n\n<p class=\"has-text-align-center\">Jornalista respons\u00e1vel: Guilherme Diefenthaeler <\/p>\n\n\n\n<p class=\"has-text-align-center\">(reg. prof. 6207\/RS). <\/p>\n\n\n\n<p class=\"has-text-align-center\">WhatsApp (47) 98403-2745.<\/p>\n\n\n\n<figure class=\"wp-block-image size-large\"><img width=\"1024\" height=\"682\" src=\"https:\/\/vimagazine.com.br\/wp-content\/uploads\/2024\/04\/WhatsApp-Image-2024-04-05-at-08.52.12-1024x682.jpeg\" alt=\"\" class=\"wp-image-13460\" srcset=\"https:\/\/vimagazine.com.br\/wp-content\/uploads\/2024\/04\/WhatsApp-Image-2024-04-05-at-08.52.12-1024x682.jpeg 1024w, https:\/\/vimagazine.com.br\/wp-content\/uploads\/2024\/04\/WhatsApp-Image-2024-04-05-at-08.52.12-300x200.jpeg 300w, https:\/\/vimagazine.com.br\/wp-content\/uploads\/2024\/04\/WhatsApp-Image-2024-04-05-at-08.52.12-768x512.jpeg 768w, https:\/\/vimagazine.com.br\/wp-content\/uploads\/2024\/04\/WhatsApp-Image-2024-04-05-at-08.52.12.jpeg 1280w\" sizes=\"(max-width: 1024px) 100vw, 1024px\" \/><\/figure>\n","protected":false},"excerpt":{"rendered":"<p>Logo no primeiro dia de inscri\u00e7\u00f5es, quase 40 pessoas se candidataram \u00e0s vagas dispon\u00edveis no&#8230;<\/p>\n","protected":false},"author":3,"featured_media":13457,"comment_status":"closed","ping_status":"open","sticky":false,"template":"","format":"standard","meta":{"om_disable_all_campaigns":false,"_monsterinsights_skip_tracking":false,"_monsterinsights_sitenote_active":false,"_monsterinsights_sitenote_note":"","_monsterinsights_sitenote_category":0,"spay_email":""},"categories":[1],"tags":[],"jetpack_featured_media_url":"https:\/\/vimagazine.com.br\/wp-content\/uploads\/2024\/04\/WhatsApp-Image-2024-04-05-at-08.52.12-2.jpeg","_links":{"self":[{"href":"https:\/\/vimagazine.com.br\/index.php?rest_route=\/wp\/v2\/posts\/13456"}],"collection":[{"href":"https:\/\/vimagazine.com.br\/index.php?rest_route=\/wp\/v2\/posts"}],"about":[{"href":"https:\/\/vimagazine.com.br\/index.php?rest_route=\/wp\/v2\/types\/post"}],"author":[{"embeddable":true,"href":"https:\/\/vimagazine.com.br\/index.php?rest_route=\/wp\/v2\/users\/3"}],"replies":[{"embeddable":true,"href":"https:\/\/vimagazine.com.br\/index.php?rest_route=%2Fwp%2Fv2%2Fcomments&post=13456"}],"version-history":[{"count":2,"href":"https:\/\/vimagazine.com.br\/index.php?rest_route=\/wp\/v2\/posts\/13456\/revisions"}],"predecessor-version":[{"id":13461,"href":"https:\/\/vimagazine.com.br\/index.php?rest_route=\/wp\/v2\/posts\/13456\/revisions\/13461"}],"wp:featuredmedia":[{"embeddable":true,"href":"https:\/\/vimagazine.com.br\/index.php?rest_route=\/wp\/v2\/media\/13457"}],"wp:attachment":[{"href":"https:\/\/vimagazine.com.br\/index.php?rest_route=%2Fwp%2Fv2%2Fmedia&parent=13456"}],"wp:term":[{"taxonomy":"category","embeddable":true,"href":"https:\/\/vimagazine.com.br\/index.php?rest_route=%2Fwp%2Fv2%2Fcategories&post=13456"},{"taxonomy":"post_tag","embeddable":true,"href":"https:\/\/vimagazine.com.br\/index.php?rest_route=%2Fwp%2Fv2%2Ftags&post=13456"}],"curies":[{"name":"wp","href":"https:\/\/api.w.org\/{rel}","templated":true}]}}