{"id":13462,"date":"2024-04-10T14:53:33","date_gmt":"2024-04-10T17:53:33","guid":{"rendered":"https:\/\/vimagazine.com.br\/?p=13462"},"modified":"2024-04-10T14:53:36","modified_gmt":"2024-04-10T17:53:36","slug":"sandy-no-qualistage-em-12-de-abril","status":"publish","type":"post","link":"https:\/\/vimagazine.com.br\/?p=13462","title":{"rendered":"Sandy  no Qualistage em 12 de abril"},"content":{"rendered":"\n<p class=\"has-text-align-left\">Uma das mais afinadas vozes do Brasil, Sandy, que viveu momentos especiais em sua trajet\u00f3ria no ano passado, percorreu todo o pa\u00eds com seu show e realizou a sua primeira turn\u00ea internacional como cantora solo com ingressos esgotados pela Europa.<\/p>\n\n\n\n<p class=\"has-text-align-left\"> Em 2024, os f\u00e3s podem esperar por mais encontros inesquec\u00edveis.<\/p>\n\n\n\n<p class=\"has-text-align-left\"> A artista acaba de anunciar a abertura de vendas de seu show na capital carioca e em outras pra\u00e7as. <\/p>\n\n\n\n<p class=\"has-text-align-left\">A apresenta\u00e7\u00e3o acontecer\u00e1 no Qualistage, na Barra, no dia 12 de abril, para uma \u00fanica apresenta\u00e7\u00e3o.<\/p>\n\n\n\n<p class=\"has-text-align-left\">Com 34 anos de carreira, a artista que \u00e9 reconhecida por sua voz e seu talento como compositora, em 2024 assume novamente a dire\u00e7\u00e3o art\u00edstica de sua turn\u00ea.<\/p>\n\n\n\n<p class=\"has-text-align-left\">A veterana do show business chama para si a responsabilidade de levar ao palco toda uma atmosfera intimista, com o intuito de se sentir o mais pr\u00f3xima poss\u00edvel de sua plateia, sempre fiel.<\/p>\n\n\n\n<p class=\"has-text-align-left\">Com cerca de uma hora e meia de espet\u00e1culo, sempre permeado por bel\u00edssima cenografia, cuidadoso desenho de luz e sonoridade impec\u00e1vel, o set list tamb\u00e9m fica \u00e0 altura.<\/p>\n\n\n\n<p class=\"has-text-align-left\"> A escolha, sempre certeira das can\u00e7\u00f5es ecoam como &#8220;hinos&#8221; na plateia contagiada. Sucessos como &#8220;Me Espera&#8221;, &#8220;Aquela dos 30&#8221;, &#8220;Respirar&#8221;, &#8220;Pra Me Refazer&#8221;, &#8220;Perdida e Salva&#8221;, &#8220;P\u00e9s Cansados&#8221;, can\u00e7\u00f5es que ganharam vers\u00f5es especiais na voz de Sandy, como \u201cLugar ao sol\u201d, de Charlie Brown Jr. e \u201cTemporal\u201d, de Pitty, al\u00e9m, claro de algum hit da \u00e9poca de Sandy e Junior que nunca pode ficar de fora.<\/p>\n\n\n\n<p class=\"has-text-align-left\">Novas datas e shows ser\u00e3o sempre anunciadas pelos canais oficiais da artista. Para mais informa\u00e7\u00f5es, acesse&nbsp;<a href=\"http:\/\/www.sandyoficial.com.br\/\" target=\"_blank\" rel=\"noreferrer noopener\">www.sandyoficial.com.br<\/a>.<\/p>\n\n\n\n<p class=\"has-text-align-left\"><strong>SANDY<\/strong><\/p>\n\n\n\n<p><strong>Data: 12 de abril \/ sexta<\/strong><\/p>\n\n\n\n<p>Show \u00e0s 21h30<\/p>\n\n\n\n<p>Abertura da casa: 19h30<\/p>\n\n\n\n<p>Local: Qualistage &nbsp;<\/p>\n\n\n\n<p>Av. Ayrton Senna, 3000 &#8211; Barra da Tijuca \u2013 RJ<\/p>\n\n\n\n<p>Classifica\u00e7\u00e3o et\u00e1ria: 18 anos. Menores de 18 anos acompanhados dos respons\u00e1veis legais<\/p>\n\n\n\n<p>Venda:&nbsp;<a href=\"https:\/\/www.ticketmaster.com.br\/event\/sandy\" target=\"_blank\" rel=\"noreferrer noopener\">https:\/\/www.ticketmaster.com.br\/event\/sandy<\/a><\/p>\n\n\n\n<p>Bilheteria Oficial<br>Shopping Via Parque &#8211; Av. Ayrton Senna, 3000 &#8211; Barra da Tijuca &#8211; RJ<br>Segunda a S\u00e1bado das 11h \u00e0s 20h<br>Domingo e Feriados das 13h \u00e0s 20h<\/p>\n\n\n\n<p>Em dias de shows o hor\u00e1rio de atendimento sofre altera\u00e7\u00f5es. Confira a programa\u00e7\u00e3o do local.<\/p>\n\n\n\n<figure class=\"wp-block-table\"><table><tbody><tr><td>SETOR<\/td><td>INTEIRA<\/td><td>MEIA ENTRADA<\/td><\/tr><tr><td>MESAS SETOR 1<\/td><td>R$ 490,00<\/td><td>R$ 245,00<\/td><\/tr><tr><td>MESAS SETOR 2<\/td><td>R$ 390,00<\/td><td>R$ 195,00<\/td><\/tr><tr><td>MESAS SETOR 3<\/td><td>R$ 260,00<\/td><td>R$ 130,00<\/td><\/tr><tr><td>MESAS SETOR 4<\/td><td>R$ 230,00<\/td><td>R$ 115,00<\/td><\/tr><tr><td>MESAS SETOR 5<\/td><td>R$ 180,00<\/td><td>R$ 90,00<\/td><\/tr><tr><td>CAMAROTE A<\/td><td>R$ 490,00<\/td><td>R$ 245,00<\/td><\/tr><tr><td>CAMAROTE B<\/td><td>R$ 420,00<\/td><td>R$ 210,00<\/td><\/tr><tr><td>CAMAROTE C<\/td><td>R$ 420,00<\/td><td>R$ 210,00<\/td><\/tr><tr><td>POLTRONAS<\/td><td>R$ 230,00<\/td><td>R$ 115,00<\/td><\/tr><\/tbody><\/table><\/figure>\n\n\n\n<p>Meia entrada: A meia entrada \u00e9 destinada para estudantes, jovens at\u00e9 21 anos, jovens de baixa renda, professores, pessoas acima de 60 anos e PCD<\/p>\n\n\n\n<p>Capacidade da casa:&nbsp;9 mil pessoas em p\u00e9 ou 3.500 sentadas &nbsp;&nbsp;<\/p>\n\n\n\n<p>Informa\u00e7\u00f5es: &nbsp;<a href=\"https:\/\/qualistage.com.br\/\" target=\"_blank\" rel=\"noreferrer noopener\">https:\/\/qualistage.com.br\/<\/a>&nbsp;<\/p>\n\n\n\n<figure class=\"wp-block-image is-resized\"><img src=\"https:\/\/mail.google.com\/mail\/u\/0?ui=2&amp;ik=c5e69fea02&amp;attid=0.0.1&amp;permmsgid=msg-f:1794899608459574877&amp;th=18e8c3af21b87e5d&amp;view=fimg&amp;fur=ip&amp;sz=s0-l75-ft&amp;attbid=ANGjdJ_OtBA52s-eTDuMAm6g8IOkms820RtGjMrfrtN1i35lQroewHOkN1RmepEfYCPTw3A1SATW9dLM_7O85pk6N_ckjZno-1GW-Te1Tki5Ln8Jj7OZZHcsvbZjZWw&amp;disp=emb\" alt=\"\" width=\"88\" height=\"70\" \/><\/figure>\n\n\n\n<p><strong>Rozangela Silva<\/strong><\/p>\n\n\n\n<p><strong>Assessora de Comunica\u00e7\u00e3o Integrada<\/strong><\/p>\n\n\n\n<p><a href=\"mailto:rozangelasilva@btcom.com.br\" target=\"_blank\" rel=\"noreferrer noopener\">rozangelasilva@btcom.com.br<\/a><\/p>\n\n\n\n<p>Tel (21) 99998 1802<\/p>\n\n\n\n<p>Site:&nbsp;<a href=\"http:\/\/www.btcom.com.br\/\" target=\"_blank\" rel=\"noreferrer noopener\">www.btcom.com.br<\/a><\/p>\n\n\n\n<p>Instagram:&nbsp;<a href=\"http:\/\/www.instagram.com\/btcomunicacao\" target=\"_blank\" rel=\"noreferrer noopener\">www.instagram.com\/btcomunicacao<\/a><\/p>\n","protected":false},"excerpt":{"rendered":"<p>Uma das mais afinadas vozes do Brasil, Sandy, que viveu momentos especiais em sua trajet\u00f3ria&#8230;<\/p>\n","protected":false},"author":3,"featured_media":13463,"comment_status":"closed","ping_status":"open","sticky":false,"template":"","format":"standard","meta":{"om_disable_all_campaigns":false,"_monsterinsights_skip_tracking":false,"_monsterinsights_sitenote_active":false,"_monsterinsights_sitenote_note":"","_monsterinsights_sitenote_category":0,"spay_email":""},"categories":[1],"tags":[],"jetpack_featured_media_url":"https:\/\/vimagazine.com.br\/wp-content\/uploads\/2024\/04\/Sandy-Creditos-Noely-Lima-e1712771445569.jpg","_links":{"self":[{"href":"https:\/\/vimagazine.com.br\/index.php?rest_route=\/wp\/v2\/posts\/13462"}],"collection":[{"href":"https:\/\/vimagazine.com.br\/index.php?rest_route=\/wp\/v2\/posts"}],"about":[{"href":"https:\/\/vimagazine.com.br\/index.php?rest_route=\/wp\/v2\/types\/post"}],"author":[{"embeddable":true,"href":"https:\/\/vimagazine.com.br\/index.php?rest_route=\/wp\/v2\/users\/3"}],"replies":[{"embeddable":true,"href":"https:\/\/vimagazine.com.br\/index.php?rest_route=%2Fwp%2Fv2%2Fcomments&post=13462"}],"version-history":[{"count":1,"href":"https:\/\/vimagazine.com.br\/index.php?rest_route=\/wp\/v2\/posts\/13462\/revisions"}],"predecessor-version":[{"id":13464,"href":"https:\/\/vimagazine.com.br\/index.php?rest_route=\/wp\/v2\/posts\/13462\/revisions\/13464"}],"wp:featuredmedia":[{"embeddable":true,"href":"https:\/\/vimagazine.com.br\/index.php?rest_route=\/wp\/v2\/media\/13463"}],"wp:attachment":[{"href":"https:\/\/vimagazine.com.br\/index.php?rest_route=%2Fwp%2Fv2%2Fmedia&parent=13462"}],"wp:term":[{"taxonomy":"category","embeddable":true,"href":"https:\/\/vimagazine.com.br\/index.php?rest_route=%2Fwp%2Fv2%2Fcategories&post=13462"},{"taxonomy":"post_tag","embeddable":true,"href":"https:\/\/vimagazine.com.br\/index.php?rest_route=%2Fwp%2Fv2%2Ftags&post=13462"}],"curies":[{"name":"wp","href":"https:\/\/api.w.org\/{rel}","templated":true}]}}