{"id":13477,"date":"2024-04-11T16:00:13","date_gmt":"2024-04-11T19:00:13","guid":{"rendered":"https:\/\/vimagazine.com.br\/?p=13477"},"modified":"2024-04-11T16:00:14","modified_gmt":"2024-04-11T19:00:14","slug":"patio-batel-realiza-primeira-edicao-do-pbfw-talks-com-alice-ferraz-fiorella-mattheis-mica-rocha-e-grandes-nomes-da-moda-no-brasil","status":"publish","type":"post","link":"https:\/\/vimagazine.com.br\/?p=13477","title":{"rendered":"P\u00e1tio Batel realiza primeira edi\u00e7\u00e3o do PBFW Talks com Alice Ferraz, Fiorella Mattheis, Mica Rocha e grandes nomes da moda no Brasil"},"content":{"rendered":"\n<p><\/p>\n\n\n\n<p><\/p>\n\n\n\n<p class=\"has-medium-font-size\"><em><strong>Evento nos dias 24 e 25 de abril promove uma imers\u00e3o em tend\u00eancia e comportamento no mundo da moda; ingressos j\u00e1 est\u00e3o dispon\u00edveis\u00a0<\/strong><\/em><\/p>\n\n\n\n<p>A moda \u00e9 celebrada a partir das vis\u00f5es de mundo dos seus criadores. Dessa maneira, o P\u00e1tio Batel Fashion Walk (PBFW) foi consolidado atrav\u00e9s dos anos, trazendo diferentes pontos de vista em um&nbsp;<em>showcase<\/em>&nbsp;de marcas locais, nacionais e internacionais. Para ampliar a discuss\u00e3o em torno do universo&nbsp;<em>fashion<\/em>, o shopping realiza, entre os dias 24 e 25 de abril o primeiro&nbsp;<strong>PBFW Edi\u00e7\u00e3o Talks<\/strong>: evento focado em trazer conte\u00fado de moda.<\/p>\n\n\n\n<p>A novidade, como diz o nome, \u00e9 uma extens\u00e3o do j\u00e1 conhecido e consolidado&nbsp;<strong>PFBW<\/strong>, e re\u00fane grandes nomes da ind\u00fastria da moda no Brasil. &#8220;A moda \u00e9 um dos pilares do P\u00e1tio Batel. Com o sucesso que tivemos no retorno do PBFW no \u00faltimo ano, criar uma amplia\u00e7\u00e3o dele \u2013 agora em formato de&nbsp;<em>talks<\/em>&nbsp;\u2013 tem o objetivo de complementar a grade de eventos no pilar de moda no primeiro semestre&#8221;, conta Camila Seleme Fleischfresser, head de marketing do P\u00e1tio Batel.<\/p>\n\n\n\n<p>Os temas da programa\u00e7\u00e3o s\u00e3o variados, comenta Camila, justamente para contemplar abordagens relevantes dentro do tema. &#8220;O PBFW Talks \u00e9 um evento amplo recomendado para todos os entusiastas do mundo da moda. Estamos trazendo alguns dos nomes que movimentam o setor no Brasil, em dois dias muito especiais&#8221;, comenta.<\/p>\n\n\n\n<p><strong>Grandes nomes da moda j\u00e1 confirmados<\/strong><\/p>\n\n\n\n<p>Com uma programa\u00e7\u00e3o de dois dias, a novidade j\u00e1 tem a presen\u00e7a confirmada de&nbsp;<strong>Alice Ferraz<\/strong>, CEO do&nbsp;<strong>Fhits<\/strong>;&nbsp;<strong>Mica Rocha<\/strong>, influenciadora e empres\u00e1ria;&nbsp;<strong>Luanna Toniolo<\/strong>, especialista em moda sustent\u00e1vel e CEO da&nbsp;<strong>TROC<\/strong>;&nbsp;<strong>Fiorella Mattheis&nbsp;<\/strong>(participa\u00e7\u00e3o on-line), modelo, apresentadora, atriz e fundadora da marca&nbsp;<strong>Gringa<\/strong>;&nbsp;<strong>Mariana Santiloni<\/strong>, Manager of Customer Experience Latin America &amp; Trend Specialist na&nbsp;<strong>WGSN<\/strong>&nbsp;em LATAM;&nbsp;<strong>Augusto Mariotti<\/strong>&nbsp;e&nbsp;<strong>Camila Yahn<\/strong>, curadores do site&nbsp;<strong>FFW<\/strong>;&nbsp;<strong>Dani Gontijo<\/strong>, country manager da&nbsp;<strong>Louis Vuitton<\/strong>; e&nbsp;<strong>Maria Dolores<\/strong>, designer de joias.&nbsp;<\/p>\n\n\n\n<p>O PBFW Edi\u00e7\u00e3o Talks tem in\u00edcio a partir das 18h, no \u00e1trio do Piso L1. A expectativa \u00e9 receber 300 pessoas por dia. Os ingressos j\u00e1 est\u00e3o \u00e0 venda pelo site do P\u00e1tio Batel, podendo ser adquiridos por dia.<\/p>\n\n\n\n<figure class=\"wp-block-image size-large\"><img width=\"1024\" height=\"749\" src=\"https:\/\/vimagazine.com.br\/wp-content\/uploads\/2024\/04\/31e5f82b-c26f-49db-9d0f-dcff9089f859-1024x749.jpg\" alt=\"\" class=\"wp-image-13478\" srcset=\"https:\/\/vimagazine.com.br\/wp-content\/uploads\/2024\/04\/31e5f82b-c26f-49db-9d0f-dcff9089f859-1024x749.jpg 1024w, https:\/\/vimagazine.com.br\/wp-content\/uploads\/2024\/04\/31e5f82b-c26f-49db-9d0f-dcff9089f859-300x219.jpg 300w, https:\/\/vimagazine.com.br\/wp-content\/uploads\/2024\/04\/31e5f82b-c26f-49db-9d0f-dcff9089f859-768x562.jpg 768w, https:\/\/vimagazine.com.br\/wp-content\/uploads\/2024\/04\/31e5f82b-c26f-49db-9d0f-dcff9089f859-1536x1124.jpg 1536w, https:\/\/vimagazine.com.br\/wp-content\/uploads\/2024\/04\/31e5f82b-c26f-49db-9d0f-dcff9089f859.jpg 1542w\" sizes=\"(max-width: 1024px) 100vw, 1024px\" \/><\/figure>\n\n\n\n<p><\/p>\n\n\n\n<p class=\"has-medium-font-size\"><strong>Confira a programa\u00e7\u00e3o completa:<\/strong><\/p>\n\n\n\n<p><strong>Quarta-feira (24):<\/strong><\/p>\n\n\n\n<p>Alice Ferraz: &#8220;Quiet Luxury: A era do luxo discreto&#8221;;<\/p>\n\n\n\n<p>Fiorella Mattheis (on-line) e Luanna Toniolo sob media\u00e7\u00e3o de Lais Machado: &#8220;A versatilidade de um closet circular e inteligente&#8221;;<\/p>\n\n\n\n<p>Augusto Mariotti e Camila Yahn, do FFW: &#8220;comunica\u00e7\u00e3o na moda em tempos de intelig\u00eancia artificial&#8221;.<\/p>\n\n\n\n<p><strong>Quinta-feira (25):<\/strong><\/p>\n\n\n\n<p>Mica Rocha, Maria Dolores e Pedro Mafra: &#8220;Acess\u00f3rios como indicadores de estilo&#8221;;<\/p>\n\n\n\n<p>Mariana Santiloni, do WGSN: &#8220;Novas perspectivas sobre tend\u00eancias&#8221;;<\/p>\n\n\n\n<p>Dani Gontijo e Alice Ferraz: &#8220;O novo significado da palavra luxo&#8221;.<\/p>\n\n\n\n<p><strong>Servi\u00e7o<\/strong><\/p>\n\n\n\n<p>PBFW &#8211; Edi\u00e7\u00e3o Talks<\/p>\n\n\n\n<p>24 e 25 de abril, a partir das 18h<\/p>\n\n\n\n<p>Ingressos: R$ 120 por dia&nbsp;<\/p>\n\n\n\n<p>Onde comprar: patiobatel.com.br\/pbfwtalks<\/p>\n\n\n\n<p>Endere\u00e7o: P\u00e1tio Batel &#8211; Av. do Batel, 1868 &#8211; Batel &#8211; \u00c1trio do Piso L1<\/p>\n\n\n\n<p><strong>Sobre o P\u00e1tio Batel<\/strong><\/p>\n\n\n\n<p>Entretenimento, cultura, lazer e compras em um lugar \u00fanico inspirado no charme da inova\u00e7\u00e3o curitibana. O P\u00e1tio Batel \u00e9 o \u00fanico shopping de luxo do Sul do Brasil, contando com aproximadamente 190 estabelecimentos, sendo 83 lojas exclusivas, como Prada, Burberry, Gucci, Louis Vuitton e Tiffany &amp; Co, al\u00e9m de ser o primeiro do segmento a criar seu pr\u00f3prio laborat\u00f3rio de produ\u00e7\u00e3o de conte\u00fado in-house, o Content Lab. Em seus dez anos de hist\u00f3ria, a marca P\u00e1tio Batel se posiciona como luxo na experi\u00eancia, onde a sofistica\u00e7\u00e3o reside no conhecimento, cuidado e viv\u00eancia.<\/p>\n\n\n\n<p><\/p>\n\n\n\n<figure class=\"wp-block-image size-large\"><img width=\"1024\" height=\"766\" src=\"https:\/\/vimagazine.com.br\/wp-content\/uploads\/2024\/04\/91d25c2c-dead-4bbe-88ee-749f51cf2a42-1024x766.jpg\" alt=\"\" class=\"wp-image-13479\" srcset=\"https:\/\/vimagazine.com.br\/wp-content\/uploads\/2024\/04\/91d25c2c-dead-4bbe-88ee-749f51cf2a42-1024x766.jpg 1024w, https:\/\/vimagazine.com.br\/wp-content\/uploads\/2024\/04\/91d25c2c-dead-4bbe-88ee-749f51cf2a42-300x224.jpg 300w, https:\/\/vimagazine.com.br\/wp-content\/uploads\/2024\/04\/91d25c2c-dead-4bbe-88ee-749f51cf2a42-768x574.jpg 768w, https:\/\/vimagazine.com.br\/wp-content\/uploads\/2024\/04\/91d25c2c-dead-4bbe-88ee-749f51cf2a42.jpg 1530w\" sizes=\"(max-width: 1024px) 100vw, 1024px\" \/><\/figure>\n","protected":false},"excerpt":{"rendered":"<p>Evento nos dias 24 e 25 de abril promove uma imers\u00e3o em tend\u00eancia e comportamento&#8230;<\/p>\n","protected":false},"author":1,"featured_media":13480,"comment_status":"closed","ping_status":"open","sticky":false,"template":"","format":"standard","meta":{"om_disable_all_campaigns":false,"_monsterinsights_skip_tracking":false,"_monsterinsights_sitenote_active":false,"_monsterinsights_sitenote_note":"","_monsterinsights_sitenote_category":0,"spay_email":""},"categories":[27,1],"tags":[],"jetpack_featured_media_url":"https:\/\/vimagazine.com.br\/wp-content\/uploads\/2024\/04\/3f50bd33-6e84-4d79-a3cd-0bc5b1e4f230-1.jpeg","_links":{"self":[{"href":"https:\/\/vimagazine.com.br\/index.php?rest_route=\/wp\/v2\/posts\/13477"}],"collection":[{"href":"https:\/\/vimagazine.com.br\/index.php?rest_route=\/wp\/v2\/posts"}],"about":[{"href":"https:\/\/vimagazine.com.br\/index.php?rest_route=\/wp\/v2\/types\/post"}],"author":[{"embeddable":true,"href":"https:\/\/vimagazine.com.br\/index.php?rest_route=\/wp\/v2\/users\/1"}],"replies":[{"embeddable":true,"href":"https:\/\/vimagazine.com.br\/index.php?rest_route=%2Fwp%2Fv2%2Fcomments&post=13477"}],"version-history":[{"count":1,"href":"https:\/\/vimagazine.com.br\/index.php?rest_route=\/wp\/v2\/posts\/13477\/revisions"}],"predecessor-version":[{"id":13481,"href":"https:\/\/vimagazine.com.br\/index.php?rest_route=\/wp\/v2\/posts\/13477\/revisions\/13481"}],"wp:featuredmedia":[{"embeddable":true,"href":"https:\/\/vimagazine.com.br\/index.php?rest_route=\/wp\/v2\/media\/13480"}],"wp:attachment":[{"href":"https:\/\/vimagazine.com.br\/index.php?rest_route=%2Fwp%2Fv2%2Fmedia&parent=13477"}],"wp:term":[{"taxonomy":"category","embeddable":true,"href":"https:\/\/vimagazine.com.br\/index.php?rest_route=%2Fwp%2Fv2%2Fcategories&post=13477"},{"taxonomy":"post_tag","embeddable":true,"href":"https:\/\/vimagazine.com.br\/index.php?rest_route=%2Fwp%2Fv2%2Ftags&post=13477"}],"curies":[{"name":"wp","href":"https:\/\/api.w.org\/{rel}","templated":true}]}}