{"id":13483,"date":"2024-04-11T20:03:55","date_gmt":"2024-04-11T23:03:55","guid":{"rendered":"https:\/\/vimagazine.com.br\/?p=13483"},"modified":"2024-04-11T20:05:07","modified_gmt":"2024-04-11T23:05:07","slug":"uma-das-maiores-distribuidoras-de-acos-especiais-do-sul-do-brasil-realiza-palestra-internacional-em-sua-unidade-de-araquari-sc","status":"publish","type":"post","link":"https:\/\/vimagazine.com.br\/?p=13483","title":{"rendered":"Uma das maiores distribuidoras de a\u00e7os especiais do Sul do Brasil, realiza palestra internacional em sua unidade de Araquari \u2013 SC."},"content":{"rendered":"\n<p class=\"has-text-align-center\"><strong><em>Filial da Diferro em Araquari SC, ir\u00e1 fornecer treinamento para seus colaboradores, al\u00e9m de palestras internacionais com profissionais da&nbsp;<\/em><em>NLMK Verona, localizada no norte da It\u00e1lia.<\/em><\/strong><\/p>\n\n\n\n<p class=\"has-text-align-center\">&nbsp;&nbsp;&nbsp;&nbsp;&nbsp;&nbsp;&nbsp;&nbsp;&nbsp;&nbsp;&nbsp;&nbsp;&nbsp;&nbsp; No dia 18 de abril, quinta-feira, a partir das 19h, a filial da Diferro, em Araquari, norte catarinense, recebe em suas instala\u00e7\u00f5es, profissionais da NLMK Verona, norte da It\u00e1lia, para ministrarem, para convidados e imprensa, palestras sobre as principais tend\u00eancias globais da ind\u00fastria de a\u00e7os especiais com foco na Ferramentaria, seguido de jantar.<\/p>\n\n\n\n<p class=\"has-text-align-center\">A NLMK, tamb\u00e9m possui plantas na B\u00e9lgica, Dinamarca e na Fran\u00e7a, a produ\u00e7\u00e3o italiana \u00e9 de 450.000 toneladas de produtos por ano, somando com as outras unidades na Europa, chegam a 3,1 milh\u00f5es de toneladas de produtos sider\u00fargicos de valor agregado por ano.<\/p>\n\n\n\n<p class=\"has-text-align-center\">&nbsp;&nbsp;&nbsp;&nbsp;&nbsp;&nbsp;&nbsp;&nbsp;&nbsp;&nbsp;&nbsp;&nbsp;&nbsp;&nbsp; A busca de conhecimento tamb\u00e9m \u00e9 uma das caracter\u00edsticas culturais enraizadas na Diferro, sempre buscando estar \u00e0 frente das novas tecnologias e das principais tend\u00eancias do mercado. <\/p>\n\n\n\n<p class=\"has-text-align-center\">Com o crescimento cont\u00ednuo e ser um catalizador de novas oportunidades para seus colaboradores, fornecedores e investidores, indo de encontro com os valores de inova\u00e7\u00e3o e satisfa\u00e7\u00e3o do p\u00fablico final.<\/p>\n\n\n\n<p class=\"has-text-align-center\">&nbsp;&nbsp;&nbsp;&nbsp;&nbsp;&nbsp;&nbsp;&nbsp;&nbsp;&nbsp;&nbsp;&nbsp;&nbsp;&nbsp; Com sede em Caxias do Sul e filiais em Cachoeirinha tamb\u00e9m no RS e Araquari SC, a Diferro comercializa a\u00e7os para constru\u00e7\u00e3o mec\u00e2nica, perfis pesados, tubos mec\u00e2nicos, arame para solda, a\u00e7os para moldes, ferramentas de corte e estampagem para a ind\u00fastria.<\/p>\n\n\n\n<p class=\"has-text-align-center\">Fundada em agosto de 1984, a Diferro posiciona-se entre as maiores distribuidoras de a\u00e7os especiais do Sul do Brasil.<\/p>\n\n\n\n<p class=\"has-text-align-center\">Al\u00e9m de ser refer\u00eancia em distribui\u00e7\u00e3o de a\u00e7os especiais, a Diferro destaca-se na reciclagem de metais, possuindo uma unidade espec\u00edfica para essa a\u00e7\u00e3o, considerando que o a\u00e7o \u00e9 um material 100% recicl\u00e1vel.&nbsp;Todas&nbsp;as unidades da Diferro atendem a legisla\u00e7\u00e3o vigente no que se refere ao meio ambiente.<\/p>\n\n\n\n<p class=\"has-text-align-center\">Desta forma s\u00e3o licenciadas pelos \u00f3rg\u00e3os ambientais e possuem as licen\u00e7as de opera\u00e7\u00e3o cumprindo os requisitos exigidos nas mesmas, devido \u00e0 preocupa\u00e7\u00e3o da empresa com a qualidade nos processos, a&nbsp;Diferro A\u00e7os Especiais conta com a certifica\u00e7\u00e3o ISO 9001, ISO 14001 e ISO 45001.<\/p>\n\n\n\n<p class=\"has-text-align-center\">A Diferro A\u00e7os Especiais ir\u00e1 completar 40 anos em agosto, a empresa foi fundada em 1984, e tem em sua presid\u00eancia Adelar Santarem e na dire\u00e7\u00e3o executiva Jaqueline Santarem, a mesma&nbsp;foi reconhecida pelo&nbsp;\u201cDestaque do A\u00e7o de 2023\u201d, sendo aprimeira mulher a conquistar esta distin\u00e7\u00e3o&nbsp;sobre o setor do a\u00e7o.<\/p>\n\n\n\n<p class=\"has-text-align-center\">Desde 1975, o pr\u00eamio&nbsp;\u201cHomem do A\u00e7o\u201d&nbsp;\u00e9 concedido anualmente pela Associa\u00e7\u00e3o do A\u00e7o do Rio Grande do Sul (AARS)&nbsp;a grandes nomes do meio, que atuam diariamente para o desenvolvimento da ind\u00fastria e do mercado do a\u00e7o.<\/p>\n\n\n\n<figure class=\"wp-block-image aligncenter size-full\"><img width=\"905\" height=\"615\" src=\"https:\/\/vimagazine.com.br\/wp-content\/uploads\/2024\/04\/c9310e38-330b-4621-891c-971a723d8d59.jpg\" alt=\"\" class=\"wp-image-13485\" srcset=\"https:\/\/vimagazine.com.br\/wp-content\/uploads\/2024\/04\/c9310e38-330b-4621-891c-971a723d8d59.jpg 905w, https:\/\/vimagazine.com.br\/wp-content\/uploads\/2024\/04\/c9310e38-330b-4621-891c-971a723d8d59-300x204.jpg 300w, https:\/\/vimagazine.com.br\/wp-content\/uploads\/2024\/04\/c9310e38-330b-4621-891c-971a723d8d59-768x522.jpg 768w\" sizes=\"(max-width: 905px) 100vw, 905px\" \/><\/figure>\n\n\n\n<p class=\"has-text-align-center\">Em 2023, com a homenagem \u00e0 Jaqueline&nbsp;e aos 60 anos da AARS,&nbsp;o pr\u00eamio \u00e9 justamente renomeado para&nbsp;\u201cDestaques do A\u00e7o\u201d,&nbsp;para falar sobre a sua dedica\u00e7\u00e3o e os grandes avan\u00e7os e expans\u00f5es da Diferro.<\/p>\n\n\n\n<p class=\"has-text-align-center\">Ou seja, em 48 anos<em>, Jaqueline Santarem \u00e9 a primeira mulher a conquistar esta distin\u00e7\u00e3o.<\/em><\/p>\n\n\n\n<p class=\"has-text-align-center\">&nbsp;&nbsp;&nbsp;&nbsp;&nbsp;&nbsp;&nbsp;&nbsp;&nbsp;&nbsp;&nbsp;&nbsp;&nbsp;&nbsp; A Diferro A\u00e7os Especiais em sua estrat\u00e9gia de expans\u00e3o, atuando diariamente na comercializa\u00e7\u00e3o e distribui\u00e7\u00e3o eficiente de materiais met\u00e1licos de qualidade, inaugurou o parque fabril da&nbsp;Diferro Araquari&nbsp;em 2023, depois de 28 anos em Joinville, presentes assim, em mais um ponto no mapa,&nbsp;a nova unidade conta com \u00f3tima estrutura, com pavilh\u00f5es planejados e um maquin\u00e1rio moderno e, dessa forma, consegue-se atender com mais precis\u00e3o a demanda por a\u00e7os de clientes, levando o material para dist\u00e2ncias maiores.  <\/p>\n\n\n\n<p class=\"has-text-align-center\">Alinhando experi\u00eancia, conhecimento e processos de ponta, sendo um dos maiores centros de distribui\u00e7\u00e3o e corte de a\u00e7os do Brasil.<\/p>\n\n\n\n<p class=\"has-text-align-center\">A unidade \u00e9 liderada pelo gestor Fernando Holtz e pelo coordenador comercial Roney Sutter,&nbsp;que comanda uma vasta equipe, composta por vendedores e representantes, fornecendo uma ampla gama de a\u00e7os para diversos segmentos industriais.<\/p>\n\n\n\n<p class=\"has-text-align-center\"><strong>Temas Abordados e&nbsp;<\/strong><strong>Palestrantes Convidados &nbsp;<\/strong><\/p>\n\n\n\n<p class=\"has-text-align-center\">\u2013 Uma vis\u00e3o geral do mercado de a\u00e7os ferramenta, abrangendo tanto o cen\u00e1rio global quanto o brasileiro;<\/p>\n\n\n\n<p class=\"has-text-align-center\">\u2013 Principais impulsionadores do mercado de a\u00e7os especiais;<\/p>\n\n\n\n<p class=\"has-text-align-center\">\u2013 O papel de ind\u00fastria automotiva brasileira como um dos principais influenciadores;<\/p>\n\n\n\n<p class=\"has-text-align-center\">\u2013 Tend\u00eancias emergentes, como ve\u00edculos el\u00e9tricos, impactos da China, entre outros.<\/p>\n\n\n\n<p class=\"has-text-align-center\"><strong>Luca Font\u00f2<\/strong><\/p>\n\n\n\n<p class=\"has-text-align-center\">Metalurgista, diretor de vendas de a\u00e7os especiais da NLMK Europa<\/p>\n\n\n\n<p class=\"has-text-align-center\">Experi\u00eancia em processos sider\u00fargicos em geral, forjaria, tratamentos t\u00e9rmicos, etc.<\/p>\n\n\n\n<p class=\"has-text-align-center\">Respons\u00e1vel global pela divis\u00e3o comercial de a\u00e7os ferramenta da usina NLMK Verona.<\/p>\n\n\n\n<p class=\"has-text-align-center\"><strong>Daniele Bindoni<\/strong><\/p>\n\n\n\n<p class=\"has-text-align-center\">Respons\u00e1vel comercial de a\u00e7os ferramenta da usina NLMK Verona para a \u00c1sia e Am\u00e9ricas.<\/p>\n\n\n\n<p class=\"has-text-align-center\"><strong>Alberto Medeghini<\/strong><\/p>\n\n\n\n<p class=\"has-text-align-center\">Gerente t\u00e9cnico de suporte ao cliente da usina NLMK Verona.<\/p>\n\n\n\n<p class=\"has-text-align-center\"><strong>Klaudiusz Raszka<\/strong><\/p>\n\n\n\n<p class=\"has-text-align-center\">Gerente de intelig\u00eancia e desenvolvimento de neg\u00f3cios \u2013 NLMK Europa.<\/p>\n\n\n\n<p class=\"has-text-align-center\">Mestre em metalurgia e materiais, com experi\u00eancia pr\u00e9via como analista s\u00eanior e engenheiro de manufatura<\/p>\n\n\n\n<p class=\"has-text-align-center\"><strong>Servi\u00e7o<\/strong><\/p>\n\n\n\n<p class=\"has-text-align-center\"><strong>O Que:<\/strong>&nbsp; Palestra internacional com profissionais da&nbsp;NLMK Verona, seguido de jantar<\/p>\n\n\n\n<p class=\"has-text-align-center\"><strong>Quando:&nbsp;<\/strong>18 de abril \u2013 quinta-feira<\/p>\n\n\n\n<p class=\"has-text-align-center\"><strong>Onde:<\/strong>&nbsp;Diferro filial Araquari&nbsp;\u2013 Rua Fernando C\u00e2ndido Lopes, 240<\/p>\n\n\n\n<p class=\"has-text-align-center\">Bairro Corveta<\/p>\n\n\n\n<p class=\"has-text-align-center\"><strong>Hor\u00e1rio:<\/strong>&nbsp;a partir das 19h&nbsp;<em>\u2013&nbsp;<\/em>somente para convidados<\/p>\n\n\n\n<p class=\"has-text-align-center\"><strong>Informa\u00e7\u00f5es de Contato<\/strong><\/p>\n\n\n\n<p class=\"has-text-align-center\"><strong>MATRIZ | Caxias do Sul \u2013 RS<\/strong><\/p>\n\n\n\n<p class=\"has-text-align-center\">Rua Jo\u00e3o Scarpini, 1245<\/p>\n\n\n\n<p class=\"has-text-align-center\">Bairro S\u00e3o Jos\u00e9 | CEP 95043-630<\/p>\n\n\n\n<p class=\"has-text-align-center\">Fone 54 3224.7600<\/p>\n\n\n\n<p class=\"has-text-align-center\">Site<strong>:&nbsp;<\/strong><a href=\"https:\/\/www.diferro.com.br\/\" target=\"_blank\" rel=\"noreferrer noopener\">https:\/\/www.diferro.com.br\/<\/a><\/p>\n\n\n\n<p class=\"has-text-align-center\">Instagram<strong>:&nbsp;<\/strong><a href=\"https:\/\/www.instagram.com\/diferroacosespeciais\/\" target=\"_blank\" rel=\"noreferrer noopener\">https:\/\/www.instagram.com\/diferroacosespeciais\/<\/a><\/p>\n\n\n\n<p class=\"has-text-align-center\"><strong>FILIAL | Araquari \u2013 SC<\/strong><\/p>\n\n\n\n<p class=\"has-text-align-center\">Rua Fernando C\u00e2ndido Lopes, 240<\/p>\n\n\n\n<p class=\"has-text-align-center\">Bairro Corveta | CEP 89245-000<\/p>\n\n\n\n<p class=\"has-text-align-center\">Fone 47 2101.1700<\/p>\n\n\n\n<p class=\"has-text-align-center\"><strong>FILIAL | Cachoeirinha \u2013 RS<\/strong><\/p>\n\n\n\n<p class=\"has-text-align-center\">Rua Manoel Jos\u00e9 Nascimento, 701<\/p>\n\n\n\n<p class=\"has-text-align-center\">Distrito Industrial | CEP 94930-340<\/p>\n\n\n\n<p class=\"has-text-align-center\">Fone 51 3303.7600<\/p>\n\n\n\n<p class=\"has-text-align-center\"><strong>RECICLAGEM DE METAIS<\/strong><\/p>\n\n\n\n<p class=\"has-text-align-center\">Rua Dr Mario Lopes, 7640<\/p>\n\n\n\n<p class=\"has-text-align-center\">Bairro Nossa Senhora de F\u00e1tima | CEP 95043-240 \u2013 Caxias do Sul \u2013 RS<\/p>\n\n\n\n<p class=\"has-text-align-center\">Fone 54 3022.3400<\/p>\n\n\n\n<p class=\"has-text-align-center\"><strong>Dom Comunica \u2013 assessoria&nbsp;de&nbsp;comunica\u00e7\u00e3o<\/strong><\/p>\n\n\n\n<p class=\"has-text-align-center\"><strong>Telefone:&nbsp;<\/strong>47 99612 3517<\/p>\n\n\n\n<p class=\"has-text-align-center\"><strong>E mail:&nbsp;<\/strong><a href=\"mailto:rodrigo@domcomunica.com.br\" target=\"_blank\" rel=\"noreferrer noopener\">rodrigo@domcomunica.com.br<\/a>&nbsp; &nbsp;&nbsp;&nbsp;<a href=\"mailto:rodrigocomunica@hotmail.com\" target=\"_blank\" rel=\"noreferrer noopener\">rodrigocomunica@hotmail.com<\/a><\/p>\n\n\n\n<p class=\"has-text-align-center\"><strong>Instagram:&nbsp;<\/strong>@domcomunica<\/p>\n","protected":false},"excerpt":{"rendered":"<p>Filial da Diferro em Araquari SC, ir\u00e1 fornecer treinamento para seus colaboradores, al\u00e9m de palestras&#8230;<\/p>\n","protected":false},"author":3,"featured_media":13484,"comment_status":"closed","ping_status":"open","sticky":false,"template":"","format":"standard","meta":{"om_disable_all_campaigns":false,"_monsterinsights_skip_tracking":false,"_monsterinsights_sitenote_active":false,"_monsterinsights_sitenote_note":"","_monsterinsights_sitenote_category":0,"spay_email":""},"categories":[1],"tags":[],"jetpack_featured_media_url":"https:\/\/vimagazine.com.br\/wp-content\/uploads\/2024\/04\/WhatsApp-Image-2024-04-11-at-19.46.39.jpeg","_links":{"self":[{"href":"https:\/\/vimagazine.com.br\/index.php?rest_route=\/wp\/v2\/posts\/13483"}],"collection":[{"href":"https:\/\/vimagazine.com.br\/index.php?rest_route=\/wp\/v2\/posts"}],"about":[{"href":"https:\/\/vimagazine.com.br\/index.php?rest_route=\/wp\/v2\/types\/post"}],"author":[{"embeddable":true,"href":"https:\/\/vimagazine.com.br\/index.php?rest_route=\/wp\/v2\/users\/3"}],"replies":[{"embeddable":true,"href":"https:\/\/vimagazine.com.br\/index.php?rest_route=%2Fwp%2Fv2%2Fcomments&post=13483"}],"version-history":[{"count":2,"href":"https:\/\/vimagazine.com.br\/index.php?rest_route=\/wp\/v2\/posts\/13483\/revisions"}],"predecessor-version":[{"id":13487,"href":"https:\/\/vimagazine.com.br\/index.php?rest_route=\/wp\/v2\/posts\/13483\/revisions\/13487"}],"wp:featuredmedia":[{"embeddable":true,"href":"https:\/\/vimagazine.com.br\/index.php?rest_route=\/wp\/v2\/media\/13484"}],"wp:attachment":[{"href":"https:\/\/vimagazine.com.br\/index.php?rest_route=%2Fwp%2Fv2%2Fmedia&parent=13483"}],"wp:term":[{"taxonomy":"category","embeddable":true,"href":"https:\/\/vimagazine.com.br\/index.php?rest_route=%2Fwp%2Fv2%2Fcategories&post=13483"},{"taxonomy":"post_tag","embeddable":true,"href":"https:\/\/vimagazine.com.br\/index.php?rest_route=%2Fwp%2Fv2%2Ftags&post=13483"}],"curies":[{"name":"wp","href":"https:\/\/api.w.org\/{rel}","templated":true}]}}