{"id":13517,"date":"2024-04-16T15:30:25","date_gmt":"2024-04-16T18:30:25","guid":{"rendered":"https:\/\/vimagazine.com.br\/?p=13517"},"modified":"2024-04-16T15:32:05","modified_gmt":"2024-04-16T18:32:05","slug":"luciano-nascimento-faz-uma-bela-homenagem-a-sao-jorge-com-participacao-de-binho-sa","status":"publish","type":"post","link":"https:\/\/vimagazine.com.br\/?p=13517","title":{"rendered":"\u00a0LUCIANO NASCIMENTO faz uma bela \u00a0homenagem a S\u00e3o Jorge com participa\u00e7\u00e3o de Binho S\u00e1&#8230;"},"content":{"rendered":"\n<p class=\"has-text-align-center\">L.Nascimento (ex Revela\u00e7\u00e3o) vai lan\u00e7ar &nbsp;m\u00fasica in\u00e9dita sobre &#8216;Santo Guerreiro&#8217; e teve a companhia &nbsp;do maravilhoso Binho S\u00e1 que acaba de lan\u00e7ar uma m\u00fasica &nbsp;in\u00e9dita com Xande de Pilares. <\/p>\n\n\n\n<p class=\"has-text-align-center\">Para ele, a can\u00e7\u00e3o ser\u00e1 importante durante o ano pois ela leva uma &#8216;Mensagem de f\u00e9 e esperan\u00e7a&#8217;<br>O cantor Luciano Nascimento (fundador do grupo Revela\u00e7ao) lan\u00e7a, nesta quinta-feira dia 18-04, o samba &#8220;Na prote\u00e7\u00e3o do guerreiro&#8221; em homenagem ao &#8220;santo guerreiro&#8221; .<br>&nbsp;A participa\u00e7\u00e3o do Binho S\u00e1 n\u00e3o \u00e9 in\u00e9dita pra mim, somos parceiros de vida, &nbsp;ele \u00e9 um cara que conhece a minha hist\u00f3ria, eu, ele e Xande seremos eternamente amigos de can\u00e7\u00f5es e hist\u00f3rias .&nbsp;<\/p>\n\n\n\n<p class=\"has-text-align-center\">Ele est\u00e1 sempre presente na minha carreira, gosto muito dele.<\/p>\n\n\n\n<p class=\"has-text-align-center\"> Sempre frequentei as rodas de samba dele. Um amigo apaixonado por samba e tamb\u00e9m \u00e9 devoto de &nbsp;do santo guerreiro.<\/p>\n\n\n\n<figure class=\"wp-block-image aligncenter size-large\"><img width=\"768\" height=\"1024\" src=\"https:\/\/vimagazine.com.br\/wp-content\/uploads\/2024\/04\/bx-768x1024.jpg\" alt=\"\" class=\"wp-image-13519\" srcset=\"https:\/\/vimagazine.com.br\/wp-content\/uploads\/2024\/04\/bx-768x1024.jpg 768w, https:\/\/vimagazine.com.br\/wp-content\/uploads\/2024\/04\/bx-225x300.jpg 225w, https:\/\/vimagazine.com.br\/wp-content\/uploads\/2024\/04\/bx.jpg 960w\" sizes=\"(max-width: 768px) 100vw, 768px\" \/><\/figure>\n\n\n\n<p class=\"has-text-align-center\"><br>O v\u00eddeo clip, que j\u00e1 estava gravado, e ser\u00e1 lan\u00e7ado dia 18 &nbsp;de abril no canal &#8220;M\u00fasica da Gente&#8221; (Sbacem) , ser\u00e1 nosso retorno aos palcos em carreira solo.&nbsp; <\/p>\n\n\n\n<p class=\"has-text-align-center\">Estamos na contagem regressiva para esse trabalho lindo que me traz de volta mais leve e firme ,depois que pude esclarecer nacionalmente ) no canal do Leandro Brito), toda a minha hist\u00f3ria com o &nbsp;grupo Revela\u00e7\u00e3o, isso me tirou um peso das costas e me deixou confiante, pois pude revelar com riqueza de detalhes e com documentos &nbsp;e pessoas que estavam presentes desde inicio das nossas primeiras apresenta\u00e7\u00f5es e &nbsp;percebi o apoio incondicional dos f\u00e3s desde o inicio me enviando v\u00eddeos e fotos do in\u00edcio e de tudo que falei na entrevista, s\u00f3 gratid\u00e3o&#8230;<\/p>\n\n\n\n<p class=\"has-text-align-center\">Essa &nbsp;can\u00e7\u00e3o estava na gaveta e eu j\u00e1 tinha o sonho de interpret\u00e1-la, uma m\u00fasica linda de autoria de Binho S\u00e1 e Bombom .<\/p>\n\n\n\n<p class=\"has-text-align-center\"> Me identifiquei com a letra.&nbsp;<\/p>\n\n\n\n<p class=\"has-text-align-center\">Sempre fui devoto de S\u00e3o Jorge. <\/p>\n\n\n\n<p class=\"has-text-align-center\">Lancei agora pois sinto que precisamos de uma mensagem de f\u00e9 e esperan\u00e7a &#8211; Num momento de muitas guerras viol\u00eancias e doen\u00e7as &#8230;<\/p>\n\n\n\n<p class=\"has-text-align-center\">Cris Lima  Assessoria<\/p>\n\n\n\n<p class=\"has-text-align-center\">&nbsp; &nbsp; &nbsp; &nbsp; &nbsp; &nbsp; &nbsp; &nbsp; &nbsp; &nbsp; &nbsp; &nbsp; &nbsp; &nbsp; &nbsp; &nbsp; &nbsp; &nbsp; &nbsp; &nbsp; &nbsp; &nbsp; &nbsp; &nbsp; &nbsp; &nbsp; &nbsp; &nbsp; &nbsp; &nbsp; &nbsp; &nbsp; &nbsp;&nbsp;<\/p>\n","protected":false},"excerpt":{"rendered":"<p>L.Nascimento (ex Revela\u00e7\u00e3o) vai lan\u00e7ar &nbsp;m\u00fasica in\u00e9dita sobre &#8216;Santo Guerreiro&#8217; e teve a companhia &nbsp;do&#8230;<\/p>\n","protected":false},"author":3,"featured_media":13518,"comment_status":"closed","ping_status":"open","sticky":false,"template":"","format":"standard","meta":{"om_disable_all_campaigns":false,"_monsterinsights_skip_tracking":false,"_monsterinsights_sitenote_active":false,"_monsterinsights_sitenote_note":"","_monsterinsights_sitenote_category":0,"spay_email":""},"categories":[1],"tags":[],"jetpack_featured_media_url":"https:\/\/vimagazine.com.br\/wp-content\/uploads\/2024\/04\/jgh-e1713291607806.jpg","_links":{"self":[{"href":"https:\/\/vimagazine.com.br\/index.php?rest_route=\/wp\/v2\/posts\/13517"}],"collection":[{"href":"https:\/\/vimagazine.com.br\/index.php?rest_route=\/wp\/v2\/posts"}],"about":[{"href":"https:\/\/vimagazine.com.br\/index.php?rest_route=\/wp\/v2\/types\/post"}],"author":[{"embeddable":true,"href":"https:\/\/vimagazine.com.br\/index.php?rest_route=\/wp\/v2\/users\/3"}],"replies":[{"embeddable":true,"href":"https:\/\/vimagazine.com.br\/index.php?rest_route=%2Fwp%2Fv2%2Fcomments&post=13517"}],"version-history":[{"count":2,"href":"https:\/\/vimagazine.com.br\/index.php?rest_route=\/wp\/v2\/posts\/13517\/revisions"}],"predecessor-version":[{"id":13521,"href":"https:\/\/vimagazine.com.br\/index.php?rest_route=\/wp\/v2\/posts\/13517\/revisions\/13521"}],"wp:featuredmedia":[{"embeddable":true,"href":"https:\/\/vimagazine.com.br\/index.php?rest_route=\/wp\/v2\/media\/13518"}],"wp:attachment":[{"href":"https:\/\/vimagazine.com.br\/index.php?rest_route=%2Fwp%2Fv2%2Fmedia&parent=13517"}],"wp:term":[{"taxonomy":"category","embeddable":true,"href":"https:\/\/vimagazine.com.br\/index.php?rest_route=%2Fwp%2Fv2%2Fcategories&post=13517"},{"taxonomy":"post_tag","embeddable":true,"href":"https:\/\/vimagazine.com.br\/index.php?rest_route=%2Fwp%2Fv2%2Ftags&post=13517"}],"curies":[{"name":"wp","href":"https:\/\/api.w.org\/{rel}","templated":true}]}}