{"id":13522,"date":"2024-04-16T16:58:18","date_gmt":"2024-04-16T19:58:18","guid":{"rendered":"https:\/\/vimagazine.com.br\/?p=13522"},"modified":"2024-04-18T10:54:16","modified_gmt":"2024-04-18T13:54:16","slug":"conheca-axel-cardoso-o-make-up-artist-que-esta-destacando-entre-as-famosas","status":"publish","type":"post","link":"https:\/\/vimagazine.com.br\/?p=13522","title":{"rendered":"Conhe\u00e7a Axel Cardoso o make up artist que est\u00e1 destacando entre as famosas"},"content":{"rendered":"\n<p>Axel Cardoso come\u00e7ou sua carreira no universo da beleza atrav\u00e9s da est\u00e9tica, mas foi durante o curso que descobriu que sua grande paix\u00e3o estava na maquiagem!&nbsp;<\/p>\n\n\n\n<p>Veja aqui a <strong>entrevista completa<\/strong> com o profissional.<\/p>\n\n\n\n<p><strong>Axel como come\u00e7ou a gostar de beleza, como voc\u00ea aprendeu ?<br><\/strong><em>H\u00e1 8 anos atr\u00e1s eu me formei em Est\u00e9tica voltado pra cosmologia, e tinha grade de maquiagem, foi a\u00ed que aprofundei em cursos no Senac, Catharine Hill, onde me abriu v\u00e1rias portas.. inclusive tive a honra de maquiar e produzir a atriz Michelle Muniz, uma das protagonistas do filme que acabou de lan\u00e7ar nos cinemas do Brasil&nbsp; <em>\u201cLicen\u00e7a Para Enlouquecer\u201d<\/em> foi uma honra!&nbsp;<\/em><\/p>\n\n\n\n<figure class=\"wp-container-2 wp-block-gallery-1 wp-block-gallery has-nested-images columns-default is-cropped\">\n<figure class=\"wp-block-image size-large\"><img width=\"1282\" height=\"1920\" data-id=\"13526\"  src=\"https:\/\/vimagazine.com.br\/wp-content\/uploads\/2024\/04\/IMG_4723.jpg\" alt=\"\" class=\"wp-image-13526\" srcset=\"https:\/\/vimagazine.com.br\/wp-content\/uploads\/2024\/04\/IMG_4723.jpg 1282w, https:\/\/vimagazine.com.br\/wp-content\/uploads\/2024\/04\/IMG_4723-200x300.jpg 200w, https:\/\/vimagazine.com.br\/wp-content\/uploads\/2024\/04\/IMG_4723-684x1024.jpg 684w, https:\/\/vimagazine.com.br\/wp-content\/uploads\/2024\/04\/IMG_4723-768x1150.jpg 768w, https:\/\/vimagazine.com.br\/wp-content\/uploads\/2024\/04\/IMG_4723-1026x1536.jpg 1026w, https:\/\/vimagazine.com.br\/wp-content\/uploads\/2024\/04\/IMG_4723-1024x1534.jpg 1024w\" sizes=\"(max-width: 1282px) 100vw, 1282px\" \/><\/figure>\n\n\n\n<figure class=\"wp-block-image size-large\"><img width=\"1079\" height=\"1920\" data-id=\"13525\"  src=\"https:\/\/vimagazine.com.br\/wp-content\/uploads\/2024\/04\/IMG_5674.jpg\" alt=\"\" class=\"wp-image-13525\" srcset=\"https:\/\/vimagazine.com.br\/wp-content\/uploads\/2024\/04\/IMG_5674.jpg 1079w, https:\/\/vimagazine.com.br\/wp-content\/uploads\/2024\/04\/IMG_5674-169x300.jpg 169w, https:\/\/vimagazine.com.br\/wp-content\/uploads\/2024\/04\/IMG_5674-575x1024.jpg 575w, https:\/\/vimagazine.com.br\/wp-content\/uploads\/2024\/04\/IMG_5674-768x1367.jpg 768w, https:\/\/vimagazine.com.br\/wp-content\/uploads\/2024\/04\/IMG_5674-863x1536.jpg 863w, https:\/\/vimagazine.com.br\/wp-content\/uploads\/2024\/04\/IMG_5674-1024x1822.jpg 1024w\" sizes=\"(max-width: 1079px) 100vw, 1079px\" \/><\/figure>\n<\/figure>\n\n\n\n<p><strong>Qual seu estilo favorito de maquiagem para valorizar a beleza feminina ?<\/strong><strong><br><\/strong><em>Teve um tempo que eu gostava muito de maquiagem mais art\u00edstica, por\u00e9m hoje em dia prefiro uma Make mais Beauty.<\/em><\/p>\n\n\n\n<p><strong>Al\u00e9m de atuar na beleza, voc\u00ea tem sonho em seguir carreira art\u00edstica como ator ou modelo ?&nbsp; <br><\/strong><em>SIM, sem d\u00favidas! Eu sempre gostei muito de tirar foto, ali\u00e1s as minhas fotos no Instagram provam isso, risos, sempre tive uma paix\u00e3o pela \u00e1rea de modelo! Na \u00e9poca de escola tamb\u00e9m, fiz bastante pe\u00e7as de teatro onde eu sempre fui o protagonista, sempre me dediquei em tudo que fiz e fa\u00e7o na vida!&nbsp;<\/em><\/p>\n\n\n\n<p><strong>Atualmente quais s\u00e3o seus projetos para unir o seu trabalho \u00e0 beleza com carreira art\u00edstica?<\/strong><br>A maquiagem me faz chegar a lugares inimagin\u00e1veis, ent\u00e3o eu posso usar a maquiagem a meu favor para conseguir lugares na carreira art\u00edstica! Tenho projetos pra esse ano na carreira art\u00edstica, mas que s\u00f3 eu e Deus sabemos, ali\u00e1s o que ningu\u00e9m sabe ningu\u00e9m estraga, risos&#8230; Mas venho dando um spoiler ultimamente no meu Instagram, carreira art\u00edstica tem meu cora\u00e7\u00e3o!&nbsp;<\/p>\n\n\n\n<figure class=\"wp-block-image aligncenter size-large is-resized\"><img src=\"https:\/\/vimagazine.com.br\/wp-content\/uploads\/2024\/04\/IMG_9382-1-689x1024.jpg\" alt=\"\" class=\"wp-image-13523\" width=\"511\" height=\"759\" srcset=\"https:\/\/vimagazine.com.br\/wp-content\/uploads\/2024\/04\/IMG_9382-1-689x1024.jpg 689w, https:\/\/vimagazine.com.br\/wp-content\/uploads\/2024\/04\/IMG_9382-1-202x300.jpg 202w, https:\/\/vimagazine.com.br\/wp-content\/uploads\/2024\/04\/IMG_9382-1-768x1141.jpg 768w, https:\/\/vimagazine.com.br\/wp-content\/uploads\/2024\/04\/IMG_9382-1-1034x1536.jpg 1034w, https:\/\/vimagazine.com.br\/wp-content\/uploads\/2024\/04\/IMG_9382-1-1024x1522.jpg 1024w, https:\/\/vimagazine.com.br\/wp-content\/uploads\/2024\/04\/IMG_9382-1.jpg 1292w\" sizes=\"(max-width: 511px) 100vw, 511px\" \/><\/figure>\n\n\n\n<p><strong>Voc\u00ea se inspira em algu\u00e9m?&nbsp; Quais s\u00e3o suas maiores refer\u00eancias?<\/strong><br><em>Minha maior inspira\u00e7\u00e3o sempre foi Jesus, ele que nos d\u00e1 for\u00e7a pra n\u00e3o desistir, que nos ensina a servir uns aos outros, j\u00e1 cheguei a parar no meio do caminho, mas ele n\u00e3o deixou eu desistir, ent\u00e3o voltei com tudo! Minhas maiores refer\u00eancias s\u00e3o Let\u00edcia de Paula, tanto maquiadora, como empres\u00e1ria, uma das melhores que eu conhe\u00e7o. Pri Lessa, Kylie Jenner tamb\u00e9m.<\/em><\/p>\n\n\n\n<p><strong>O que mais te conquista na vida e&nbsp; no trabalho?<br><\/strong><em>A minha persist\u00eancia, minha vontade de crescer, essa for\u00e7a de vontade que eu tenho, e mesmo n\u00e3o tendo apoios de muito, eu tenho o apoio principal e que preciso, isso me conquista todos os dias.<\/em><\/p>\n","protected":false},"excerpt":{"rendered":"<p>Axel Cardoso come\u00e7ou sua carreira no universo da beleza atrav\u00e9s da est\u00e9tica, mas foi durante&#8230;<\/p>\n","protected":false},"author":18,"featured_media":13530,"comment_status":"closed","ping_status":"open","sticky":false,"template":"","format":"standard","meta":{"om_disable_all_campaigns":false,"_monsterinsights_skip_tracking":false,"_monsterinsights_sitenote_active":false,"_monsterinsights_sitenote_note":"","_monsterinsights_sitenote_category":0,"spay_email":""},"categories":[1],"tags":[823,598,108,827,824,825,826],"jetpack_featured_media_url":"https:\/\/vimagazine.com.br\/wp-content\/uploads\/2024\/04\/WhatsApp-Image-2024-04-16-at-16.33.37.jpeg.jpg","_links":{"self":[{"href":"https:\/\/vimagazine.com.br\/index.php?rest_route=\/wp\/v2\/posts\/13522"}],"collection":[{"href":"https:\/\/vimagazine.com.br\/index.php?rest_route=\/wp\/v2\/posts"}],"about":[{"href":"https:\/\/vimagazine.com.br\/index.php?rest_route=\/wp\/v2\/types\/post"}],"author":[{"embeddable":true,"href":"https:\/\/vimagazine.com.br\/index.php?rest_route=\/wp\/v2\/users\/18"}],"replies":[{"embeddable":true,"href":"https:\/\/vimagazine.com.br\/index.php?rest_route=%2Fwp%2Fv2%2Fcomments&post=13522"}],"version-history":[{"count":3,"href":"https:\/\/vimagazine.com.br\/index.php?rest_route=\/wp\/v2\/posts\/13522\/revisions"}],"predecessor-version":[{"id":13531,"href":"https:\/\/vimagazine.com.br\/index.php?rest_route=\/wp\/v2\/posts\/13522\/revisions\/13531"}],"wp:featuredmedia":[{"embeddable":true,"href":"https:\/\/vimagazine.com.br\/index.php?rest_route=\/wp\/v2\/media\/13530"}],"wp:attachment":[{"href":"https:\/\/vimagazine.com.br\/index.php?rest_route=%2Fwp%2Fv2%2Fmedia&parent=13522"}],"wp:term":[{"taxonomy":"category","embeddable":true,"href":"https:\/\/vimagazine.com.br\/index.php?rest_route=%2Fwp%2Fv2%2Fcategories&post=13522"},{"taxonomy":"post_tag","embeddable":true,"href":"https:\/\/vimagazine.com.br\/index.php?rest_route=%2Fwp%2Fv2%2Ftags&post=13522"}],"curies":[{"name":"wp","href":"https:\/\/api.w.org\/{rel}","templated":true}]}}