{"id":13677,"date":"2024-04-20T14:14:05","date_gmt":"2024-04-20T17:14:05","guid":{"rendered":"https:\/\/vimagazine.com.br\/?p=13677"},"modified":"2024-04-20T14:14:09","modified_gmt":"2024-04-20T17:14:09","slug":"musicarium-promove-concerto-gratuito-com-o-conjunto-de-metais%ef%bf%bcevento-sera-na-terca-dia-23-as-19h30","status":"publish","type":"post","link":"https:\/\/vimagazine.com.br\/?p=13677","title":{"rendered":"Musicarium promove concerto gratuito com o Conjunto de Metais\ufffcEvento ser\u00e1 na ter\u00e7a, dia 23, \u00e0s 19h30"},"content":{"rendered":"\n<p class=\"has-text-align-left\">O Conjunto de Metais Musicarium se prepara para subir ao palco no dia 23, ter\u00e7a, \u00e0s 19h30, na sede do Musicarium (veja endere\u00e7o abaixo). <\/p>\n\n\n\n<p class=\"has-text-align-left\">At\u00e9 o final do ano, todos os meses, o Musicarium Academia Filarm\u00f4nica realizar\u00e1 um concerto &#8211; n\u00e3o s\u00f3 para patrocinadores e apoiadores, mas tamb\u00e9m para a comunidade.\u00a0<\/p>\n\n\n\n<p class=\"has-text-align-left\"><em>\u201cVivenciar um espet\u00e1culo de m\u00fasica cl\u00e1ssica e contempor\u00e2nea \u00e9 uma excelente oportunidade para a forma\u00e7\u00e3o de plateia e o enriquecimento cultural de nossa comunidade\u201d<\/em>, completa Sergio Ogawa, diretor-presidente e maestro do Musicarium.<\/p>\n\n\n\n<p class=\"has-text-align-left\"><br>Os ingressos s\u00e3o gratuitos e est\u00e3o dispon\u00edveis para reserva na plataforma Sympla. Um momento para prestigiar os talentosos alunos e professores em uma exibi\u00e7\u00e3o de virtuosismo e paix\u00e3o musical.\u00a0<\/p>\n\n\n\n<p class=\"has-text-align-left\"><strong>Programa\u00e7\u00e3o do Concerto<\/strong><\/p>\n\n\n\n<p class=\"has-text-align-left\">Galliard Battaglia, de Samuel Scheidt<\/p>\n\n\n\n<p class=\"has-text-align-left\">Esta obra \u00e9 um exemplo cl\u00e1ssico da m\u00fasica renascentista tardia, composta por Samuel Scheidt, um dos primeiros compositores significativos do in\u00edcio do Barroco alem\u00e3o. &#8220;Galliard Battaglia&#8221; explora temas de batalha, caracterizados por ritmos marcantes e din\u00e2micos que imitam o movimento dos soldados e o clamor das lutas.<\/p>\n\n\n\n<p> Esta pe\u00e7a ser\u00e1 interpretada com solos pelos Prof. Andr\u00e9 e Pedro Lima, oferecendo uma exibi\u00e7\u00e3o intensa de virtuosismo em um curto espa\u00e7o de tempo.<\/p>\n\n\n\n<p>Dan\u00e7as Susato<\/p>\n\n\n\n<ul><li>Tr\u00eas Movimentos&nbsp;<\/li><li>Sacrae Symphoniae, de Giovanni Gabrieli&nbsp;<\/li><li>Carmen, de Georges Bizet&nbsp;<\/li><\/ul>\n\n\n\n<p>As &#8220;Dan\u00e7as Susato&#8221; s\u00e3o retiradas da cole\u00e7\u00e3o &#8220;Danserye&#8221; de Tielman Susato, publicada em 1551. Esta s\u00e9rie de dan\u00e7as populares flamengas inclui v\u00e1rias formas dan\u00e7antes como a pavane, a galliard e a ronde. <\/p>\n\n\n\n<p>Esses movimentos s\u00e3o caracterizados por sua vivacidade e ritmo alegre, proporcionando um vislumbre da vida festiva da Renascen\u00e7a europeia.<\/p>\n\n\n\n<p>J\u00e1 Giovanni Gabrieli, mestre do estilo veneziano polif\u00f4nico e do uso inovador de coros espa\u00e7ados, \u00e9 conhecido por suas composi\u00e7\u00f5es que exploram respostas espaciais em arquitetura sonora. <\/p>\n\n\n\n<p>&#8220;Sacrae Symphoniae&#8221; \u00e9 uma cole\u00e7\u00e3o que inclui m\u00fasicas sacras que demonstram seu dom\u00ednio em ant\u00edfonas e a manipula\u00e7\u00e3o do espa\u00e7o sonoro, t\u00edpicas da Bas\u00edlica de S\u00e3o Marcos, em Veneza, onde Gabrieli era organista.<\/p>\n\n\n\n<p>Por fim, &#8220;Carmen&#8221; \u00e9 uma das \u00f3peras mais famosas e frequentemente executadas no repert\u00f3rio cl\u00e1ssico, conhecida por sua intensidade dram\u00e1tica e personagens vivos.<\/p>\n\n\n\n<p>A obra narra a hist\u00f3ria apaixonante e tr\u00e1gica de Carmen, uma sedutora cigana, e Don Jos\u00e9, um soldado espanhol. <\/p>\n\n\n\n<p>A m\u00fasica \u00e9 repleta de melodias populares e ritmos que evocam a paisagem espanhola.<\/p>\n\n\n\n<p>Nessum Dorma de Turandot<\/p>\n\n\n\n<ul><li>Trombones e Prof. Jonatas com solo de Victor&nbsp;&nbsp;<\/li><li>Cantos Nordestinos de Gilberto Gagliardi&nbsp;<\/li><li>Aquarela do Brasil&nbsp;<\/li><li>Gonzagueando de Maestro Duda, arranjo por Jamber\u00ea Cerqueira<br><\/li><\/ul>\n\n\n\n<p>Nessum Dorma, de Turandot, uma das mais famosas do repert\u00f3rio oper\u00edstico, \u00e9 tirada da \u00f3pera &#8220;Turandot&#8221;, de Giacomo Puccini. &#8220;Nessun Dorma&#8221; ganhou popularidade mundial e \u00e9 especialmente conhecida por sua poderosa culmina\u00e7\u00e3o e o desafiante \u00e1pice para os tenores. <\/p>\n\n\n\n<p>No concerto, ser\u00e1 apresentada uma adapta\u00e7\u00e3o especial para trombones, destacando a interpreta\u00e7\u00e3o do Prof. Jonatas e o solo de Victor.<\/p>\n\n\n\n<p>A obra Cantos Nordestinos, de Gilberto Gagliardi explora temas e melodias do folclore brasileiro, particularmente do Nordeste. <\/p>\n\n\n\n<p>\u00c9 uma celebra\u00e7\u00e3o da rica tradi\u00e7\u00e3o musical brasileira, com seus ritmos distintos e a alegria contagiante que caracteriza a m\u00fasica regional.<\/p>\n\n\n\n<p>Composta por Ary Barroso, &#8220;Aquarela do Brasil&#8221; \u00e9 uma das mais ic\u00f4nicas m\u00fasicas brasileiras, conhecida internacionalmente como &#8220;Brazil&#8221;. <\/p>\n\n\n\n<p>A can\u00e7\u00e3o evoca imagens vivas do pa\u00eds com seu samba exuberante.<\/p>\n\n\n\n<p>J\u00e1 &#8220;Gonzagueando\u201d, de Maestro Duda, \u00e9 uma obra que faz homenagem ao grande Luiz Gonzaga, &#8220;o Rei do Bai\u00e3o&#8221;. <\/p>\n\n\n\n<p>Arranjada por Jamber\u00ea Cerqueira, &#8220;Gonzagueando&#8221; captura a ess\u00eancia da m\u00fasica de Gonzaga, com suas ra\u00edzes profundas no sert\u00e3o nordestino, combinando elementos tradicionais com arranjos inovadores para o Conjunto de Metais.<\/p>\n\n\n\n<p><em>\u201cCada pe\u00e7a deste repert\u00f3rio foi cuidadosamente selecionada para demonstrar a habilidade t\u00e9cnica dos m\u00fasicos, e tamb\u00e9m criar um ambiente sonoro que viaja por meio de \u00e9pocas e culturas\u201d,&nbsp;<\/em>destaca Ogawa.<br><br><strong>Servi\u00e7o<\/strong><br><strong>O qu\u00ea:&nbsp;<\/strong>Concerto com Conjunto de Metais Musicarium<br><strong>Quando:<\/strong>&nbsp;23 de abril<br><strong>Hor\u00e1rio:<\/strong>&nbsp;19h30<br><strong>Onde:&nbsp;<\/strong>Musicarium &#8211; rua Gothard Kaesemodel, 961<br><strong>Ingressos:<\/strong>&nbsp;gratuitos via Sympla &#8211;<br><a href=\"https:\/\/www.sympla.com.br\/evento\/conjunto-de-metais-musicarium-23-04-24\/2428342\" target=\"_blank\" rel=\"noreferrer noopener\">https:\/\/www.sympla.com.br\/evento\/conjunto-de-metais-musicarium-23-04-24\/2428342<br><br><\/a><strong>Assessoria de Comunica\u00e7\u00e3o<\/strong><strong><br><\/strong><strong>Tai Rodrigues Comunica\u00e7\u00e3o Viva<\/strong><br>(47) 988643373 |&nbsp;<a href=\"mailto:tai@tairodrigues.com\" target=\"_blank\" rel=\"noreferrer noopener\">tai@tairodrigues.com<\/a>&#8212;<\/p>\n","protected":false},"excerpt":{"rendered":"<p>O Conjunto de Metais Musicarium se prepara para subir ao palco no dia 23, ter\u00e7a,&#8230;<\/p>\n","protected":false},"author":3,"featured_media":13678,"comment_status":"closed","ping_status":"open","sticky":false,"template":"","format":"standard","meta":{"om_disable_all_campaigns":false,"_monsterinsights_skip_tracking":false,"_monsterinsights_sitenote_active":false,"_monsterinsights_sitenote_note":"","_monsterinsights_sitenote_category":0,"spay_email":""},"categories":[1],"tags":[],"jetpack_featured_media_url":"https:\/\/vimagazine.com.br\/wp-content\/uploads\/2024\/04\/MSCRM-118-e1713633078351.jpg","_links":{"self":[{"href":"https:\/\/vimagazine.com.br\/index.php?rest_route=\/wp\/v2\/posts\/13677"}],"collection":[{"href":"https:\/\/vimagazine.com.br\/index.php?rest_route=\/wp\/v2\/posts"}],"about":[{"href":"https:\/\/vimagazine.com.br\/index.php?rest_route=\/wp\/v2\/types\/post"}],"author":[{"embeddable":true,"href":"https:\/\/vimagazine.com.br\/index.php?rest_route=\/wp\/v2\/users\/3"}],"replies":[{"embeddable":true,"href":"https:\/\/vimagazine.com.br\/index.php?rest_route=%2Fwp%2Fv2%2Fcomments&post=13677"}],"version-history":[{"count":1,"href":"https:\/\/vimagazine.com.br\/index.php?rest_route=\/wp\/v2\/posts\/13677\/revisions"}],"predecessor-version":[{"id":13679,"href":"https:\/\/vimagazine.com.br\/index.php?rest_route=\/wp\/v2\/posts\/13677\/revisions\/13679"}],"wp:featuredmedia":[{"embeddable":true,"href":"https:\/\/vimagazine.com.br\/index.php?rest_route=\/wp\/v2\/media\/13678"}],"wp:attachment":[{"href":"https:\/\/vimagazine.com.br\/index.php?rest_route=%2Fwp%2Fv2%2Fmedia&parent=13677"}],"wp:term":[{"taxonomy":"category","embeddable":true,"href":"https:\/\/vimagazine.com.br\/index.php?rest_route=%2Fwp%2Fv2%2Fcategories&post=13677"},{"taxonomy":"post_tag","embeddable":true,"href":"https:\/\/vimagazine.com.br\/index.php?rest_route=%2Fwp%2Fv2%2Ftags&post=13677"}],"curies":[{"name":"wp","href":"https:\/\/api.w.org\/{rel}","templated":true}]}}