{"id":13680,"date":"2024-04-20T14:28:48","date_gmt":"2024-04-20T17:28:48","guid":{"rendered":"https:\/\/vimagazine.com.br\/?p=13680"},"modified":"2024-04-20T14:31:47","modified_gmt":"2024-04-20T17:31:47","slug":"atitude-cidada-2024-momento-para-reconhecer-as-%ef%bf%bciniciativas-sustentaveis-em-joinville%ef%bf%bc","status":"publish","type":"post","link":"https:\/\/vimagazine.com.br\/?p=13680","title":{"rendered":"Atitude Cidad\u00e3 2024: momento para reconhecer as \ufffciniciativas sustent\u00e1veis em Joinville\ufffc"},"content":{"rendered":"\n<p><strong>O Coletivo Joinville Lixo Zero, em parceria com o Instituto Lixo Zero Brasil (ILZB), realiza na ter\u00e7a, dia 23, mais uma edi\u00e7\u00e3o do Atitude Cidad\u00e3. <\/strong><\/p>\n\n\n\n<p>O evento faz parte do calend\u00e1rio pedag\u00f3gico anual do ILZB e tem como objetivo celebrar e reconhecer as iniciativas de indiv\u00edduos, institui\u00e7\u00f5es e parceiros que se destacam na promo\u00e7\u00e3o da sustentabilidade e na implementa\u00e7\u00e3o do conceito Lixo Zero na cidade, em especial durante as a\u00e7\u00f5es da Semana Lixo Zero.<\/p>\n\n\n\n<p>O encontro ocorrer\u00e1 no teatro do Sesc, onde os participantes ser\u00e3o recebidos com um caf\u00e9 no foyer a partir das 18h30, proporcionando um ambiente acolhedor para networking e troca de experi\u00eancias. <\/p>\n\n\n\n<p>A abertura ter\u00e1 violino e poesia com o artista subversivo e independente Joan de Castro. <\/p>\n\n\n\n<p>Este ano, o Atitude Cidad\u00e3 destacar\u00e1 contribui\u00e7\u00f5es em v\u00e1rias categorias, refletindo os esfor\u00e7os realizados ao longo de 2023 em Joinville.<\/p>\n\n\n\n<p><em>&#8220;O Atitude Cidad\u00e3 \u00e9 o momento perfeito para celebrarmos os feitos do \u00faltimo ano e valorizar o magn\u00edfico trabalho realizado por todos os volunt\u00e1rios.<\/em><\/p>\n\n\n\n<p><em> As dez categorias e seus finalistas simbolizam as mais de 70 mil pessoas que contribu\u00edram ou foram beneficiadas pelas a\u00e7\u00f5es do nosso coletivo<\/em>\u201d, destaca Arthur Rancatti, Diretor Executivo do Coletivo Joinville Lixo Zero.<\/p>\n\n\n\n<p><br>Todos os parceiros, colaboradores e a comunidade de Joinville est\u00e3o convidados para esta noite de celebra\u00e7\u00e3o, onde o compromisso com um futuro mais sustent\u00e1vel ser\u00e1 o grande protagonista.<\/p>\n\n\n\n<p>&nbsp; Para participar \u00e9 importante confirmar presen\u00e7a via Sympla &#8211; <a href=\"https:\/\/www.sympla.com.br\/atitude-cidada-2024---joinville-lixo-zero__2419968\">https:\/\/www.sympla.com.br\/atitude-cidada-2024&#8212;joinville-lixo-zero__2419968.<\/a><\/p>\n\n\n\n<figure class=\"wp-block-image size-large\"><img width=\"1024\" height=\"545\" src=\"https:\/\/vimagazine.com.br\/wp-content\/uploads\/2024\/04\/ty-1024x545.jpg\" alt=\"\" class=\"wp-image-13685\" srcset=\"https:\/\/vimagazine.com.br\/wp-content\/uploads\/2024\/04\/ty-1024x545.jpg 1024w, https:\/\/vimagazine.com.br\/wp-content\/uploads\/2024\/04\/ty-300x160.jpg 300w, https:\/\/vimagazine.com.br\/wp-content\/uploads\/2024\/04\/ty-768x409.jpg 768w, https:\/\/vimagazine.com.br\/wp-content\/uploads\/2024\/04\/ty.jpg 1280w\" sizes=\"(max-width: 1024px) 100vw, 1024px\" \/><\/figure>\n\n\n\n<p><br><strong>Conhe\u00e7a os finalistas:<\/strong><\/p>\n\n\n\n<p>Volunt\u00e1rio Destaque: Carlito de Sousa, Diogo Moreira, Jesus Lumma e Marlon Soares.<\/p>\n\n\n\n<p>Servidor P\u00fablico Destaque: Francoyse Mendes (Secretaria da Educa\u00e7\u00e3o), Jeferson Correa (R\u00e1dio Joinville Cultural) e Marisa Arent (CEU do Aventureiro).<\/p>\n\n\n\n<p>Parceiro Institucional Destaque: Ag\u00eancia Unicolab, LEO Clube Joinville e Luz Contadores.<\/p>\n\n\n\n<p>A\u00e7\u00e3o Semana Lixo Zero 2023 Destaque: Caf\u00e9 com as Nutris, Design Lab e Festival Enraizar.<\/p>\n\n\n\n<p>Empresa Destaque: Schulz, Shopping Mueller e Termot\u00e9cnica.<\/p>\n\n\n\n<p>Institui\u00e7\u00e3o de Ensino Destaque: Cat\u00f3lica SC, CEI Algod\u00e3o Doce e Unisociesc.<\/p>\n\n\n\n<p>Alimenta\u00e7\u00e3o Destaque: Elisa Cozinha, Miguel Leiria &#8211; Ecogastronomia e NatuLov.<\/p>\n\n\n\n<p>Neg\u00f3cio Lixo Zero Destaque: Naturanda Compostagem, Planth Cosm\u00e9ticos e Reset Descarte Eletr\u00f4nico.<\/p>\n\n\n\n<p>Cooperativa de Reciclagem Destaque: Cooperativa ASSECREJO, Cooperativa RECICLA Joinville e Cooperativa Santa B\u00e1rbara.<\/p>\n\n\n\n<p>Atra\u00e7\u00e3o Cultural Destaque: Document\u00e1rios &#8220;Bioc\u00eantricos&#8221; e &#8220;Mar\u00e9 de Conflitos&#8221;, Instituto IMPAR.<br><br><strong>Servi\u00e7o<\/strong><br><strong>O qu\u00ea:<\/strong> Atitude Cidad\u00e3<br><strong>Quando:<\/strong> 23 de abril<br><strong>Hor\u00e1rio:<\/strong> 18h30<br><strong>Ingressos gratuitos via Sympla: <\/strong><a href=\"https:\/\/www.sympla.com.br\/atitude-cidada-2024---joinville-lixo-zero__2419968\">https:\/\/www.sympla.com.br\/atitude-cidada-2024&#8212;joinville-lixo-zero__2419968.<\/a><\/p>\n\n\n\n<p><br><strong>Assessoria de Comunica\u00e7\u00e3o <\/strong><strong><br><\/strong><strong>Tai Rodrigues Comunica\u00e7\u00e3o Viva<\/strong><br>(47) 988643373 | tai@tairodrigues.com<br><\/p>\n","protected":false},"excerpt":{"rendered":"<p>O Coletivo Joinville Lixo Zero, em parceria com o Instituto Lixo Zero Brasil (ILZB), realiza&#8230;<\/p>\n","protected":false},"author":3,"featured_media":13681,"comment_status":"closed","ping_status":"open","sticky":false,"template":"","format":"standard","meta":{"om_disable_all_campaigns":false,"_monsterinsights_skip_tracking":false,"_monsterinsights_sitenote_active":false,"_monsterinsights_sitenote_note":"","_monsterinsights_sitenote_category":0,"spay_email":""},"categories":[1],"tags":[],"jetpack_featured_media_url":"https:\/\/vimagazine.com.br\/wp-content\/uploads\/2024\/04\/Reconhecidos-no-Atitude-Cidada-2023-e1713634006756.jpg","_links":{"self":[{"href":"https:\/\/vimagazine.com.br\/index.php?rest_route=\/wp\/v2\/posts\/13680"}],"collection":[{"href":"https:\/\/vimagazine.com.br\/index.php?rest_route=\/wp\/v2\/posts"}],"about":[{"href":"https:\/\/vimagazine.com.br\/index.php?rest_route=\/wp\/v2\/types\/post"}],"author":[{"embeddable":true,"href":"https:\/\/vimagazine.com.br\/index.php?rest_route=\/wp\/v2\/users\/3"}],"replies":[{"embeddable":true,"href":"https:\/\/vimagazine.com.br\/index.php?rest_route=%2Fwp%2Fv2%2Fcomments&post=13680"}],"version-history":[{"count":3,"href":"https:\/\/vimagazine.com.br\/index.php?rest_route=\/wp\/v2\/posts\/13680\/revisions"}],"predecessor-version":[{"id":13686,"href":"https:\/\/vimagazine.com.br\/index.php?rest_route=\/wp\/v2\/posts\/13680\/revisions\/13686"}],"wp:featuredmedia":[{"embeddable":true,"href":"https:\/\/vimagazine.com.br\/index.php?rest_route=\/wp\/v2\/media\/13681"}],"wp:attachment":[{"href":"https:\/\/vimagazine.com.br\/index.php?rest_route=%2Fwp%2Fv2%2Fmedia&parent=13680"}],"wp:term":[{"taxonomy":"category","embeddable":true,"href":"https:\/\/vimagazine.com.br\/index.php?rest_route=%2Fwp%2Fv2%2Fcategories&post=13680"},{"taxonomy":"post_tag","embeddable":true,"href":"https:\/\/vimagazine.com.br\/index.php?rest_route=%2Fwp%2Fv2%2Ftags&post=13680"}],"curies":[{"name":"wp","href":"https:\/\/api.w.org\/{rel}","templated":true}]}}