{"id":13687,"date":"2024-04-23T15:31:19","date_gmt":"2024-04-23T18:31:19","guid":{"rendered":"https:\/\/vimagazine.com.br\/?p=13687"},"modified":"2024-04-23T15:31:20","modified_gmt":"2024-04-23T18:31:20","slug":"centro-universitario-integrado-se-destaca-entre-as-melhores-instituicoes-do-parana","status":"publish","type":"post","link":"https:\/\/vimagazine.com.br\/?p=13687","title":{"rendered":"Centro Universit\u00e1rio Integrado se destaca entre as melhores institui\u00e7\u00f5es do Paran\u00e1"},"content":{"rendered":"\n<p class=\"has-text-align-center\">Cursos de Direito, Tecnologia em Marketing e Administra\u00e7\u00e3o conquistam resultados de excel\u00eancia nas avalia\u00e7\u00f5es do MEC<\/p>\n\n\n\n<p class=\"has-text-align-center\">O Centro Universit\u00e1rio Integrado conquistou novas posi\u00e7\u00f5es de destaque educacional.<\/p>\n\n\n\n<p class=\"has-text-align-center\"> A institui\u00e7\u00e3o de ensino superior de Campo Mour\u00e3o obteve nota 4 no \u00cdndice Geral de Cursos (IGC), conforme os resultados das avalia\u00e7\u00f5es divulgadas pelo Minist\u00e9rio da Educa\u00e7\u00e3o (MEC) no come\u00e7o de abril.<\/p>\n\n\n\n<p class=\"has-text-align-center\">Essa foi a maior pontua\u00e7\u00e3o da regi\u00e3o Norte e Noroeste do Paran\u00e1.<\/p>\n\n\n\n<p class=\"has-text-align-center\"> O indicador mensura numa escala de 1 a 5 e leva em conta m\u00faltiplos fatores. <\/p>\n\n\n\n<p class=\"has-text-align-center\">O resultado coloca o Integrado na 17\u00aa posi\u00e7\u00e3o, entre as 128 institui\u00e7\u00f5es de ensino privadas do Paran\u00e1.<\/p>\n\n\n\n<p class=\"has-text-align-center\">\u201cAo atingir esse patamar, a institui\u00e7\u00e3o se consolida ainda mais no seu posicionamento de credibilidade e excel\u00eancia. <\/p>\n\n\n\n<p class=\"has-text-align-center\">Esse resultado mostra que o Integrado est\u00e1 cumprindo seu papel de formar profissionais extremamente qualificados para o mercado de trabalho, contribuindo para a sociedade\u201d, enfatiza a diretora acad\u00eamica do Centro Universit\u00e1rio Integrado, Luciana Pontes.<\/p>\n\n\n\n<p class=\"has-text-align-center\">Resultados de excel\u00eancia<br>Outro indicador que o MEC utiliza para mensurar a qualidade das gradua\u00e7\u00f5es \u00e9 o Conceito Preliminar de Curso (CPC); constitu\u00eddo de oito componentes, agrupados em quatro dimens\u00f5es.<\/p>\n\n\n\n<p class=\"has-text-align-center\">Ap\u00f3s essas an\u00e1lises, o curso de Direito do Integrado ficou em 1\u00ba lugar no Paran\u00e1 &#8211; dentre as mais de 100 universidades p\u00fablicas e privadas que oferecem essa gradua\u00e7\u00e3o &#8211; e alcan\u00e7ou a 8\u00ba melhor pontua\u00e7\u00e3o do Brasil; num ranking com 1.229 institui\u00e7\u00f5es de ensino superior.<\/p>\n\n\n\n<p class=\"has-text-align-center\">\u201cEntre os fatores que contribu\u00edram para esses resultados de excel\u00eancia est\u00e3o os professores atualizados com as \u00faltimas tend\u00eancias e inova\u00e7\u00f5es do campo jur\u00eddico; a revis\u00e3o e a constante atualiza\u00e7\u00e3o curricular sempre de olho nas demandas do mercado; as melhores pr\u00e1ticas pedag\u00f3gicas e a infraestrutura de ponta\u201d, destaca o professor, doutor em Direito e coordenador do curso no Integrado, Robervani Pierin do Prado.<\/p>\n\n\n\n<p class=\"has-text-align-center\">Destaques no Paran\u00e1 e no Brasil<br>Resultados semelhantes tiveram outros dois cursos. A nota do CPC colocou a gradua\u00e7\u00e3o de Tecnologia em Marketing (presencial) em 2\u00ba lugar no Brasil, entre 220 institui\u00e7\u00f5es de ensino. <\/p>\n\n\n\n<p class=\"has-text-align-center\">Em rela\u00e7\u00e3o aos resultados do Exame Nacional de Desempenho de Estudantes (Enade), essa forma\u00e7\u00e3o superior obteve o 1\u00ba lugar do Estado e a 6\u00aa posi\u00e7\u00e3o nacional.<\/p>\n\n\n\n<p class=\"has-text-align-center\">J\u00e1 o curso de Administra\u00e7\u00e3o (presencial) ficou na 1\u00aa posi\u00e7\u00e3o no Enade do Paran\u00e1 entre as institui\u00e7\u00f5es de ensino superior privadas e na 3\u00aa coloca\u00e7\u00e3o geral no CPC do Paran\u00e1, entre mais de 100 estabelecimentos que oferecem esse aprendizado.<\/p>\n\n\n\n<p class=\"has-text-align-center\">\u201cTemos compromisso com a qualidade. Nossos professores s\u00e3o especialistas em suas \u00e1reas de atua\u00e7\u00e3o e esses resultados comprovam que os trabalhos est\u00e3o sendo bem feitos\u201d, ressalta Marcelo Cordeiro, coordenador das duas gradua\u00e7\u00f5es.<\/p>\n\n\n\n<p class=\"has-text-align-center\">Posi\u00e7\u00f5es conquistadas<br>Confira a seguir as coloca\u00e7\u00f5es obtidas pela institui\u00e7\u00e3o de ensino superior de Campo Mour\u00e3o e por tr\u00eas cursos de gradua\u00e7\u00e3o, ap\u00f3s a divulga\u00e7\u00e3o dos resultados das avalia\u00e7\u00f5es do MEC:<\/p>\n\n\n\n<p class=\"has-text-align-center\">Centro Universit\u00e1rio Integrado<br>IGC 4, a maior pontua\u00e7\u00e3o da regi\u00e3o Norte e Noroeste do Paran\u00e1<br>17\u00ba lugar entre 128 privadas existentes do Paran\u00e1<\/p>\n\n\n\n<p class=\"has-text-align-center\">Curso de Direito<br>1\u00ba lugar no CPC no Paran\u00e1, entre mais de 100 universidades p\u00fablicas e privadas<br>8\u00ba lugar no CPC do Brasil, entre 1.229 universidades p\u00fablicas e privadas<\/p>\n\n\n\n<p class=\"has-text-align-center\">Curso de Tecnologia em Marketing (presencial)<br>1\u00ba lugar no Enade do Paran\u00e1<br>2\u00ba lugar no CPC em todo Brasil, entre 220 institui\u00e7\u00f5es de ensino superior<br>6\u00ba lugar no Enade em todo Brasil<\/p>\n\n\n\n<p class=\"has-text-align-center\">Curso de Administra\u00e7\u00e3o (presencial)<br>1\u00ba lugar no Enade do Paran\u00e1 entre as privadas<br>3\u00ba lugar no CPC do Paran\u00e1, entre mais de 100 institui\u00e7\u00f5es de ensino superior<\/p>\n\n\n\n<p class=\"has-text-align-center\">Sobre o Centro Universit\u00e1rio Integrado<br>Localizado em Campo Mour\u00e3o (PR), o Centro Universit\u00e1rio Integrado oferece, h\u00e1 mais de 25 anos, ensino superior de excel\u00eancia reconhecido pelo MEC com nota m\u00e1xima (5) no Conceito Institucional.<\/p>\n\n\n\n<p class=\"has-text-align-center\"> Preocupado com o que o mercado necessita, busca ofertar um ensino de qualidade voltado \u00e0s compet\u00eancias que precisam ser desenvolvidas por todos os profissionais.<\/p>\n\n\n\n<p class=\"has-text-align-center\">Para isso, conta com infraestrutura moderna, laborat\u00f3rios com tecnologia de ponta, metodologias de ensino inovadoras e corpo docente com forte experi\u00eancia acad\u00eamica e viv\u00eancia pr\u00e1tica.<\/p>\n\n\n\n<p class=\"has-text-align-center\">Atualmente, o Integrado oferece mais de 55 cursos de gradua\u00e7\u00e3o presencial, semipresencial e a dist\u00e2ncia, incluindo Direito, Medicina e Odontologia e mais de 100 cursos de p\u00f3s-gradua\u00e7\u00e3o em diversas \u00e1reas do conhecimento.<\/p>\n\n\n\n<p class=\"has-text-align-center\"><\/p>\n\n\n\n<p class=\"has-text-align-center\">Cr\u00e9dito da foto<br>Centro Universit\u00e1rio Integrado<\/p>\n\n\n\n<p class=\"has-text-align-center\">Relacionamento com a imprensa | www.grupointegrado.br<\/p>\n\n\n\n<p class=\"has-text-align-center\">Mem Comunica\u00e7\u00e3o &#8211; www.memcomunicacao.com.br<br>Jo\u00e3o Al\u00e9cio Mem \u2013 (41) 9 9124-9748 joaoalecioassessoria@gmail.com<br>Marlise Groth Mem &#8211; (41) 9 9908-0511 marliseassessoria@gmail.com<br>Jornalismo \/ Assessoria de Imprensa \/ Consultoria em Comunica\u00e7\u00e3o e Eventos \/ Produ\u00e7\u00e3o e Revis\u00e3o de Conte\u00fado<br>@mem_e_mem_agencia_de_noticias<\/p>\n","protected":false},"excerpt":{"rendered":"<p>Cursos de Direito, Tecnologia em Marketing e Administra\u00e7\u00e3o conquistam resultados de excel\u00eancia nas avalia\u00e7\u00f5es do&#8230;<\/p>\n","protected":false},"author":3,"featured_media":13688,"comment_status":"closed","ping_status":"open","sticky":false,"template":"","format":"standard","meta":{"om_disable_all_campaigns":false,"_monsterinsights_skip_tracking":false,"_monsterinsights_sitenote_active":false,"_monsterinsights_sitenote_note":"","_monsterinsights_sitenote_category":0,"spay_email":""},"categories":[1],"tags":[],"jetpack_featured_media_url":"https:\/\/vimagazine.com.br\/wp-content\/uploads\/2024\/04\/WhatsApp-Image-2024-04-23-at-14.30.43.jpeg","_links":{"self":[{"href":"https:\/\/vimagazine.com.br\/index.php?rest_route=\/wp\/v2\/posts\/13687"}],"collection":[{"href":"https:\/\/vimagazine.com.br\/index.php?rest_route=\/wp\/v2\/posts"}],"about":[{"href":"https:\/\/vimagazine.com.br\/index.php?rest_route=\/wp\/v2\/types\/post"}],"author":[{"embeddable":true,"href":"https:\/\/vimagazine.com.br\/index.php?rest_route=\/wp\/v2\/users\/3"}],"replies":[{"embeddable":true,"href":"https:\/\/vimagazine.com.br\/index.php?rest_route=%2Fwp%2Fv2%2Fcomments&post=13687"}],"version-history":[{"count":1,"href":"https:\/\/vimagazine.com.br\/index.php?rest_route=\/wp\/v2\/posts\/13687\/revisions"}],"predecessor-version":[{"id":13689,"href":"https:\/\/vimagazine.com.br\/index.php?rest_route=\/wp\/v2\/posts\/13687\/revisions\/13689"}],"wp:featuredmedia":[{"embeddable":true,"href":"https:\/\/vimagazine.com.br\/index.php?rest_route=\/wp\/v2\/media\/13688"}],"wp:attachment":[{"href":"https:\/\/vimagazine.com.br\/index.php?rest_route=%2Fwp%2Fv2%2Fmedia&parent=13687"}],"wp:term":[{"taxonomy":"category","embeddable":true,"href":"https:\/\/vimagazine.com.br\/index.php?rest_route=%2Fwp%2Fv2%2Fcategories&post=13687"},{"taxonomy":"post_tag","embeddable":true,"href":"https:\/\/vimagazine.com.br\/index.php?rest_route=%2Fwp%2Fv2%2Ftags&post=13687"}],"curies":[{"name":"wp","href":"https:\/\/api.w.org\/{rel}","templated":true}]}}