{"id":13690,"date":"2024-04-23T15:35:56","date_gmt":"2024-04-23T18:35:56","guid":{"rendered":"https:\/\/vimagazine.com.br\/?p=13690"},"modified":"2024-04-23T15:37:11","modified_gmt":"2024-04-23T18:37:11","slug":"festival-de-corais-de-joinville-abre-inscricoes","status":"publish","type":"post","link":"https:\/\/vimagazine.com.br\/?p=13690","title":{"rendered":"Festival de Corais de Joinville abre inscri\u00e7\u00f5es"},"content":{"rendered":"\n<p class=\"has-text-align-center\">O Instituto Arte Maior anuncia a abertura de inscri\u00e7\u00f5es para o 4\u00ba Festival de Corais de Joinville, que se realiza de 5 a 7 de julho.<\/p>\n\n\n\n<p class=\"has-text-align-center\">At\u00e9 28 de junho, corais interessados podem reservar uma vaga pelo site festivaldecoraisjoinville.com.br. Inscri\u00e7\u00f5es feitas at\u00e9 31 de maio ter\u00e3o pre\u00e7o promocional. <\/p>\n\n\n\n<p class=\"has-text-align-center\">S\u00e3o quatro modalidades de ades\u00e3o: para participar da mostra competitiva, para a mostra n\u00e3o competitiva, inscri\u00e7\u00e3o individual e apenas para o palco aberto.<\/p>\n\n\n\n<p class=\"has-text-align-center\">A programa\u00e7\u00e3o tamb\u00e9m inclui atividades did\u00e1ticas com professores e regentes.<\/p>\n\n\n\n<p class=\"has-text-align-center\">Em 2023, o festival retornou ao calend\u00e1rio cultural de Joinville ap\u00f3s um per\u00edodo de tr\u00eas anos sem ser realizado. <\/p>\n\n\n\n<p class=\"has-text-align-center\">\u00c0 frente da organiza\u00e7\u00e3o, o Instituto Arte Maior, principal escola de m\u00fasica de Joinville, e que mant\u00e9m um conhecido coral infantojuvenil. <\/p>\n\n\n\n<p class=\"has-text-align-center\">A 3\u00aa edi\u00e7\u00e3o reuniu 17 corais de v\u00e1rias cidades catarinenses, com um total de 500 vozes.<\/p>\n\n\n\n<p class=\"has-text-align-center\">O campe\u00e3o da mostra competitiva foi o Coral da Univali, de Itaja\u00ed. <\/p>\n\n\n\n<p class=\"has-text-align-center\">O segundo lugar foi para o Coral Abar\u00e9. <\/p>\n\n\n\n<p class=\"has-text-align-center\">Em terceiro, o Coral Universit\u00e1rio Unisul, e, na quarta coloca\u00e7\u00e3o, o Coral Vozes em Harmonia.<\/p>\n\n\n\n<p class=\"has-text-align-center\">Assessoria de imprensa Instituto Arte Maior.<\/p>\n\n\n\n<p class=\"has-text-align-center\"> Jornalista respons\u00e1vel: <\/p>\n\n\n\n<p class=\"has-text-align-center\">Guilherme Diefenthaeler<\/p>\n\n\n\n<p class=\"has-text-align-center\"> (reg. prof. 6207\/RS).<\/p>\n\n\n\n<p class=\"has-text-align-center\"> WhatsApp (47) 98403-2745.<\/p>\n\n\n\n<p><\/p>\n","protected":false},"excerpt":{"rendered":"<p>O Instituto Arte Maior anuncia a abertura de inscri\u00e7\u00f5es para o 4\u00ba Festival de Corais&#8230;<\/p>\n","protected":false},"author":3,"featured_media":13691,"comment_status":"closed","ping_status":"open","sticky":false,"template":"","format":"standard","meta":{"om_disable_all_campaigns":false,"_monsterinsights_skip_tracking":false,"_monsterinsights_sitenote_active":false,"_monsterinsights_sitenote_note":"","_monsterinsights_sitenote_category":0,"spay_email":""},"categories":[1],"tags":[],"jetpack_featured_media_url":"https:\/\/vimagazine.com.br\/wp-content\/uploads\/2024\/04\/WhatsApp-Image-2024-04-22-at-07.38.12.jpeg","_links":{"self":[{"href":"https:\/\/vimagazine.com.br\/index.php?rest_route=\/wp\/v2\/posts\/13690"}],"collection":[{"href":"https:\/\/vimagazine.com.br\/index.php?rest_route=\/wp\/v2\/posts"}],"about":[{"href":"https:\/\/vimagazine.com.br\/index.php?rest_route=\/wp\/v2\/types\/post"}],"author":[{"embeddable":true,"href":"https:\/\/vimagazine.com.br\/index.php?rest_route=\/wp\/v2\/users\/3"}],"replies":[{"embeddable":true,"href":"https:\/\/vimagazine.com.br\/index.php?rest_route=%2Fwp%2Fv2%2Fcomments&post=13690"}],"version-history":[{"count":2,"href":"https:\/\/vimagazine.com.br\/index.php?rest_route=\/wp\/v2\/posts\/13690\/revisions"}],"predecessor-version":[{"id":13693,"href":"https:\/\/vimagazine.com.br\/index.php?rest_route=\/wp\/v2\/posts\/13690\/revisions\/13693"}],"wp:featuredmedia":[{"embeddable":true,"href":"https:\/\/vimagazine.com.br\/index.php?rest_route=\/wp\/v2\/media\/13691"}],"wp:attachment":[{"href":"https:\/\/vimagazine.com.br\/index.php?rest_route=%2Fwp%2Fv2%2Fmedia&parent=13690"}],"wp:term":[{"taxonomy":"category","embeddable":true,"href":"https:\/\/vimagazine.com.br\/index.php?rest_route=%2Fwp%2Fv2%2Fcategories&post=13690"},{"taxonomy":"post_tag","embeddable":true,"href":"https:\/\/vimagazine.com.br\/index.php?rest_route=%2Fwp%2Fv2%2Ftags&post=13690"}],"curies":[{"name":"wp","href":"https:\/\/api.w.org\/{rel}","templated":true}]}}