{"id":13708,"date":"2024-04-24T13:00:25","date_gmt":"2024-04-24T16:00:25","guid":{"rendered":"https:\/\/vimagazine.com.br\/?p=13708"},"modified":"2024-04-24T13:00:26","modified_gmt":"2024-04-24T16:00:26","slug":"memoria-do-radio-brasileiro-paixao-superacao-fica-a-licao","status":"publish","type":"post","link":"https:\/\/vimagazine.com.br\/?p=13708","title":{"rendered":"Memoria do R\u00e1dio Brasileiro : Paix\u00e3o, Supera\u00e7\u00e3o &#8211; Fica a Li\u00e7\u00e3o."},"content":{"rendered":"\n<figure class=\"wp-block-image aligncenter size-large is-resized\"><img src=\"https:\/\/vimagazine.com.br\/wp-content\/uploads\/2024\/04\/IMG-20240423-WA0037-1024x1024.jpg\" alt=\"\" class=\"wp-image-13709\" width=\"602\" height=\"602\" srcset=\"https:\/\/vimagazine.com.br\/wp-content\/uploads\/2024\/04\/IMG-20240423-WA0037-1024x1024.jpg 1024w, https:\/\/vimagazine.com.br\/wp-content\/uploads\/2024\/04\/IMG-20240423-WA0037-300x300.jpg 300w, https:\/\/vimagazine.com.br\/wp-content\/uploads\/2024\/04\/IMG-20240423-WA0037-150x150.jpg 150w, https:\/\/vimagazine.com.br\/wp-content\/uploads\/2024\/04\/IMG-20240423-WA0037-768x768.jpg 768w, https:\/\/vimagazine.com.br\/wp-content\/uploads\/2024\/04\/IMG-20240423-WA0037-1536x1536.jpg 1536w, https:\/\/vimagazine.com.br\/wp-content\/uploads\/2024\/04\/IMG-20240423-WA0037.jpg 1600w\" sizes=\"(max-width: 602px) 100vw, 602px\" \/><\/figure>\n\n\n\n<p><strong><em>&#8220;Aqui \u00e9 o Rep\u00f3rter Esso, testemunha ocular da hist\u00f3ria&#8221;\u202f<\/em><\/strong>Assim, citando o slogan do ic\u00f4nico programa de radiojornalismo,\u202f<strong>O Seu Rep\u00f3rter Esso<\/strong>, que abrilhantou as transmiss\u00f5es do r\u00e1dio brasileiro de 10 de abril de 1952 a 31 de dezembro de 1970, o apresentador\u202f<strong>Rafa Zimbaldi<\/strong>\u202fcome\u00e7ou o seu programa<strong>,\u202fHist\u00f3rias em Conex\u00e3o<\/strong>, numa edi\u00e7\u00e3o dedicada \u00e0 mem\u00f3ria do r\u00e1dio brasileiro, e que foi ao ar recentemente pela\u202f<strong>TV S\u00e9culo 21<\/strong>,&nbsp;<\/p>\n\n\n\n<p>Durante uma hora, o apresentador entrevistou o radialista veterano Walter Paradella, de Campinas SP, que falou sobre sua experi\u00eancia de uma vida inteira dedicada ao r\u00e1dio, contou hist\u00f3rias pitorescas e engra\u00e7adas e explicou porque s\u00f3 a m\u00eddia r\u00e1dio \u00e9 capaz de mexer tanto com a imagina\u00e7\u00e3o das pessoas.\u202f&nbsp;<\/p>\n\n\n\n<p><a href=\"https:\/\/youtu.be\/QYZ1uXWvtUs?si=TY6a1SqcwQDh3l5v\" target=\"_blank\" rel=\"noreferrer noopener\">Assista a historia do DJ Prod\u00edgio e Lu\u00eds Fernando : Paix\u00e3o pelo R\u00e1dio e Supera\u00e7\u00e3o de Desafios<\/a>\u202f&nbsp;<\/p>\n\n\n\n<p>(\u202fhttps:\/\/youtu.be\/QYZ1uXWvtUs?si=TY6a1SqcwQDh3l5v\u202f )&nbsp;<\/p>\n\n\n\n<p>O programa mostrou tamb\u00e9m a <strong>incr\u00edvel hist\u00f3ria de Lu\u00eds Fernando Cossolino, um deficiente visual<\/strong> <strong>apaixonado pela hist\u00f3ria do r\u00e1dio<\/strong> e que tem em seu poder um acervo espetacular de arquivos hist\u00f3ricos, coletado ao longo de mais de 25 anos como radialista. Lu\u00eds Fernando sempre alimentou o sonho de poder trabalhar com a digitaliza\u00e7\u00e3o e restaura\u00e7\u00e3o desse acervo, mas esbarrava sempre nas limita\u00e7\u00f5es t\u00e9cnicas impostas pela sua defici\u00eancia visual.<strong><em>\u202fUm dia, no \u00f4nibus, voltando de S\u00e3o Paulo, onde tinha ido mais uma vez em busca de uma tentativa de solu\u00e7\u00e3o e mais uma vez tinha ouvido um &#8220;n\u00e3o&#8221; como resposta, conheceu &#8220;por acaso&#8221; o especialista em produ\u00e7\u00e3o e edi\u00e7\u00e3o musical, DJ Prod\u00edgio de Valinhos SP. Os dois acabaram fazendo amizade e o DJ Prod\u00edgio, sensibilizado com o dilema do Lu\u00eds Fernando, prometeu buscar uma solu\u00e7\u00e3o que pudesse realizar o sonho do novo amigo.\u202f<\/em><\/strong>No seu est\u00fadio DJ Prod\u00edgio se colocou no lugar do Lu\u00eds e, com a tela do computador desligada ou com os olhos fechados, utilizando apenas o teclado, acabou por criar um sistema com o qual Lu\u00eds Fernando passou a n\u00e3o s\u00f3 digitalizar como tamb\u00e9m restaurar todo o seu acervo. Isso aconteceu em 2006 quando n\u00e3o existia a facilidade da tecnologia atual e <strong>hoje Lu\u00eds Fernando trabalha com afinco, inclusive restaurando parte do acervo do MIS de Campinas, sem ganhar nada por isso, apenas movido por essa paix\u00e3o pelo r\u00e1dio.<\/strong>&nbsp;<\/p>\n\n\n\n<p><strong>Durante o programa\u202fHist\u00f3rias em Conex\u00e3o,\u202fo\u202f<\/strong><strong><em>radialista Walter Paradella, ao ver a hist\u00f3ria de Lu\u00eds Fernando fez o seguinte coment\u00e1rio: &#8220;Duas coisas me chamaram a aten\u00e7\u00e3o. A paix\u00e3o dele (Lu\u00eds Fernando) pelo r\u00e1dio, e o fato de duas pessoas, uma delas deficiente visual, n\u00e3o receberem nenhuma ajuda do poder p\u00fablico, nenhuma ajuda de quem poderia fazer alguma coisa por eles. Fica a li\u00e7\u00e3o&#8221;.<\/em><\/strong>&nbsp;<\/p>\n\n\n\n<figure class=\"wp-block-image size-large\"><img width=\"1024\" height=\"555\" src=\"https:\/\/vimagazine.com.br\/wp-content\/uploads\/2024\/04\/image-1024x555.jpeg\" alt=\"\" class=\"wp-image-13710\" srcset=\"https:\/\/vimagazine.com.br\/wp-content\/uploads\/2024\/04\/image-1024x555.jpeg 1024w, https:\/\/vimagazine.com.br\/wp-content\/uploads\/2024\/04\/image-300x163.jpeg 300w, https:\/\/vimagazine.com.br\/wp-content\/uploads\/2024\/04\/image-768x416.jpeg 768w, https:\/\/vimagazine.com.br\/wp-content\/uploads\/2024\/04\/image.jpeg 1078w\" sizes=\"(max-width: 1024px) 100vw, 1024px\" \/><\/figure>\n\n\n\n<p>Walter Paradella\u202f (Radialista) e Rafa Zimbaldi (Foto: Reprodu\u00e7\u00e3o \u200b)&nbsp;<\/p>\n\n\n\n<p>Parab\u00e9ns \u00e0\u202f<strong>TV S\u00e9culo 21<\/strong>\u202fe parab\u00e9ns ao programa\u202f<strong>Hist\u00f3rias em Conex\u00e3o<\/strong>, muito bem conduzido pelo seu apresentador\u202f<strong>Rafa Zimbaldi<\/strong>, pela iniciativa de dar visibilidade a uma hist\u00f3ria dessas e \u00e0 hist\u00f3ria do veterano <strong>radialista Walter Paradella<\/strong>.\u202f<strong>Isso demonstra o devido respeito que o Canal e o programa t\u00eam pela mem\u00f3ria do r\u00e1dio brasileiro.<\/strong>\u00a0<\/p>\n\n\n\n<p>Equipe Produ\u00e7\u00e3o Hist\u00f3rias em Conex\u00e3o ( Tv. Seculo 21) ( Foto: M\u00e1rcia Ara\u00fajo<a>)<\/a><\/p>\n","protected":false},"excerpt":{"rendered":"<p>&#8220;Aqui \u00e9 o Rep\u00f3rter Esso, testemunha ocular da hist\u00f3ria&#8221;\u202fAssim, citando o slogan do ic\u00f4nico programa&#8230;<\/p>\n","protected":false},"author":19,"featured_media":13711,"comment_status":"closed","ping_status":"open","sticky":false,"template":"","format":"standard","meta":{"om_disable_all_campaigns":false,"_monsterinsights_skip_tracking":false,"_monsterinsights_sitenote_active":false,"_monsterinsights_sitenote_note":"","_monsterinsights_sitenote_category":0,"spay_email":""},"categories":[31],"tags":[],"jetpack_featured_media_url":"https:\/\/vimagazine.com.br\/wp-content\/uploads\/2024\/04\/IMG-20240423-WA0039.jpg","_links":{"self":[{"href":"https:\/\/vimagazine.com.br\/index.php?rest_route=\/wp\/v2\/posts\/13708"}],"collection":[{"href":"https:\/\/vimagazine.com.br\/index.php?rest_route=\/wp\/v2\/posts"}],"about":[{"href":"https:\/\/vimagazine.com.br\/index.php?rest_route=\/wp\/v2\/types\/post"}],"author":[{"embeddable":true,"href":"https:\/\/vimagazine.com.br\/index.php?rest_route=\/wp\/v2\/users\/19"}],"replies":[{"embeddable":true,"href":"https:\/\/vimagazine.com.br\/index.php?rest_route=%2Fwp%2Fv2%2Fcomments&post=13708"}],"version-history":[{"count":1,"href":"https:\/\/vimagazine.com.br\/index.php?rest_route=\/wp\/v2\/posts\/13708\/revisions"}],"predecessor-version":[{"id":13712,"href":"https:\/\/vimagazine.com.br\/index.php?rest_route=\/wp\/v2\/posts\/13708\/revisions\/13712"}],"wp:featuredmedia":[{"embeddable":true,"href":"https:\/\/vimagazine.com.br\/index.php?rest_route=\/wp\/v2\/media\/13711"}],"wp:attachment":[{"href":"https:\/\/vimagazine.com.br\/index.php?rest_route=%2Fwp%2Fv2%2Fmedia&parent=13708"}],"wp:term":[{"taxonomy":"category","embeddable":true,"href":"https:\/\/vimagazine.com.br\/index.php?rest_route=%2Fwp%2Fv2%2Fcategories&post=13708"},{"taxonomy":"post_tag","embeddable":true,"href":"https:\/\/vimagazine.com.br\/index.php?rest_route=%2Fwp%2Fv2%2Ftags&post=13708"}],"curies":[{"name":"wp","href":"https:\/\/api.w.org\/{rel}","templated":true}]}}