{"id":13717,"date":"2024-04-24T18:12:38","date_gmt":"2024-04-24T21:12:38","guid":{"rendered":"https:\/\/vimagazine.com.br\/?p=13717"},"modified":"2024-04-24T18:12:39","modified_gmt":"2024-04-24T21:12:39","slug":"segunda-edicao-do-k-festival-retorna-em-grande-estilo-a-brasilia-com-show-do-ntx","status":"publish","type":"post","link":"https:\/\/vimagazine.com.br\/?p=13717","title":{"rendered":"Segunda Edi\u00e7\u00e3o do K-Festival retorna em grande estilo a Bras\u00edlia com show do NTX"},"content":{"rendered":"\n<p>O\u00a0<strong>K-Festival<\/strong>\u00a0est\u00e1 de volta para sua t\u00e3o aguardada segunda edi\u00e7\u00e3o, prometendo encantar e celebrar a amizade entre Brasil e Coreia. <\/p>\n\n\n\n<p>O evento, que une cultura, informa\u00e7\u00e3o e entretenimento, acontecer\u00e1 nos dias 2, 3 e 4 de agosto de 2024, no Estacionamento 12 do Parque da Cidade Sarah Kubitschek, em Bras\u00edlia\/DF.<\/p>\n\n\n\n<p> A entrada \u00e9 gratuita para todos os participantes.<\/p>\n\n\n\n<p>A primeira edi\u00e7\u00e3o do evento foi um sucesso estrondoso, atraindo mais de\u00a0<strong>52 mil pessoas<\/strong>\u00a0nos tr\u00eas dias de festa. <\/p>\n\n\n\n<p>E nesta segunda edi\u00e7\u00e3o, ter\u00e1 uma ampla gama de atra\u00e7\u00f5es. <\/p>\n\n\n\n<p>O K-Festival promete tr\u00eas dias de divers\u00e3o e imers\u00e3o na cultura coreana, os visitantes poder\u00e3o desfrutar de uma variedade de atividades, incluindo competi\u00e7\u00f5es de dan\u00e7a cover, performances de DJs, oportunidades de compras em lojinhas tem\u00e1ticas, apresenta\u00e7\u00f5es de dan\u00e7a tradicional e culin\u00e1ria coreana aut\u00eantica.<\/p>\n\n\n\n<p>A atra\u00e7\u00e3o principal deste ano ficar\u00e1 ao encargo do boygroup\u00a0<strong>NTX<\/strong>, que se apresentar\u00e1 nos dias 3 e 4 de agosto. <\/p>\n\n\n\n<figure class=\"wp-block-image size-full\"><img width=\"630\" height=\"210\" src=\"https:\/\/vimagazine.com.br\/wp-content\/uploads\/2024\/04\/Artboard-1.png\" alt=\"\" class=\"wp-image-13719\" srcset=\"https:\/\/vimagazine.com.br\/wp-content\/uploads\/2024\/04\/Artboard-1.png 630w, https:\/\/vimagazine.com.br\/wp-content\/uploads\/2024\/04\/Artboard-1-300x100.png 300w\" sizes=\"(max-width: 630px) 100vw, 630px\" \/><\/figure>\n\n\n\n<p>Composta por oito membros:<strong>\u00a0Hyeonjin, Yunhyeok, Jaemin, Changhun, Hojun, Rawhyun, Eunho, e Seungwon,\u00a0<\/strong>vem conquistando cora\u00e7\u00f5es desde sua estreia oficial em 30 de mar\u00e7o de 2021.<\/p>\n\n\n\n<p>Formada pela Victory Company, NTX, que significa\u00a0<strong>\u201cNEO TRACKS NO.X\u201d<\/strong>\u00a0e representa<strong>\u201c8 crian\u00e7as pioneiras em novos caminhos musicais\u201d<\/strong>, fez sua grande entrada na cena musical com o single principal\u00a0<strong>\u201cKiss The World\u201d<\/strong>, parte de seu EP de estreia intitulado\u00a0<strong>\u201cFull of Lovescapes\u201d<\/strong>. <\/p>\n\n\n\n<p>Desde ent\u00e3o, o grupo tem encantado f\u00e3s com sua energia contagiante e performances cativantes. <\/p>\n\n\n\n<p>Apesar de uma mudan\u00e7a em sua forma\u00e7\u00e3o em novembro de 2022, o esp\u00edrito e a paix\u00e3o do NTX permanecem inabal\u00e1veis para os\u00a0<strong>NTFUL<\/strong>, nome dado ao fandom do grupo.<\/p>\n\n\n\n<p>Antes de sua estreia oficial, NTX lan\u00e7ou uma s\u00e9rie de singles de pr\u00e9-lan\u00e7amento sob o t\u00edtulo<strong>\u201cThe Opening\u201d<\/strong>, incluindo faixas como\u00a0<strong>\u201cPublic\u201d<\/strong>,<strong>\u201cBasic Yell\u201d<\/strong>,\u00a0<strong>\u201cHerma\u201d<\/strong>\u00a0e\u00a0<strong>\u201cThe Finale\u201d<\/strong>. <\/p>\n\n\n\n<p>Sua jornada musical foi marcada por momentos emocionantes, incluindo o primeiro mini concerto independente For You em maio de 2021 e apari\u00e7\u00f5es em programas de televis\u00e3o sul-coreanos.<\/p>\n\n\n\n<p>Agora, o p\u00fablico brasileiro ter\u00e1 a oportunidade ver de pertinho o NTX ao vivo no K-Festival, um evento que promete celebrar a cultura e o entretenimento coreano em grande estilo.<\/p>\n\n\n\n<p>\u00a0Para garantir sua presen\u00e7a no K-Festival, os interessados devem obter seu ingresso gratuito atrav\u00e9s do site da\u00a0<a href=\"https:\/\/www.sympla.com.br\/evento\/k-festival-festival-da-cultura-coreana-2-edicao\/2405861?referrer=www.google.com\" target=\"_blank\" rel=\"noreferrer noopener\">Sympla\u00a0<\/a>e apresent\u00e1-lo na entrada do evento.<strong>DETALHES DO EVENTO:<\/strong><\/p>\n\n\n\n<ul><li>Local: Estacionamento 12 (Parque Ana L\u00eddia), Parque da Cidade Sarah Kubitschek &#8211; Bras\u00edlia\/DF<\/li><li>Hor\u00e1rio: 11h \u00e0s 22h (exceto domingo, que encerrar\u00e1 \u00e0s 19h)<\/li><li>Data: 02, 03 e 04 de Agosto de 2024<\/li><li>Ingresso: Para retirar seu ingresso gratuito, visite o site da\u00a0<a href=\"https:\/\/www.sympla.com.br\/evento\/k-festival-festival-da-cultura-coreana-2-edicao\/2405861?referrer=www.google.com\" target=\"_blank\" rel=\"noreferrer noopener\">Sympla<\/a><\/li><li>Instagram: Siga-nos em<a href=\"https:\/\/www.instagram.com\/kfestival.kfcc\/\" target=\"_blank\" rel=\"noreferrer noopener\">\u00a0https:\/\/www.instagram.com\/kfestival.kfcc\/<\/a><\/li><\/ul>\n\n\n\n<p><strong>Marisa Borges<\/strong><\/p>\n\n\n\n<p>Assessora de Imprensa<\/p>\n","protected":false},"excerpt":{"rendered":"<p>O\u00a0K-Festival\u00a0est\u00e1 de volta para sua t\u00e3o aguardada segunda edi\u00e7\u00e3o, prometendo encantar e celebrar a amizade&#8230;<\/p>\n","protected":false},"author":3,"featured_media":13718,"comment_status":"closed","ping_status":"open","sticky":false,"template":"","format":"standard","meta":{"om_disable_all_campaigns":false,"_monsterinsights_skip_tracking":false,"_monsterinsights_sitenote_active":false,"_monsterinsights_sitenote_note":"","_monsterinsights_sitenote_category":0,"spay_email":""},"categories":[1],"tags":[],"jetpack_featured_media_url":"https:\/\/vimagazine.com.br\/wp-content\/uploads\/2024\/04\/NTX-entiegseu-1st-Album-ODD-HOUR-Concept.jpeg","_links":{"self":[{"href":"https:\/\/vimagazine.com.br\/index.php?rest_route=\/wp\/v2\/posts\/13717"}],"collection":[{"href":"https:\/\/vimagazine.com.br\/index.php?rest_route=\/wp\/v2\/posts"}],"about":[{"href":"https:\/\/vimagazine.com.br\/index.php?rest_route=\/wp\/v2\/types\/post"}],"author":[{"embeddable":true,"href":"https:\/\/vimagazine.com.br\/index.php?rest_route=\/wp\/v2\/users\/3"}],"replies":[{"embeddable":true,"href":"https:\/\/vimagazine.com.br\/index.php?rest_route=%2Fwp%2Fv2%2Fcomments&post=13717"}],"version-history":[{"count":1,"href":"https:\/\/vimagazine.com.br\/index.php?rest_route=\/wp\/v2\/posts\/13717\/revisions"}],"predecessor-version":[{"id":13720,"href":"https:\/\/vimagazine.com.br\/index.php?rest_route=\/wp\/v2\/posts\/13717\/revisions\/13720"}],"wp:featuredmedia":[{"embeddable":true,"href":"https:\/\/vimagazine.com.br\/index.php?rest_route=\/wp\/v2\/media\/13718"}],"wp:attachment":[{"href":"https:\/\/vimagazine.com.br\/index.php?rest_route=%2Fwp%2Fv2%2Fmedia&parent=13717"}],"wp:term":[{"taxonomy":"category","embeddable":true,"href":"https:\/\/vimagazine.com.br\/index.php?rest_route=%2Fwp%2Fv2%2Fcategories&post=13717"},{"taxonomy":"post_tag","embeddable":true,"href":"https:\/\/vimagazine.com.br\/index.php?rest_route=%2Fwp%2Fv2%2Ftags&post=13717"}],"curies":[{"name":"wp","href":"https:\/\/api.w.org\/{rel}","templated":true}]}}