{"id":13723,"date":"2024-04-25T15:57:27","date_gmt":"2024-04-25T18:57:27","guid":{"rendered":"https:\/\/vimagazine.com.br\/?p=13723"},"modified":"2024-04-25T15:57:27","modified_gmt":"2024-04-25T18:57:27","slug":"branca-barao-e-rafael-cortez-abrem-vagas-limitadas-de-mentoria-para-palestrantes","status":"publish","type":"post","link":"https:\/\/vimagazine.com.br\/?p=13723","title":{"rendered":"Branca Bar\u00e3o e Rafael Cortez abrem vagas limitadas de mentoria para palestrantes"},"content":{"rendered":"\n<p><\/p>\n\n\n\n<p><\/p>\n\n\n\n<p class=\"has-medium-font-size\"><strong>A mentoria mais completa do Brasil! &#8211; Uma mentoria de verdade com mentores palestrantes que vivem de palestras de verdade pra voc\u00ea se tornar um palestrante de verdade<\/strong><\/p>\n\n\n\n<p><\/p>\n\n\n\n<p>Est\u00e3o oficialmente abertas as inscri\u00e7\u00f5es para a mentoria \u201cProspere Falando\u201d, com Branca Bar\u00e3o e Rafael Cortez. A partir de agora, a dupla vai fazer mentorias pelo Brasil unindo a expertise de cada um para treinar e aumentar a performance de quem deseja atuar no segmento de palestra. As vagas s\u00e3o limitadas e ficam abertas por tempo limitado.<\/p>\n\n\n\n<p>O programa completo \u00e9 realizado de forma ao vivo e h\u00edbrida (encontros online e imers\u00e3o presencial) e inclui 10 etapas, come\u00e7ando com a aplica\u00e7\u00e3o de discursos exclusivos com o tema \u201cRompendo as cren\u00e7as limitantes e descobrindo os segredos das oportunidades\u201d. Em seguida, \u00e9 proposta uma atividade para que o participante descubra e refine o tema da sua pr\u00f3pria palestra extraindo o que h\u00e1 de mais aut\u00eantico em cada um, j\u00e1 que a\u00ed \u00e9 onde reside o diferencial de um palestrante de alto n\u00edvel.<\/p>\n\n\n\n<p>A partir da terceira etapa, cada um constr\u00f3i e desenvolve uma palestra aplicando as t\u00e9cnicas mais atuais e eficazes de storytelling direcionadas para palestrantes de alto impacto e que s\u00e3o ensinadas nas sess\u00f5es, para come\u00e7ar literalmente do zero. Depois, \u00e9 realizada uma consultoria personalizada para que os participantes aprendam a potencializar a presen\u00e7a no ambiente digital, como t\u00e9cnicas de branding no Youtube, Linkedin, Instagram, TikTok e Facebook.<\/p>\n\n\n\n<p>Criando um portf\u00f3lio do zero<\/p>\n\n\n\n<p>Um dos processos mais importantes para um palestrante de alto n\u00edvel \u00e9 a apresenta\u00e7\u00e3o visual do seu portf\u00f3lio. Pensando nisso, ser\u00e3o realizadas sess\u00f5es de fotos profissionais para que os participantes concluam a mentoria j\u00e1 com material pronto para sair em busca da prospec\u00e7\u00e3o. Al\u00e9m disso, ser\u00e1 entregue ao final da mentoria um v\u00eddeo e teaser da palestra de cada um como parte do portf\u00f3lio.<\/p>\n\n\n\n<p>Ao final, ser\u00e1 realizada uma imers\u00e3o presencial com os treinos e t\u00e9cnicas mais atuais do mercado para potencializar a presen\u00e7a de palco e a palestra. Completando a mentoria, cada participante vai ter a oportunidade de palestrar no evento SAP Speakers SHEIKRA com plateia e produ\u00e7\u00e3o profissional, incluindo a possibilidade de fazer networking com poss\u00edveis contratantes.<\/p>\n\n\n\n<p>Desenvolvida por Branca Bar\u00e3o, especialista em comunica\u00e7\u00e3o persuasiva e magn\u00e9tica, a mentoria \u201cProspere Falando\u201d, \u00e9 voltada para profissionais que desejam ser altamente requisitados pelas empresas, impulsionar a carreira, criar estrat\u00e9gias de prospec\u00e7\u00e3o e obter reconhecimento aumentando seu valor de marca pessoal.<\/p>\n\n\n\n<p>\u201cA mentoria \u2018Prospere Falando\u2019 surge como uma resposta \u00e0 demanda de mercado, oferecendo orienta\u00e7\u00e3o personalizada e pr\u00e1tica para aqueles que desejam se destacar nesse segmento\u201d, afirma Branca Bar\u00e3o. A abordagem \u00fanica do \u201cProspere Falando\u201d n\u00e3o apenas capacita os participantes a se destacarem como palestrantes e treinadores de pessoas, mas tamb\u00e9m os prepara para desbloquear oportunidades diante das c\u00e2meras, conquistar p\u00fablicos e alcan\u00e7ar resultados significativos atrav\u00e9s da orat\u00f3ria.<\/p>\n\n\n\n<p>Rafael Cortez assume com Branca a mentoria trazendo a import\u00e2ncia da atitude em cada uma das etapas e como desenvolver essa habilidade. Ele, que \u00e9 jornalista, m\u00fasico, ator, apresentador e humorista, em 2024, completa 30 anos de carreira no mercado cultural e 15 anos no segmento de artes e comunica\u00e7\u00e3o. Ficou nacionalmente conhecido por ser um dos apresentadores do programa CQC (TV Band), al\u00e9m de j\u00e1 ter realizado trabalhos em programas de televis\u00e3o nas emissoras da TV Record, TV Globo, Comedy Central e TV Cultura. Hoje, Rafa Cortez \u00e9 integrante do quadro Roda Solta, do The Noite com Danilo Gentili, do SBT.<\/p>\n\n\n\n<p>Paralelamente, o comunicador segue h\u00e1 16 anos com seus solos de com\u00e9dia stand-up por todo o Brasil, j\u00e1 tendo se apresentado em cidades dos EUA, M\u00e9xico e Jap\u00e3o. Tem tamb\u00e9m vasta atua\u00e7\u00e3o no mercado corporativo como mestre de cerim\u00f4nias e, mais recentemente, como palestrante em todo o Brasil, nos principais congressos, simp\u00f3sios, encontros e eventos privados e p\u00fablicos de todas as maiores marcas do mercado brasileiro.<\/p>\n\n\n\n<p>\u201cTer atitude \u00e9 desmistificar o conceito de que tudo \u00e9 sorte. Em um contexto profissional cada vez mais competitivo, no qual as oportunidades de trabalho se tornam mais escassas e exigem uma proatividade ainda maior, o dom\u00ednio da arte da palestra \u00e9 altamente valorizado\u201d, destaca Cortez.<\/p>\n\n\n\n<p>Ao longo do programa, os participantes t\u00eam acesso a sess\u00f5es semanais conduzidas por Branca Bar\u00e3o e Rafael Cortez, nas quais podem aprofundar seus conhecimentos, desenvolver habilidades e receber feedbacks para potencializar a venda de palestras e performance diante do p\u00fablico. Al\u00e9m disso, participam de uma imers\u00e3o presencial de tr\u00eas dias com a oportunidade \u00fanica de ensaiar e apresentar suas palestras diante de uma plateia composta por amigos, familiares e profissionais corporativos convidados.<\/p>\n\n\n\n<p>Se voc\u00ea deseja transformar seu, conhecimento e conte\u00fado, suas hist\u00f3rias e suas vivencias em palestras autenticas, criativas e rent\u00e1veis, esta mentoria \u00e9 pra voc\u00ea!<\/p>\n\n\n\n<p><br>As vagas para a mentoria s\u00e3o limitadas e oferecem uma oportunidade exclusiva para o desenvolvimento pessoal e profissional. Os interessados j\u00e1 podem se inscrever para a terceira turma. Informa\u00e7\u00f5es e inscri\u00e7\u00f5es pelo site: www.prosperefalando.com.br<\/p>\n\n\n\n<p><\/p>\n\n\n\n<figure class=\"wp-container-2 wp-block-gallery-1 wp-block-gallery has-nested-images columns-default is-cropped\">\n<figure class=\"wp-block-image size-large\"><img width=\"1066\" height=\"1600\" data-id=\"13725\"  src=\"https:\/\/vimagazine.com.br\/wp-content\/uploads\/2024\/04\/WhatsApp-Image-2024-04-25-at-15.46.25.jpeg\" alt=\"\" class=\"wp-image-13725\" srcset=\"https:\/\/vimagazine.com.br\/wp-content\/uploads\/2024\/04\/WhatsApp-Image-2024-04-25-at-15.46.25.jpeg 1066w, https:\/\/vimagazine.com.br\/wp-content\/uploads\/2024\/04\/WhatsApp-Image-2024-04-25-at-15.46.25-200x300.jpeg 200w, https:\/\/vimagazine.com.br\/wp-content\/uploads\/2024\/04\/WhatsApp-Image-2024-04-25-at-15.46.25-682x1024.jpeg 682w, https:\/\/vimagazine.com.br\/wp-content\/uploads\/2024\/04\/WhatsApp-Image-2024-04-25-at-15.46.25-768x1153.jpeg 768w, https:\/\/vimagazine.com.br\/wp-content\/uploads\/2024\/04\/WhatsApp-Image-2024-04-25-at-15.46.25-1023x1536.jpeg 1023w, https:\/\/vimagazine.com.br\/wp-content\/uploads\/2024\/04\/WhatsApp-Image-2024-04-25-at-15.46.25-1024x1537.jpeg 1024w\" sizes=\"(max-width: 1066px) 100vw, 1066px\" \/><\/figure>\n\n\n\n<figure class=\"wp-block-image size-large\"><img width=\"1600\" height=\"1590\" data-id=\"13724\"  src=\"https:\/\/vimagazine.com.br\/wp-content\/uploads\/2024\/04\/WhatsApp-Image-2024-04-25-at-15.46.25-1.jpeg\" alt=\"\" class=\"wp-image-13724\" srcset=\"https:\/\/vimagazine.com.br\/wp-content\/uploads\/2024\/04\/WhatsApp-Image-2024-04-25-at-15.46.25-1.jpeg 1600w, https:\/\/vimagazine.com.br\/wp-content\/uploads\/2024\/04\/WhatsApp-Image-2024-04-25-at-15.46.25-1-300x298.jpeg 300w, https:\/\/vimagazine.com.br\/wp-content\/uploads\/2024\/04\/WhatsApp-Image-2024-04-25-at-15.46.25-1-1024x1018.jpeg 1024w, https:\/\/vimagazine.com.br\/wp-content\/uploads\/2024\/04\/WhatsApp-Image-2024-04-25-at-15.46.25-1-150x150.jpeg 150w, https:\/\/vimagazine.com.br\/wp-content\/uploads\/2024\/04\/WhatsApp-Image-2024-04-25-at-15.46.25-1-768x763.jpeg 768w, https:\/\/vimagazine.com.br\/wp-content\/uploads\/2024\/04\/WhatsApp-Image-2024-04-25-at-15.46.25-1-1536x1526.jpeg 1536w\" sizes=\"(max-width: 1600px) 100vw, 1600px\" \/><\/figure>\n<\/figure>\n\n\n\n<p><\/p>\n\n\n\n<p class=\"has-medium-font-size\"><strong>Sobre os mentores<\/strong><\/p>\n\n\n\n<p class=\"has-medium-font-size\"><br>Branca Bar\u00e3o \u00e9 uma renomada especialista em comunica\u00e7\u00e3o persuasiva e magn\u00e9tica, com mais de 10 mil horas de experi\u00eancia no palco e uma trajet\u00f3ria de sucesso como palestrante e escritora. Seu compromisso em ajudar os outros a alcan\u00e7ar seu potencial m\u00e1ximo a tornou uma das palestrantes mais queridas do Brasil, reconhecida por duas vezes com o Pr\u00eamio de Palestrante Top Five do maior Congresso de Treinamento e Desenvolvimento do Brasil. Ela \u00e9 Master Trainer em Programa\u00e7\u00e3o Neurolingu\u00edstica Sist\u00eamica com Certifica\u00e7\u00e3o Internacional pela NLP;especialista em Metodologia Disney de Gest\u00e3o da Experi\u00eancia do Cliente e Cultura Organizacional; Membro da Mensa Brasil (sociedade internacional formada por pessoas de alto QI) e possui \u201cCertifica\u00e7\u00e3o Internacional em din\u00e2micas humanas e de grupos\u201d, al\u00e9m de ser autora dos Livros \u201cA mulher que vivia de Prop\u00f3sito\u201d, \u201c8 ou 80\u201d e \u201cVida uma aventura s\u00f3 de ida\u201d.<\/p>\n\n\n\n<p>Rafael Cortez \u00e9 jornalista, m\u00fasico, ator, apresentador e humorista. Em 2024, completa 30 anos de carreira no mercado cultural e 15 anos no segmento de artes e comunica\u00e7\u00e3o. Ficou nacionalmente conhecido por ser um dos apresentadores do programa CQC (TV Band), al\u00e9m de j\u00e1 ter realizado trabalhos em programas de televis\u00e3o nas emissoras da TV Record, TV Globo, Comedy Central e TV Cultura. Na \u00e1rea musical, tem 6 discos lan\u00e7ados, 6 audiolivros com sua voz, canal pr\u00f3prio no Youtube e cerca de 5 milh\u00f5es de seguidores em todas as suas redes sociais. Seu projeto pessoal &#8220;Atitude Transformadora&#8221; tem desmistificado o conceito de que &#8220;tudo \u00e9 sorte&#8221;, procurando leva a universidades e empresas a reflex\u00e3o sobre a import\u00e2ncia de se ter atitude para alcan\u00e7ar sonhos, metas e resultados na vida pessoal e profissional a partir de exemplos reais da hist\u00f3ria de vida do apresentador. Al\u00e9m disso, tem ampla atua\u00e7\u00e3o como mestre de cerim\u00f4nias no mercado corporativo, est\u00e1 escrevendo seu terceiro livro e roda o pa\u00eds todo &#8211; e parte do mundo &#8211; com shows de stand-up desde 2009.<\/p>\n","protected":false},"excerpt":{"rendered":"<p>A mentoria mais completa do Brasil! &#8211; Uma mentoria de verdade com mentores palestrantes que&#8230;<\/p>\n","protected":false},"author":1,"featured_media":13726,"comment_status":"closed","ping_status":"open","sticky":false,"template":"","format":"standard","meta":{"om_disable_all_campaigns":false,"_monsterinsights_skip_tracking":false,"_monsterinsights_sitenote_active":false,"_monsterinsights_sitenote_note":"","_monsterinsights_sitenote_category":0,"spay_email":""},"categories":[1],"tags":[],"jetpack_featured_media_url":"https:\/\/vimagazine.com.br\/wp-content\/uploads\/2024\/04\/WhatsApp-Image-2024-04-25-at-15.56.14.jpeg","_links":{"self":[{"href":"https:\/\/vimagazine.com.br\/index.php?rest_route=\/wp\/v2\/posts\/13723"}],"collection":[{"href":"https:\/\/vimagazine.com.br\/index.php?rest_route=\/wp\/v2\/posts"}],"about":[{"href":"https:\/\/vimagazine.com.br\/index.php?rest_route=\/wp\/v2\/types\/post"}],"author":[{"embeddable":true,"href":"https:\/\/vimagazine.com.br\/index.php?rest_route=\/wp\/v2\/users\/1"}],"replies":[{"embeddable":true,"href":"https:\/\/vimagazine.com.br\/index.php?rest_route=%2Fwp%2Fv2%2Fcomments&post=13723"}],"version-history":[{"count":1,"href":"https:\/\/vimagazine.com.br\/index.php?rest_route=\/wp\/v2\/posts\/13723\/revisions"}],"predecessor-version":[{"id":13727,"href":"https:\/\/vimagazine.com.br\/index.php?rest_route=\/wp\/v2\/posts\/13723\/revisions\/13727"}],"wp:featuredmedia":[{"embeddable":true,"href":"https:\/\/vimagazine.com.br\/index.php?rest_route=\/wp\/v2\/media\/13726"}],"wp:attachment":[{"href":"https:\/\/vimagazine.com.br\/index.php?rest_route=%2Fwp%2Fv2%2Fmedia&parent=13723"}],"wp:term":[{"taxonomy":"category","embeddable":true,"href":"https:\/\/vimagazine.com.br\/index.php?rest_route=%2Fwp%2Fv2%2Fcategories&post=13723"},{"taxonomy":"post_tag","embeddable":true,"href":"https:\/\/vimagazine.com.br\/index.php?rest_route=%2Fwp%2Fv2%2Ftags&post=13723"}],"curies":[{"name":"wp","href":"https:\/\/api.w.org\/{rel}","templated":true}]}}