{"id":13733,"date":"2024-04-26T13:49:11","date_gmt":"2024-04-26T16:49:11","guid":{"rendered":"https:\/\/vimagazine.com.br\/?p=13733"},"modified":"2024-04-28T18:56:52","modified_gmt":"2024-04-28T21:56:52","slug":"amanda-da-ros-visionaria-da-beleza-e-empoderamento-na-vittorio-veneto","status":"publish","type":"post","link":"https:\/\/vimagazine.com.br\/?p=13733","title":{"rendered":"Amanda Da Ros &#8211; Vision\u00e1ria da Beleza e Empoderamento na Vittorio Veneto"},"content":{"rendered":"\n<p>Amanda Da Ros, uma talentosa cirurgi\u00e3-dentista com uma paix\u00e3o especial por harmoniza\u00e7\u00e3o facial, tem feito da est\u00e9tica n\u00e3o apenas sua profiss\u00e3o, mas uma miss\u00e3o de vida. Inspirada desde cedo pela luta e resili\u00eancia de sua m\u00e3e, Michele, Amanda abra\u00e7ou a odontologia e rapidamente se viu cativada pelo poder transformador da harmoniza\u00e7\u00e3o facial. Essa atividade se tornou a melhor forma de restaurar a autoestima e cuidar profundamente do bem-estar de suas pacientes.<\/p>\n\n\n\n<p>Atualmente em destaque na Vittorio Veneto em Curitiba, Amanda prepara-se para um salto significativo em sua carreira com uma jornada emocionante de evolu\u00e7\u00e3o que a levar\u00e1 a Harvard e M\u00f4naco. Nesses renomados centros de estudo, ela aprofundar\u00e1 seus conhecimentos e habilidades, trazendo para o Brasil as mais recentes inova\u00e7\u00f5es e t\u00e9cnicas na \u00e1rea.<\/p>\n\n\n\n<figure class=\"wp-container-2 wp-block-gallery-1 wp-block-gallery has-nested-images columns-default is-cropped\">\n<figure class=\"wp-block-image size-large\"><img width=\"682\" height=\"1024\" data-id=\"13734\"  src=\"https:\/\/vimagazine.com.br\/wp-content\/uploads\/2024\/04\/IMG_1218-682x1024.jpg\" alt=\"\" class=\"wp-image-13734\" srcset=\"https:\/\/vimagazine.com.br\/wp-content\/uploads\/2024\/04\/IMG_1218-682x1024.jpg 682w, https:\/\/vimagazine.com.br\/wp-content\/uploads\/2024\/04\/IMG_1218-200x300.jpg 200w, https:\/\/vimagazine.com.br\/wp-content\/uploads\/2024\/04\/IMG_1218-768x1153.jpg 768w, https:\/\/vimagazine.com.br\/wp-content\/uploads\/2024\/04\/IMG_1218.jpg 986w\" sizes=\"(max-width: 682px) 100vw, 682px\" \/><\/figure>\n\n\n\n<figure class=\"wp-block-image size-large\"><img width=\"986\" height=\"1480\" data-id=\"13735\"  src=\"https:\/\/vimagazine.com.br\/wp-content\/uploads\/2024\/04\/IMG_1228.jpeg\" alt=\"\" class=\"wp-image-13735\" srcset=\"https:\/\/vimagazine.com.br\/wp-content\/uploads\/2024\/04\/IMG_1228.jpeg 986w, https:\/\/vimagazine.com.br\/wp-content\/uploads\/2024\/04\/IMG_1228-200x300.jpeg 200w, https:\/\/vimagazine.com.br\/wp-content\/uploads\/2024\/04\/IMG_1228-682x1024.jpeg 682w, https:\/\/vimagazine.com.br\/wp-content\/uploads\/2024\/04\/IMG_1228-768x1153.jpeg 768w\" sizes=\"(max-width: 986px) 100vw, 986px\" \/><\/figure>\n<\/figure>\n\n\n\n<p>Amanda \u00e9 reconhecida por sua abordagem vision\u00e1ria e aut\u00eantica no ramo da beleza. Sua dedica\u00e7\u00e3o a aprender e aplicar as melhores pr\u00e1ticas em harmoniza\u00e7\u00e3o facial est\u00e1 construindo um verdadeiro imp\u00e9rio na \u00e1rea est\u00e9tica. Com sua lideran\u00e7a, a Vittorio Veneto tornou-se um s\u00edmbolo de excel\u00eancia e inova\u00e7\u00e3o, refletindo o compromisso de Amanda em fazer a diferen\u00e7a e empoderar mulheres atrav\u00e9s do realce de sua beleza natural.<\/p>\n\n\n\n<p>Esta jornada \u00e9 mais do que uma carreira; \u00e9 uma voca\u00e7\u00e3o que ressoa profundamente com os que a conhecem e com as muitas vidas que ela toca. Amanda Da Ros n\u00e3o est\u00e1 apenas melhorando rostos, mas tamb\u00e9m reafirmando o valor e a beleza interna de cada paciente, promovendo uma revolu\u00e7\u00e3o de auto aceita\u00e7\u00e3o e amor pr\u00f3prio.<\/p>\n\n\n\n<figure class=\"wp-container-4 wp-block-gallery-3 wp-block-gallery has-nested-images columns-default is-cropped\">\n<figure class=\"wp-block-image size-large\"><img width=\"750\" height=\"1000\" data-id=\"13738\"  src=\"https:\/\/vimagazine.com.br\/wp-content\/uploads\/2024\/04\/IMG_6844.jpg\" alt=\"\" class=\"wp-image-13738\" srcset=\"https:\/\/vimagazine.com.br\/wp-content\/uploads\/2024\/04\/IMG_6844.jpg 750w, https:\/\/vimagazine.com.br\/wp-content\/uploads\/2024\/04\/IMG_6844-225x300.jpg 225w\" sizes=\"(max-width: 750px) 100vw, 750px\" \/><\/figure>\n\n\n\n<figure class=\"wp-block-image size-large\"><img width=\"986\" height=\"1480\" data-id=\"13736\"  src=\"https:\/\/vimagazine.com.br\/wp-content\/uploads\/2024\/04\/IMG_1232.jpeg\" alt=\"\" class=\"wp-image-13736\" srcset=\"https:\/\/vimagazine.com.br\/wp-content\/uploads\/2024\/04\/IMG_1232.jpeg 986w, https:\/\/vimagazine.com.br\/wp-content\/uploads\/2024\/04\/IMG_1232-200x300.jpeg 200w, https:\/\/vimagazine.com.br\/wp-content\/uploads\/2024\/04\/IMG_1232-682x1024.jpeg 682w, https:\/\/vimagazine.com.br\/wp-content\/uploads\/2024\/04\/IMG_1232-768x1153.jpeg 768w\" sizes=\"(max-width: 986px) 100vw, 986px\" \/><\/figure>\n<\/figure>\n\n\n\n<p>Amanda est\u00e1 inovando e trazendo resultados expressivos, inclusive trazendo para o Brasil o conceito de Facial Balancing, que vai muito al\u00e9m da harmoniza\u00e7\u00e3o facial refor\u00e7ando o equil\u00edbrio e naturalidade dos procedimentos. A fase de transforma\u00e7\u00e3o facial j\u00e1 passou, agora as mulheres querem beleza natural e corre\u00e7\u00e3o de desequil\u00edbrios.&nbsp;<\/p>\n\n\n\n<p>\u00c9 inspirador ver uma profissional jovem causando um impacto significativo na est\u00e9tica facial, onde cada detalhe reflete o cuidado e a paix\u00e3o de uma mulher que est\u00e1 determinada a deixar sua marca no mundo.<\/p>\n","protected":false},"excerpt":{"rendered":"<p>Amanda \u00e9 reconhecida por sua abordagem vision\u00e1ria e aut\u00eantica no ramo da beleza.<\/p>\n","protected":false},"author":18,"featured_media":13744,"comment_status":"closed","ping_status":"open","sticky":false,"template":"","format":"standard","meta":{"om_disable_all_campaigns":false,"_monsterinsights_skip_tracking":false,"_monsterinsights_sitenote_active":false,"_monsterinsights_sitenote_note":"","_monsterinsights_sitenote_category":0,"spay_email":""},"categories":[1],"tags":[829,567,428,629,590,341],"jetpack_featured_media_url":"https:\/\/vimagazine.com.br\/wp-content\/uploads\/2024\/04\/admin-ajax-1.jpeg","_links":{"self":[{"href":"https:\/\/vimagazine.com.br\/index.php?rest_route=\/wp\/v2\/posts\/13733"}],"collection":[{"href":"https:\/\/vimagazine.com.br\/index.php?rest_route=\/wp\/v2\/posts"}],"about":[{"href":"https:\/\/vimagazine.com.br\/index.php?rest_route=\/wp\/v2\/types\/post"}],"author":[{"embeddable":true,"href":"https:\/\/vimagazine.com.br\/index.php?rest_route=\/wp\/v2\/users\/18"}],"replies":[{"embeddable":true,"href":"https:\/\/vimagazine.com.br\/index.php?rest_route=%2Fwp%2Fv2%2Fcomments&post=13733"}],"version-history":[{"count":2,"href":"https:\/\/vimagazine.com.br\/index.php?rest_route=\/wp\/v2\/posts\/13733\/revisions"}],"predecessor-version":[{"id":13742,"href":"https:\/\/vimagazine.com.br\/index.php?rest_route=\/wp\/v2\/posts\/13733\/revisions\/13742"}],"wp:featuredmedia":[{"embeddable":true,"href":"https:\/\/vimagazine.com.br\/index.php?rest_route=\/wp\/v2\/media\/13744"}],"wp:attachment":[{"href":"https:\/\/vimagazine.com.br\/index.php?rest_route=%2Fwp%2Fv2%2Fmedia&parent=13733"}],"wp:term":[{"taxonomy":"category","embeddable":true,"href":"https:\/\/vimagazine.com.br\/index.php?rest_route=%2Fwp%2Fv2%2Fcategories&post=13733"},{"taxonomy":"post_tag","embeddable":true,"href":"https:\/\/vimagazine.com.br\/index.php?rest_route=%2Fwp%2Fv2%2Ftags&post=13733"}],"curies":[{"name":"wp","href":"https:\/\/api.w.org\/{rel}","templated":true}]}}