{"id":13758,"date":"2024-04-29T15:41:55","date_gmt":"2024-04-29T18:41:55","guid":{"rendered":"https:\/\/vimagazine.com.br\/?p=13758"},"modified":"2024-04-29T17:05:59","modified_gmt":"2024-04-29T20:05:59","slug":"um-tributo-ao-dia-das-maes","status":"publish","type":"post","link":"https:\/\/vimagazine.com.br\/?p=13758","title":{"rendered":"Um Tributo ao Dia das M\u00e3es"},"content":{"rendered":"\n<figure class=\"wp-block-image aligncenter size-large\"><img width=\"683\" height=\"1024\" src=\"https:\/\/vimagazine.com.br\/wp-content\/uploads\/2024\/04\/31515050-1-683x1024.jpg\" alt=\"\" class=\"wp-image-13762\" srcset=\"https:\/\/vimagazine.com.br\/wp-content\/uploads\/2024\/04\/31515050-1-683x1024.jpg 683w, https:\/\/vimagazine.com.br\/wp-content\/uploads\/2024\/04\/31515050-1-200x300.jpg 200w, https:\/\/vimagazine.com.br\/wp-content\/uploads\/2024\/04\/31515050-1-768x1152.jpg 768w, https:\/\/vimagazine.com.br\/wp-content\/uploads\/2024\/04\/31515050-1.jpg 900w\" sizes=\"(max-width: 683px) 100vw, 683px\" \/><\/figure>\n\n\n\n<p>O jornalista, jurista e apresentador Thiago de Moraes homenageia as M\u00e3es com um artigo onde destaca que o&nbsp;&#8220;Dia das M\u00e3es&#8221; \u00e9 uma celebra\u00e7\u00e3o do Amor e de Gratid\u00e3o&nbsp;simbolizando a import\u00e2ncia da homenagem deste dia.&nbsp;<\/p>\n\n\n\n<p><strong>Um Tributo ao Dia das M\u00e3es<\/strong>&nbsp;<\/p>\n\n\n\n<p>No calend\u00e1rio, \u00e9 apenas mais um domingo de maio. Mas, no cora\u00e7\u00e3o de muitos, \u00e9 uma celebra\u00e7\u00e3o sagrada, um tributo ao amor inabal\u00e1vel e \u00e0 for\u00e7a incompar\u00e1vel que s\u00f3 uma m\u00e3e pode oferecer. O Dia das M\u00e3es \u00e9 mais do que presentes e flores; \u00e9 uma oportunidade para refletir sobre o v\u00ednculo \u00fanico entre m\u00e3e e filho, um elo tecido com cuidado e carinho ao longo dos anos.&nbsp;<\/p>\n\n\n\n<p>Neste dia especial, as palavras parecem insuficientes para expressar a gratid\u00e3o que sentimos por aquela que nos deu a vida, que nos ensinou a andar, a falar e, mais importante, a amar. Elas s\u00e3o as arquitetas do nosso mundo, moldando-nos com suas m\u00e3os gentis e seus cora\u00e7\u00f5es amorosos.&nbsp;<\/p>\n\n\n\n<p>Cada m\u00e3e carrega consigo uma hist\u00f3ria \u00fanica de sacrif\u00edcio e dedica\u00e7\u00e3o. Elas enfrentam desafios com coragem e determina\u00e7\u00e3o, muitas vezes colocando as necessidades de suas fam\u00edlias acima das suas pr\u00f3prias. Seu amor \u00e9 inegavelmente altru\u00edsta, uma fonte infinita de apoio e inspira\u00e7\u00e3o.&nbsp;<\/p>\n\n\n\n<p>Mas o Dia das M\u00e3es tamb\u00e9m \u00e9 um lembrete daqueles que n\u00e3o podem estar fisicamente presentes. Para aqueles que perderam suas m\u00e3es, ou para as m\u00e3es que perderam seus filhos, este dia pode ser um lembrete doloroso da aus\u00eancia. No entanto, mesmo na mem\u00f3ria, o amor de uma m\u00e3e continua a irradiar calor e conforto.&nbsp;<\/p>\n\n\n\n<p>\u00c0 medida que crescemos, percebemos cada vez mais o valor incomensur\u00e1vel de uma m\u00e3e. Suas li\u00e7\u00f5es ecoam em nossas mentes e seus conselhos orientam nossos passos. Elas s\u00e3o nossas melhores amigas, nossas confidentes mais confi\u00e1veis e nossas maiores defensoras.&nbsp;<\/p>\n\n\n\n<p>Ent\u00e3o, neste Dia das M\u00e3es, enquanto expressamos nosso amor e gratid\u00e3o, tamb\u00e9m nos comprometemos a honrar o legado daquelas que vieram antes de n\u00f3s. Que possamos aprender com sua sabedoria, compartilhar seu amor e nutrir o mesmo esp\u00edrito de cuidado e compaix\u00e3o que elas nos ensinaram.&nbsp;<\/p>\n\n\n\n<p>Que cada m\u00e3e seja celebrada n\u00e3o apenas hoje, mas todos os dias, por sua dedica\u00e7\u00e3o, sua for\u00e7a e, acima de tudo, por seu amor incondicional. Para as m\u00e3es, av\u00f3s, madrinhas e todas as mulheres que desempenham o papel de m\u00e3e em nossas vidas, o nosso mais profundo e sincero obrigado. Feliz Dia das M\u00e3es!&nbsp;<\/p>\n\n\n\n<p>Por Thiago de Moraes&nbsp;<\/p>\n\n\n\n<p>Thiago&nbsp;de&nbsp;Moraes&nbsp;Cientista Pol\u00edtico, Jornalista, Ancora&nbsp;de&nbsp;TV e escritor&nbsp;&nbsp;<\/p>\n\n\n\n<p>MTB 0091632\/SP&nbsp;<\/p>\n","protected":false},"excerpt":{"rendered":"<p>O jornalista, jurista e apresentador Thiago de Moraes homenageia as M\u00e3es com um artigo onde&#8230;<\/p>\n","protected":false},"author":19,"featured_media":13764,"comment_status":"closed","ping_status":"open","sticky":false,"template":"","format":"standard","meta":{"om_disable_all_campaigns":false,"_monsterinsights_skip_tracking":false,"_monsterinsights_sitenote_active":false,"_monsterinsights_sitenote_note":"","_monsterinsights_sitenote_category":0,"spay_email":""},"categories":[26],"tags":[],"jetpack_featured_media_url":"https:\/\/vimagazine.com.br\/wp-content\/uploads\/2024\/04\/31515104-2.jpg","_links":{"self":[{"href":"https:\/\/vimagazine.com.br\/index.php?rest_route=\/wp\/v2\/posts\/13758"}],"collection":[{"href":"https:\/\/vimagazine.com.br\/index.php?rest_route=\/wp\/v2\/posts"}],"about":[{"href":"https:\/\/vimagazine.com.br\/index.php?rest_route=\/wp\/v2\/types\/post"}],"author":[{"embeddable":true,"href":"https:\/\/vimagazine.com.br\/index.php?rest_route=\/wp\/v2\/users\/19"}],"replies":[{"embeddable":true,"href":"https:\/\/vimagazine.com.br\/index.php?rest_route=%2Fwp%2Fv2%2Fcomments&post=13758"}],"version-history":[{"count":2,"href":"https:\/\/vimagazine.com.br\/index.php?rest_route=\/wp\/v2\/posts\/13758\/revisions"}],"predecessor-version":[{"id":13765,"href":"https:\/\/vimagazine.com.br\/index.php?rest_route=\/wp\/v2\/posts\/13758\/revisions\/13765"}],"wp:featuredmedia":[{"embeddable":true,"href":"https:\/\/vimagazine.com.br\/index.php?rest_route=\/wp\/v2\/media\/13764"}],"wp:attachment":[{"href":"https:\/\/vimagazine.com.br\/index.php?rest_route=%2Fwp%2Fv2%2Fmedia&parent=13758"}],"wp:term":[{"taxonomy":"category","embeddable":true,"href":"https:\/\/vimagazine.com.br\/index.php?rest_route=%2Fwp%2Fv2%2Fcategories&post=13758"},{"taxonomy":"post_tag","embeddable":true,"href":"https:\/\/vimagazine.com.br\/index.php?rest_route=%2Fwp%2Fv2%2Ftags&post=13758"}],"curies":[{"name":"wp","href":"https:\/\/api.w.org\/{rel}","templated":true}]}}