{"id":13801,"date":"2024-05-03T18:14:48","date_gmt":"2024-05-03T21:14:48","guid":{"rendered":"https:\/\/vimagazine.com.br\/?p=13801"},"modified":"2024-05-03T18:14:52","modified_gmt":"2024-05-03T21:14:52","slug":"paula-klien-lanca-todas-as-minhas-mortes-pela-editora-citadel-no-proximo-dia-21-de-maio-na-livraria-da-travessa-de-ipanema","status":"publish","type":"post","link":"https:\/\/vimagazine.com.br\/?p=13801","title":{"rendered":"Paula Klien lan\u00e7a &#8220;Todas as minhas mortes&#8221; pela Editora Citadel no pr\u00f3ximo dia 21 de maio, na Livraria da Travessa de Ipanema"},"content":{"rendered":"\n<p class=\"has-text-align-center\">&#8220;Todas as minhas mortes&#8221;: a\u00a0artista carioca de proje\u00e7\u00e3o internacional Paula Klien estreia na literatura, aos 55 anos, com romance autoficcional.<\/p>\n\n\n\n<p class=\"has-text-align-center\"> A escritora interrompe as suas cria\u00e7\u00f5es em artes pl\u00e1sticas para escrever uma jornada liter\u00e1ria que desafia limites.<\/p>\n\n\n\n<p class=\"has-text-align-center\">A Editora Citadel (Grupo Editorial Citadel) apresenta, no m\u00eas do Dia das M\u00e3es, &#8220;Todas as Minhas Mortes&#8221; \u00a0(171 p\u00e1g.) de Paula Klien \u00a0Paula Klien (@paulaklien).\u00a0<\/p>\n\n\n\n<p class=\"has-text-align-center\"> O livro ser\u00e1 lan\u00e7ado, na mesma semana, em duas cidades. No Rio de Janeiro, o evento acontece no dia 21 de maio, na Livraria da Travessa &#8211; Ipanema, \u00e0s 19h. J\u00e1 em S\u00e3o Paulo, no dia 24 de maio, na Livraria da Vila do JK Iguatemi, \u00e0s 19h.<\/p>\n\n\n\n<p class=\"has-text-align-center\">Com uma estil\u00edstica pr\u00f3pria, incisiva, ousada e nietzscheana, &#8220;Todas as minhas mortes&#8221; proporciona, com absoluta crueza, aspectos da nossa mais profunda humanidade. <\/p>\n\n\n\n<p class=\"has-text-align-center\">Rompendo com as formas tradicionais de comunica\u00e7\u00e3o e pensamento, sua narrativa tem o poder de acionar gatilhos mentais e de criar v\u00ednculos com os leitores, marcando cada pessoa de forma \u00fanica.<\/p>\n\n\n\n<p class=\"has-text-align-center\">A obra centra-se em Lav\u00ed \u2013 protagonista cujo nome peculiar \u00e9 uma alus\u00e3o \u00e0 express\u00e3o francesa &#8220;La vie&#8221; (ou &#8220;A vida&#8221;, em portugu\u00eas). <\/p>\n\n\n\n<p class=\"has-text-align-center\">Da inf\u00e2ncia \u00e0 p\u00f3s-menopausa, as descobertas e experi\u00eancias vividas por Lav\u00ed s\u00e3o tratadas frontalmente e sem rodeios. Paula Klien aborda assuntos complexos da trajet\u00f3ria ontogen\u00e9tica de um ser com uma franqueza desconcertante. \u00a0<\/p>\n\n\n\n<p class=\"has-text-align-center\">&#8220;Todas as minhas mortes&#8221; nos conduz pela constru\u00e7\u00e3o de uma mulher madura, enquanto aborda seus desafios e frustra\u00e7\u00f5es. <\/p>\n\n\n\n<p class=\"has-text-align-center\">De s\u00fabito, a obra nos joga para uma segunda era na vida da protagonista: um tempo marcado por dores. Em um carrossel de esperan\u00e7as, desencantos, quest\u00f5es morais do feminino e momentos tenebrosos, as mortes que marcam a vida de Lav\u00ed conversam com as nossas sombras e revelam uma for\u00e7a descomunal em busca da maternidade.<\/p>\n\n\n\n<p class=\"has-text-align-center\">Trata-se de uma mulher livre que n\u00e3o somente dialoga com os temas mais contempor\u00e2neos do feminino, mas que tamb\u00e9m pode ser um ic\u00f4nico exemplo de resili\u00eancia, perseveran\u00e7a e for\u00e7a. Tal qual uma f\u00eanix, Lav\u00ed renasce de cada uma de suas mortes, remetendo aos grandes mitos gregos.<\/p>\n\n\n\n<p class=\"has-text-align-center\">Uma epopeia contempor\u00e2nea \u00e0 qual Pers\u00e9fone d\u00e1 o tom, &#8220;Todas as Minhas Mortes&#8221; tem potencial para fundamentar profundas investiga\u00e7\u00f5es sobre a humanidade no mundo atual.<\/p>\n\n\n\n<p class=\"has-text-align-center\"> \u00c9 uma experi\u00eancia arrebatadora, imersa nas profundezas da intimidade feminina.<\/p>\n\n\n\n<p class=\"has-text-align-center\"> A obra \u00e9 marcada pela reflex\u00e3o, pelo pensamento filos\u00f3fico e por uma sensibilidade po\u00e9tica singular.<\/p>\n\n\n\n<p class=\"has-text-align-center\">&#8220;Todas as minhas mortes \u00e9 um relato de lucidez insuport\u00e1vel! &#8220;<br>Blurb da psicanalista Maria de F\u00e1tima Freire (APERJ) na orelha de &#8220;Todas as minhas mortes&#8221;<br><br>&#8220;Preparem-se para sentir a poderosa ambival\u00eancia que a leitura da narrativa de Paula Klien desperta em nosso mundo interno aparentemente morto.&#8221;<br>Arnaldo Goldenberg, psicanalista (SBPRJ), na quarta capa de &#8220;Todas as minhas mortes&#8221;<\/p>\n\n\n\n<p class=\"has-text-align-center\">&#8220;Paula Klien presenteia a todos com uma experi\u00eancia \u00fanica, \u00edntima, intensa e visceral.&#8221;Luiz Alberto Py, m\u00e9dico, escritor e palestrante, no pref\u00e1cio de &#8220;Todas as minhas mortes&#8221;<br><br>\u201cEste \u00e9 o ant\u00eddoto que procuramos em tempos dif\u00edceis, uma estrela-guia na escurid\u00e3o da mediocridade\u201d Vilto Reis, escritor e roteirista, no posf\u00e1cio de &#8220;Todas as minhas mortes&#8221;<br><strong>&nbsp;<br>Uma artista de muitas faces: conhe\u00e7a Paula Klien<\/strong><\/p>\n\n\n\n<p class=\"has-text-align-center\">Nascida em 1968, no Rio de Janeiro, Paula Klien \u00e9 artista multidisciplinar com significativa proje\u00e7\u00e3o internacional no campo das artes visuais.<\/p>\n\n\n\n<p class=\"has-text-align-center\"> Como artista pl\u00e1stica, trabalha principalmente com t\u00e9cnicas ancestrais. Tamb\u00e9m atuou como fot\u00f3grafa e diretora criativa durante dez anos.<\/p>\n\n\n\n<p class=\"has-text-align-center\"> Muitas de suas obras est\u00e3o em acervo de museus e cole\u00e7\u00f5es relevantes. Al\u00e9m disso, Paula foi uma das artistas pioneiras no campo da Cripto Arte e dos NFTs (tokens n\u00e3o fung\u00edveis).<\/p>\n\n\n\n<p class=\"has-text-align-center\">Paula define a escrita como uma paix\u00e3o antiga, mas conta que s\u00f3 come\u00e7ou a escrever &#8220;para valer&#8221; em 2022, ano em que deu in\u00edcio ao projeto de &#8220;Todas as minhas mortes&#8221;, sua estreia no mundo liter\u00e1rio.<\/p>\n\n\n\n<p class=\"has-text-align-center\"> Ela justifica sua escolha pelo g\u00eanero da autofic\u00e7\u00e3o pela possibilidade de apagar a fronteira entre realidade e fic\u00e7\u00e3o e pelo seu car\u00e1ter h\u00edbrido, que n\u00e3o pode ser classificado meramente como &#8220;relato&#8221; e nem como &#8220;biografia&#8221;.<\/p>\n\n\n\n<p class=\"has-text-align-center\">Escrever o livro, segundo a escritora, \u201cfoi um exerc\u00edcio de intelig\u00eancia para ressignificar experi\u00eancias pessoais\u201d. <\/p>\n\n\n\n<p class=\"has-text-align-center\">Durante o processo de constru\u00e7\u00e3o, ela reuniu uma pesquisa extensa, que envolveu leituras em etimologia, filosofia, psican\u00e1lise e mitologia grega.<\/p>\n\n\n\n<p class=\"has-text-align-center\"> Ela, que se considera &#8220;muito met\u00f3dica&#8221;, tamb\u00e9m \u00e9 afirmativa a respeito da influ\u00eancia de sua bagagem e experi\u00eancia de vida, tanto na narrativa quanto na defini\u00e7\u00e3o de seu estilo liter\u00e1rio.<\/p>\n\n\n\n<p class=\"has-text-align-center\">A autora revela que cultiva alguns rituais dentro do seu processo criativo como escritora: &#8220;Gosto de acender velas e de chamar bons esp\u00edritos para perto de mim antes de come\u00e7ar a escrita&#8221;.<\/p>\n\n\n\n<p class=\"has-text-align-center\">Por fim, Paula revela j\u00e1 ter ideias e t\u00edtulos registrados para um segundo livro.<\/p>\n\n\n\n<p class=\"has-text-align-center\">Adquira &#8220;Todas as minhas mortes&#8221; na loja da editora Citadel:<br><a href=\"https:\/\/www.citadel.com.br\/livro\/todas-as-minhas-mortes\/\" target=\"_blank\" rel=\"noreferrer noopener\">https:\/\/www.citadel.com.br\/livro\/todas-as-minhas-mortes\/<\/a><\/p>\n\n\n\n<p class=\"has-text-align-center\">Assessoria de Imprensa<br>com.tato &#8211; curadoria de comunica\u00e7\u00e3o<br>Foto Miguel de S\u00e1<\/p>\n","protected":false},"excerpt":{"rendered":"<p>&#8220;Todas as minhas mortes&#8221;: a\u00a0artista carioca de proje\u00e7\u00e3o internacional Paula Klien estreia na literatura, aos&#8230;<\/p>\n","protected":false},"author":3,"featured_media":13802,"comment_status":"closed","ping_status":"open","sticky":false,"template":"","format":"standard","meta":{"om_disable_all_campaigns":false,"_monsterinsights_skip_tracking":false,"_monsterinsights_sitenote_active":false,"_monsterinsights_sitenote_note":"","_monsterinsights_sitenote_category":0,"spay_email":""},"categories":[1],"tags":[],"jetpack_featured_media_url":"https:\/\/vimagazine.com.br\/wp-content\/uploads\/2024\/05\/WhatsApp-Image-2024-04-25-at-12.01.41-e1714770690327.jpeg","_links":{"self":[{"href":"https:\/\/vimagazine.com.br\/index.php?rest_route=\/wp\/v2\/posts\/13801"}],"collection":[{"href":"https:\/\/vimagazine.com.br\/index.php?rest_route=\/wp\/v2\/posts"}],"about":[{"href":"https:\/\/vimagazine.com.br\/index.php?rest_route=\/wp\/v2\/types\/post"}],"author":[{"embeddable":true,"href":"https:\/\/vimagazine.com.br\/index.php?rest_route=\/wp\/v2\/users\/3"}],"replies":[{"embeddable":true,"href":"https:\/\/vimagazine.com.br\/index.php?rest_route=%2Fwp%2Fv2%2Fcomments&post=13801"}],"version-history":[{"count":1,"href":"https:\/\/vimagazine.com.br\/index.php?rest_route=\/wp\/v2\/posts\/13801\/revisions"}],"predecessor-version":[{"id":13803,"href":"https:\/\/vimagazine.com.br\/index.php?rest_route=\/wp\/v2\/posts\/13801\/revisions\/13803"}],"wp:featuredmedia":[{"embeddable":true,"href":"https:\/\/vimagazine.com.br\/index.php?rest_route=\/wp\/v2\/media\/13802"}],"wp:attachment":[{"href":"https:\/\/vimagazine.com.br\/index.php?rest_route=%2Fwp%2Fv2%2Fmedia&parent=13801"}],"wp:term":[{"taxonomy":"category","embeddable":true,"href":"https:\/\/vimagazine.com.br\/index.php?rest_route=%2Fwp%2Fv2%2Fcategories&post=13801"},{"taxonomy":"post_tag","embeddable":true,"href":"https:\/\/vimagazine.com.br\/index.php?rest_route=%2Fwp%2Fv2%2Ftags&post=13801"}],"curies":[{"name":"wp","href":"https:\/\/api.w.org\/{rel}","templated":true}]}}