{"id":13841,"date":"2024-05-08T16:35:00","date_gmt":"2024-05-08T19:35:00","guid":{"rendered":"https:\/\/vimagazine.com.br\/?p=13841"},"modified":"2024-05-08T16:37:22","modified_gmt":"2024-05-08T19:37:22","slug":"professor-de-campo-mourao-vence-premio-nacional-de-educacao","status":"publish","type":"post","link":"https:\/\/vimagazine.com.br\/?p=13841","title":{"rendered":"Professor de Campo Mour\u00e3o vence pr\u00eamio nacional de educa\u00e7\u00e3o"},"content":{"rendered":"\n<p class=\"has-text-align-center\"><strong>Projeto conquista o primeiro lugar do Pr\u00eamio Educador Transformador e do Pr\u00eamio Nacional de Gest\u00e3o Educacional<\/strong><\/p>\n\n\n\n<p class=\"has-text-align-center\">O Instituto Significare, a Bett Brasil e o Sebrae divulgaram os resultados da segunda edi\u00e7\u00e3o do Pr\u00eamio Educador Transformador, que tem o objetivo de reconhecer os projetos de educa\u00e7\u00e3o transformadora desenvolvidos por professores de todo o pa\u00eds.<\/p>\n\n\n\n<p class=\"has-text-align-center\">Quase 3.500 projetos foram inscritos. Dos 35 finalistas &#8211; provenientes de todas as regi\u00f5es do pa\u00eds &#8211; sete foram escolhidos como vencedores, um para cada categoria avaliada e que abrangem os diversos n\u00edveis de ensino: Educa\u00e7\u00e3o Infantil; Ensino Fundamental \u2013 Anos Iniciais; Ensino Fundamental \u2013 Anos Finais; Ensino M\u00e9dio; Educa\u00e7\u00e3o Profissional; EJA \u2013 Educa\u00e7\u00e3o de Jovens e Adultos e Ensino Superior.<\/p>\n\n\n\n<p class=\"has-text-align-center\">Na categoria de Ensino Superior, o primeiro lugar ficou com o professor Fabricio Pelloso Piurcosky, do Centro Universit\u00e1rio Integrado de Campo Mour\u00e3o (PR), com o projeto \u201cIntegrow \u2013 Ecossistema de Inova\u00e7\u00e3o do Integrado\u201d, que oferece diversos servi\u00e7os para transformar ideias e neg\u00f3cios que tenham base tecnol\u00f3gica, sejam inovadores e sustent\u00e1veis.<\/p>\n\n\n\n<p class=\"has-text-align-center\">H\u00e1 poucos dias, esse mesmo projeto tamb\u00e9m venceu o Pr\u00eamio Nacional de Gest\u00e3o Educacional (PNGE) na categoria Inova\u00e7\u00e3o Acad\u00eamico Pedag\u00f3gico, concorrendo com diversas universidades nacionais.<\/p>\n\n\n\n<p class=\"has-text-align-center\">\u201cEsses pr\u00eamios de abrang\u00eancia nacional s\u00e3o muito importantes e reconhecem que nossas pr\u00e1ticas s\u00e3o diferentes do modelo usual da maioria das universidades. <\/p>\n\n\n\n<p class=\"has-text-align-center\">Assim, contribu\u00edmos para oferecer a melhor forma\u00e7\u00e3o aos nossos estudantes\u201d, explica Fabr\u00edcio Pelloso, que tamb\u00e9m \u00e9 o head de Inova\u00e7\u00e3o do Integrado.<\/p>\n\n\n\n<p class=\"has-text-align-center\"><strong>Sobre o Integrow<\/strong><br>O Programa de Pr\u00e9-Incuba\u00e7\u00e3o e Incuba\u00e7\u00e3o do Ecossistema de Inova\u00e7\u00e3o (Integrow) estimula o desenvolvimento da mentalidade empreendedora. <\/p>\n\n\n\n<p class=\"has-text-align-center\">Os participantes recebem mentoria de profissionais experientes, acesso \u00e0 infraestrutura e equipamentos, treinamentos e workshops, networking, oportunidades de capta\u00e7\u00e3o de recursos e a possibilidade de atrair investidores para acelerar ou tracionar o neg\u00f3cio.<\/p>\n\n\n\n<p class=\"has-text-align-center\">Outro grande diferencial do programa \u00e9 o contato regular e gratuito com os mentores ao longo de 12 meses. Al\u00e9m disso, a pessoa que est\u00e1 por tr\u00e1s do neg\u00f3cio tamb\u00e9m \u00e9 mentorada para auxiliar em seus medos, anseios e em seu desenvolvimento.<\/p>\n\n\n\n<p class=\"has-text-align-center\">\u201cEsse acompanhamento por um ano evita a sensa\u00e7\u00e3o de solid\u00e3o que acompanha grande parte dos empreendedores. Literalmente, ficamos de m\u00e3os dadas e apoiados em parceiros estrat\u00e9gicos\u201d, enfatiza Pelloso.<\/p>\n\n\n\n<p class=\"has-text-align-center\">Em 2023 o Centro Universit\u00e1rio Integrado tamb\u00e9m venceu o pr\u00eamio PNGE na categoria Inova\u00e7\u00e3o Acad\u00eamico Pedag\u00f3gico com a BeAgro Integrado &#8211; um ecossistema inovador no Brasil que se baseia na educa\u00e7\u00e3o, inova\u00e7\u00e3o, sustentabilidade e traz solu\u00e7\u00f5es diferenciadas que ajudam a gerir a carreira do estudante de Agronomia desde quando ele pensa em fazer a gradua\u00e7\u00e3o superior, at\u00e9 depois de formado.<\/p>\n\n\n\n<p class=\"has-text-align-center\">Sobre o Centro Universit\u00e1rio Integrado<br>Localizado em Campo Mour\u00e3o (PR), o Centro Universit\u00e1rio Integrado oferece, h\u00e1 mais de 25 anos, ensino superior de excel\u00eancia reconhecido pelo MEC com nota m\u00e1xima (5) no Conceito Institucional. Preocupado com o que o mercado necessita, busca ofertar um ensino de qualidade voltado \u00e0s compet\u00eancias que precisam ser desenvolvidas por todos os profissionais.<\/p>\n\n\n\n<p class=\"has-text-align-center\">Para isso, conta com infraestrutura moderna, laborat\u00f3rios com tecnologia de ponta, metodologias de ensino inovadoras e corpo docente com forte experi\u00eancia acad\u00eamica e viv\u00eancia pr\u00e1tica.<\/p>\n\n\n\n<p class=\"has-text-align-center\">Atualmente, o Integrado oferece mais de 55 cursos de gradua\u00e7\u00e3o presencial, semipresencial e a dist\u00e2ncia, incluindo Direito, Medicina e Odontologia e mais de 100 cursos de p\u00f3s-gradua\u00e7\u00e3o em diversas \u00e1reas do conhecimento.<\/p>\n\n\n\n<p class=\"has-text-align-center\">Sugest\u00e3o de legenda<br>O professor Fabricio Pelloso Piurcosky com os pr\u00eamios do primeiro lugar na categoria \u201cEnsino Superior\u201d<\/p>\n\n\n\n<p class=\"has-text-align-center\">Cr\u00e9dito da foto<br>T\u00falio Vidal<\/p>\n\n\n\n<p class=\"has-text-align-center\">Relacionamento com a imprensa | www.grupointegrado.br<\/p>\n\n\n\n<p class=\"has-text-align-center\">Mem Comunica\u00e7\u00e3o &#8211; www.memcomunicacao.com.br<br>Jo\u00e3o Al\u00e9cio Mem \u2013 (41) 9 9124-9748 joaoalecioassessoria@gmail.com<br>Marlise Groth Mem &#8211; (41) 9 9908-0511 marliseassessoria@gmail.com<br>Jornalismo \/ Assessoria de Imprensa \/ Consultoria em Comunica\u00e7\u00e3o e Eventos \/ Produ\u00e7\u00e3o e<br>Revis\u00e3o de Conte\u00fado<br>@mem_e_mem_agencia_de_noticias<\/p>\n","protected":false},"excerpt":{"rendered":"<p>Projeto conquista o primeiro lugar do Pr\u00eamio Educador Transformador e do Pr\u00eamio Nacional de Gest\u00e3o&#8230;<\/p>\n","protected":false},"author":3,"featured_media":13842,"comment_status":"closed","ping_status":"open","sticky":false,"template":"","format":"standard","meta":{"om_disable_all_campaigns":false,"_monsterinsights_skip_tracking":false,"_monsterinsights_sitenote_active":false,"_monsterinsights_sitenote_note":"","_monsterinsights_sitenote_category":0,"spay_email":""},"categories":[1],"tags":[],"jetpack_featured_media_url":"https:\/\/vimagazine.com.br\/wp-content\/uploads\/2024\/05\/WhatsApp-Image-2024-05-08-at-14.38.09-e1715197033880.jpeg","_links":{"self":[{"href":"https:\/\/vimagazine.com.br\/index.php?rest_route=\/wp\/v2\/posts\/13841"}],"collection":[{"href":"https:\/\/vimagazine.com.br\/index.php?rest_route=\/wp\/v2\/posts"}],"about":[{"href":"https:\/\/vimagazine.com.br\/index.php?rest_route=\/wp\/v2\/types\/post"}],"author":[{"embeddable":true,"href":"https:\/\/vimagazine.com.br\/index.php?rest_route=\/wp\/v2\/users\/3"}],"replies":[{"embeddable":true,"href":"https:\/\/vimagazine.com.br\/index.php?rest_route=%2Fwp%2Fv2%2Fcomments&post=13841"}],"version-history":[{"count":1,"href":"https:\/\/vimagazine.com.br\/index.php?rest_route=\/wp\/v2\/posts\/13841\/revisions"}],"predecessor-version":[{"id":13843,"href":"https:\/\/vimagazine.com.br\/index.php?rest_route=\/wp\/v2\/posts\/13841\/revisions\/13843"}],"wp:featuredmedia":[{"embeddable":true,"href":"https:\/\/vimagazine.com.br\/index.php?rest_route=\/wp\/v2\/media\/13842"}],"wp:attachment":[{"href":"https:\/\/vimagazine.com.br\/index.php?rest_route=%2Fwp%2Fv2%2Fmedia&parent=13841"}],"wp:term":[{"taxonomy":"category","embeddable":true,"href":"https:\/\/vimagazine.com.br\/index.php?rest_route=%2Fwp%2Fv2%2Fcategories&post=13841"},{"taxonomy":"post_tag","embeddable":true,"href":"https:\/\/vimagazine.com.br\/index.php?rest_route=%2Fwp%2Fv2%2Ftags&post=13841"}],"curies":[{"name":"wp","href":"https:\/\/api.w.org\/{rel}","templated":true}]}}