{"id":13884,"date":"2024-05-09T22:01:41","date_gmt":"2024-05-10T01:01:41","guid":{"rendered":"https:\/\/vimagazine.com.br\/?p=13884"},"modified":"2024-05-09T22:01:43","modified_gmt":"2024-05-10T01:01:43","slug":"fevest-trend-2024-amplia-seu-alcance-internacional-com-anuncio-na-times-square-em-nova-york","status":"publish","type":"post","link":"https:\/\/vimagazine.com.br\/?p=13884","title":{"rendered":"Fevest Trend 2024 amplia seu alcance internacional com an\u00fancio na Times Square, em Nova York\u00a0"},"content":{"rendered":"\n<p><\/p>\n\n\n\n<p>A Fevest, reconhecida como a principal vitrine da ind\u00fastria de moda lingerie, fitness e praia do Brasil, est\u00e1 ganhando cada vez mais destaque internacional. Com sua pr\u00f3xima edi\u00e7\u00e3o marcada para os dias 25, 26 e 27 de junho, em Nova Friburgo, na regi\u00e3o serrana do Rio de Janeiro, a feira continua atraindo a aten\u00e7\u00e3o n\u00e3o s\u00f3 do Brasil, mas tamb\u00e9m de diversos pa\u00edses ao redor do mundo. <\/p>\n\n\n\n<figure class=\"wp-block-image size-large\"><img width=\"1024\" height=\"683\" src=\"https:\/\/vimagazine.com.br\/wp-content\/uploads\/2024\/05\/IMG_5434-1024x683.jpg\" alt=\"\" class=\"wp-image-13886\" srcset=\"https:\/\/vimagazine.com.br\/wp-content\/uploads\/2024\/05\/IMG_5434-1024x683.jpg 1024w, https:\/\/vimagazine.com.br\/wp-content\/uploads\/2024\/05\/IMG_5434-300x200.jpg 300w, https:\/\/vimagazine.com.br\/wp-content\/uploads\/2024\/05\/IMG_5434-768x512.jpg 768w, https:\/\/vimagazine.com.br\/wp-content\/uploads\/2024\/05\/IMG_5434.jpg 1200w\" sizes=\"(max-width: 1024px) 100vw, 1024px\" \/><\/figure>\n\n\n\n<p><\/p>\n\n\n\n<figure class=\"wp-block-image size-large\"><img width=\"1024\" height=\"683\" src=\"https:\/\/vimagazine.com.br\/wp-content\/uploads\/2024\/05\/IMG_5437-1024x683.jpg\" alt=\"\" class=\"wp-image-13885\" srcset=\"https:\/\/vimagazine.com.br\/wp-content\/uploads\/2024\/05\/IMG_5437-1024x683.jpg 1024w, https:\/\/vimagazine.com.br\/wp-content\/uploads\/2024\/05\/IMG_5437-300x200.jpg 300w, https:\/\/vimagazine.com.br\/wp-content\/uploads\/2024\/05\/IMG_5437-768x512.jpg 768w, https:\/\/vimagazine.com.br\/wp-content\/uploads\/2024\/05\/IMG_5437.jpg 1200w\" sizes=\"(max-width: 1024px) 100vw, 1024px\" \/><\/figure>\n","protected":false},"excerpt":{"rendered":"<p>A Fevest, reconhecida como a principal vitrine da ind\u00fastria de moda lingerie, fitness e praia&#8230;<\/p>\n","protected":false},"author":1,"featured_media":13887,"comment_status":"closed","ping_status":"open","sticky":false,"template":"","format":"standard","meta":{"om_disable_all_campaigns":false,"_monsterinsights_skip_tracking":false,"_monsterinsights_sitenote_active":false,"_monsterinsights_sitenote_note":"","_monsterinsights_sitenote_category":0,"spay_email":""},"categories":[1],"tags":[],"jetpack_featured_media_url":"https:\/\/vimagazine.com.br\/wp-content\/uploads\/2024\/05\/IMG_5435.jpg","_links":{"self":[{"href":"https:\/\/vimagazine.com.br\/index.php?rest_route=\/wp\/v2\/posts\/13884"}],"collection":[{"href":"https:\/\/vimagazine.com.br\/index.php?rest_route=\/wp\/v2\/posts"}],"about":[{"href":"https:\/\/vimagazine.com.br\/index.php?rest_route=\/wp\/v2\/types\/post"}],"author":[{"embeddable":true,"href":"https:\/\/vimagazine.com.br\/index.php?rest_route=\/wp\/v2\/users\/1"}],"replies":[{"embeddable":true,"href":"https:\/\/vimagazine.com.br\/index.php?rest_route=%2Fwp%2Fv2%2Fcomments&post=13884"}],"version-history":[{"count":1,"href":"https:\/\/vimagazine.com.br\/index.php?rest_route=\/wp\/v2\/posts\/13884\/revisions"}],"predecessor-version":[{"id":13888,"href":"https:\/\/vimagazine.com.br\/index.php?rest_route=\/wp\/v2\/posts\/13884\/revisions\/13888"}],"wp:featuredmedia":[{"embeddable":true,"href":"https:\/\/vimagazine.com.br\/index.php?rest_route=\/wp\/v2\/media\/13887"}],"wp:attachment":[{"href":"https:\/\/vimagazine.com.br\/index.php?rest_route=%2Fwp%2Fv2%2Fmedia&parent=13884"}],"wp:term":[{"taxonomy":"category","embeddable":true,"href":"https:\/\/vimagazine.com.br\/index.php?rest_route=%2Fwp%2Fv2%2Fcategories&post=13884"},{"taxonomy":"post_tag","embeddable":true,"href":"https:\/\/vimagazine.com.br\/index.php?rest_route=%2Fwp%2Fv2%2Ftags&post=13884"}],"curies":[{"name":"wp","href":"https:\/\/api.w.org\/{rel}","templated":true}]}}