{"id":13931,"date":"2024-05-13T10:18:21","date_gmt":"2024-05-13T13:18:21","guid":{"rendered":"https:\/\/vimagazine.com.br\/?p=13931"},"modified":"2024-05-13T10:18:22","modified_gmt":"2024-05-13T13:18:22","slug":"joinville-recebe-solo-de-danca-a-pequena-monstra","status":"publish","type":"post","link":"https:\/\/vimagazine.com.br\/?p=13931","title":{"rendered":"Joinville recebe solo de dan\u00e7a a Pequena Monstra"},"content":{"rendered":"\n<p><em>Apresenta\u00e7\u00f5es gratuitas acontecem nos dias 17 e 18 de maio, \u00e0s 20h, <\/em><em>na <\/em>Ajote<\/p>\n\n\n<figure class=\"wp-block-post-featured-image\"><img width=\"1116\" height=\"753\" src=\"https:\/\/vimagazine.com.br\/wp-content\/uploads\/2024\/05\/IMG_3779.jpg\" class=\"attachment-post-thumbnail size-post-thumbnail wp-post-image\" alt=\"Joinville recebe solo de dan\u00e7a a Pequena Monstra\" loading=\"lazy\" srcset=\"https:\/\/vimagazine.com.br\/wp-content\/uploads\/2024\/05\/IMG_3779.jpg 1116w, https:\/\/vimagazine.com.br\/wp-content\/uploads\/2024\/05\/IMG_3779-300x202.jpg 300w, https:\/\/vimagazine.com.br\/wp-content\/uploads\/2024\/05\/IMG_3779-1024x691.jpg 1024w, https:\/\/vimagazine.com.br\/wp-content\/uploads\/2024\/05\/IMG_3779-768x518.jpg 768w\" sizes=\"(max-width: 1116px) 100vw, 1116px\" decoding=\"async\" \/><\/figure>\n\n\n<p>Depois de se apresentar em Florian\u00f3polis e Itaja\u00ed, a dan\u00e7arina Leticia Souza passa tamb\u00e9m por Joinville entre os dias 17 e 18 de maio, com o solo de dan\u00e7a \u201cA Pequena Monstra: o retorno\u201d. Com codire\u00e7\u00e3o dela e Neto Machado, a obra traz \u00e0 cena uma reflex\u00e3o das mem\u00f3rias de lutos e lutas vividas pela artista e que em muitos momentos se confundem com a hist\u00f3ria de todos que est\u00e3o assistindo.&nbsp;<\/p>\n\n\n\n<p>As apresenta\u00e7\u00f5es s\u00e3o vinculadas ao Projeto A pequena monstra: circula\u00e7\u00e3o e difus\u00e3o, sendo esta proposta cultural realizada com recursos do Governo do Estado de Santa Catarina, pela Funda\u00e7\u00e3o Catarinense de Cultura [FCC], por meio do Pr\u00eamio Elisabete Anderle de Est\u00edmulo \u00e0 Cultura \u2013 Edi\u00e7\u00e3o 2023.<\/p>\n\n\n\n<p>O espet\u00e1culo apresenta uma dan\u00e7a que usa os epis\u00f3dios vividos pela artista para reverberar em sua movimenta\u00e7\u00e3o corporal. \u201c\u00c9 olhando para cada mem\u00f3ria que conseguimos transformar nossos movimentos, compreender nossa exist\u00eancia e compartilhar nossas reflex\u00f5es para o mundo, passando a olhar de maneira mais leve para o presente e futuro\u201d, comenta Let\u00edcia.&nbsp;&nbsp;<\/p>\n\n\n\n<p>Em Joinville, as apresenta\u00e7\u00f5es prometem ser momentos de encontro com essa express\u00e3o art\u00edstica singular. O encontro ser\u00e1 no Galp\u00e3o da Ajote, localizado na Rua XV de novembro, 1383, nos dias 17 e 18 de maio, \u00e0s 20h, com ingressos gratuitos, dispon\u00edveis uma hora antes de cada sess\u00e3o na recep\u00e7\u00e3o do espa\u00e7o. A classifica\u00e7\u00e3o \u00e9 livre, convidando todos a mergulharem nessa experi\u00eancia enriquecedora.<\/p>\n\n\n\n<p>J\u00e1 no dia 16, uma sess\u00e3o especial fechada para adolescentes ocorrer\u00e1 seguida por uma roda de conversa mediada por Paula Gotelip, doutoranda em arte para inf\u00e2ncia e juventude. Essa oportunidade n\u00e3o apenas oferece uma experi\u00eancia art\u00edstica \u00fanica, mas tamb\u00e9m abre espa\u00e7o para reflex\u00f5es sobre o papel das mulheres na arte e os processos criativos por tr\u00e1s do espet\u00e1culo.<\/p>\n\n\n\n<p>Para complementar a experi\u00eancia, Let\u00edcia disponibilizou um e-book (<a href=\"http:\/\/comodancaremsc.com.br\/apequenamonstra\/)\">download aqui<\/a>) onde conta sobre como suas experi\u00eancias em dan\u00e7a, cicatrizes e mem\u00f3rias de lutos a acompanham durante os anos e como elas interferem seus processos criativos.<\/p>\n\n\n\n<p><strong>Sobre Let\u00edcia Souza<\/strong><\/p>\n\n\n\n<p>Let\u00edcia Souza \u00e9 uma artista multifacetada, atuando como dan\u00e7arina, atriz, curadora, gestora e produtora de projetos culturais colaborativos. Seus trabalhos j\u00e1 foram reconhecidos por importantes pr\u00eamios nacionais e estaduais, como o Pr\u00eamio Klauss Vianna de Dan\u00e7a e o Pr\u00eamio de Circula\u00e7\u00e3o e Difus\u00e3o da Dan\u00e7a, ambos da FUNARTE\/Minist\u00e9rio da Cultura do Brasil, e o Pr\u00eamio Elisabete Anderle da Funda\u00e7\u00e3o Catarinense de Cultura. Let\u00edcia \u00e9 mestra em Teatro pela Universidade do Estado de Santa Catarina, com pesquisa sobre as rela\u00e7\u00f5es entre dan\u00e7a, mem\u00f3ria e a cidade de Joinville. Autora do livro \u201cA pequena monstra: escritas aleat\u00f3rias para a sobreviv\u00eancia.\u201d<\/p>\n\n\n\n<p><strong>Agende-se&nbsp;<\/strong><\/p>\n\n\n\n<p><strong>O que: Espet\u00e1culo solo A Pequena Mostra: o retorno em Itaja\u00ed<\/strong><strong><br><\/strong>Quando: Dias 17 e 18 de maio, \u00e0s 20h (sexta e s\u00e1bado)<br>Onde: Galp\u00e3o de Teatro da Ajote. Rua XV de novembro, 1383<\/p>\n\n\n\n<p>Quanto: A distribui\u00e7\u00e3o gratuita dos ingressos ser\u00e1 feita 1h antes de cada sess\u00e3o na recep\u00e7\u00e3o do espa\u00e7o<\/p>\n\n\n\n<p>Classifica\u00e7\u00e3o: Livre<\/p>\n\n\n\n<p>Mais informa\u00e7\u00f5es:&nbsp; (48) 99856-3730<\/p>\n\n\n\n<p>Data: 16 de maio de 2024 (Apresenta\u00e7\u00e3o fechada para adolescentes)<\/p>\n\n\n\n<p>Local: Galp\u00e3o de Teatro da Ajote. Rua XV de novembro, 1383<\/p>\n\n\n\n<p>Classifica\u00e7\u00e3o: Livre<\/p>\n\n\n\n<p>Mais informa\u00e7\u00f5es:&nbsp; (48) 99856-3730<\/p>\n\n\n\n<p><strong>Ficha t\u00e9cnica:&nbsp;<\/strong><\/p>\n\n\n\n<p>Uma dan\u00e7a de: Let\u00edcia Souza<\/p>\n\n\n\n<p>Dire\u00e7\u00e3o: Neto Machado&nbsp;<\/p>\n\n\n\n<p>Figurinos e Elementos de cena: Karin Serafin<\/p>\n\n\n\n<p>Trilha Sonora: Dimi Camorlinga<\/p>\n\n\n\n<p>Ilumina\u00e7\u00e3o: Fl\u00e1vio Andrade<\/p>\n\n\n\n<p>Opera\u00e7\u00e3o de Luz: Marcos Klann<\/p>\n\n\n\n<p>Identidade Visual : Rodrigo Ascen\u00e7\u00e3o&nbsp;<\/p>\n\n\n\n<p>Assessoria de Imprensa: Mariana Woj<\/p>\n\n\n\n<p>Produ\u00e7\u00e3o Executiva: Paula Gotelip<\/p>\n\n\n\n<p>Coordena\u00e7\u00e3o de Produ\u00e7\u00e3o e Gest\u00e3o do Projeto: Let\u00edcia Souza<\/p>\n","protected":false},"excerpt":{"rendered":"<p>Apresenta\u00e7\u00f5es gratuitas acontecem nos dias 17 e 18 de maio, \u00e0s 20h, na Ajote Depois&#8230;<\/p>\n","protected":false},"author":20,"featured_media":13932,"comment_status":"closed","ping_status":"open","sticky":false,"template":"","format":"standard","meta":{"om_disable_all_campaigns":false,"_monsterinsights_skip_tracking":false,"_monsterinsights_sitenote_active":false,"_monsterinsights_sitenote_note":"","_monsterinsights_sitenote_category":0,"spay_email":""},"categories":[1],"tags":[],"jetpack_featured_media_url":"https:\/\/vimagazine.com.br\/wp-content\/uploads\/2024\/05\/IMG_3779.jpg","_links":{"self":[{"href":"https:\/\/vimagazine.com.br\/index.php?rest_route=\/wp\/v2\/posts\/13931"}],"collection":[{"href":"https:\/\/vimagazine.com.br\/index.php?rest_route=\/wp\/v2\/posts"}],"about":[{"href":"https:\/\/vimagazine.com.br\/index.php?rest_route=\/wp\/v2\/types\/post"}],"author":[{"embeddable":true,"href":"https:\/\/vimagazine.com.br\/index.php?rest_route=\/wp\/v2\/users\/20"}],"replies":[{"embeddable":true,"href":"https:\/\/vimagazine.com.br\/index.php?rest_route=%2Fwp%2Fv2%2Fcomments&post=13931"}],"version-history":[{"count":1,"href":"https:\/\/vimagazine.com.br\/index.php?rest_route=\/wp\/v2\/posts\/13931\/revisions"}],"predecessor-version":[{"id":13933,"href":"https:\/\/vimagazine.com.br\/index.php?rest_route=\/wp\/v2\/posts\/13931\/revisions\/13933"}],"wp:featuredmedia":[{"embeddable":true,"href":"https:\/\/vimagazine.com.br\/index.php?rest_route=\/wp\/v2\/media\/13932"}],"wp:attachment":[{"href":"https:\/\/vimagazine.com.br\/index.php?rest_route=%2Fwp%2Fv2%2Fmedia&parent=13931"}],"wp:term":[{"taxonomy":"category","embeddable":true,"href":"https:\/\/vimagazine.com.br\/index.php?rest_route=%2Fwp%2Fv2%2Fcategories&post=13931"},{"taxonomy":"post_tag","embeddable":true,"href":"https:\/\/vimagazine.com.br\/index.php?rest_route=%2Fwp%2Fv2%2Ftags&post=13931"}],"curies":[{"name":"wp","href":"https:\/\/api.w.org\/{rel}","templated":true}]}}