{"id":13963,"date":"2024-05-15T09:44:06","date_gmt":"2024-05-15T12:44:06","guid":{"rendered":"https:\/\/vimagazine.com.br\/?p=13963"},"modified":"2024-05-15T09:44:07","modified_gmt":"2024-05-15T12:44:07","slug":"grupo-koch-marca-presenca-no-maior-evento-de-bebidas-e-alimentos-das-americas-a-apas-show","status":"publish","type":"post","link":"https:\/\/vimagazine.com.br\/?p=13963","title":{"rendered":"Grupo Koch marca presen\u00e7a no maior evento de bebidas e alimentos das Am\u00e9ricas, a APAS SHOW"},"content":{"rendered":"\n<p class=\"has-text-align-center\"><em>O CEO do Grupo, Jos\u00e9 Koch, e a gerente de tecnologia, Bruna Koch, participaram de pain\u00e9is realizados durante a programa\u00e7\u00e3o<\/em><\/p>\n\n\n\n<p class=\"has-text-align-center\">O Grupo Koch, maior rede supermercadista de Santa Catarina e 10\u00aa maior do Brasil, participa nesta semana, de 13 e 16, da 38\u00aa edi\u00e7\u00e3o da APAS\u00a0SHOW 2024, realizada no Expo Center Norte, em S\u00e3o Paulo. <\/p>\n\n\n\n<p class=\"has-text-align-center\">A APAS SHOW \u00e9 o maior evento de bebidas e alimentos das Am\u00e9ricas e a maior feira supermercadista do mundo e a edi\u00e7\u00e3o deste ano tem perspectiva de ultrapassar a marca de R$ 14 bilh\u00f5es em neg\u00f3cios gerados. <\/p>\n\n\n\n<figure class=\"wp-block-image size-large\"><img width=\"1024\" height=\"768\" src=\"https:\/\/vimagazine.com.br\/wp-content\/uploads\/2024\/05\/Bruna-Koch-gerente-de-Tecnologia-do-Grupo-Koch-tambe\u0301m-participou-de-painel-durante-a-APAS-SHOW-1024x768.jpeg\" alt=\"\" class=\"wp-image-13965\" srcset=\"https:\/\/vimagazine.com.br\/wp-content\/uploads\/2024\/05\/Bruna-Koch-gerente-de-Tecnologia-do-Grupo-Koch-tambe\u0301m-participou-de-painel-durante-a-APAS-SHOW-1024x768.jpeg 1024w, https:\/\/vimagazine.com.br\/wp-content\/uploads\/2024\/05\/Bruna-Koch-gerente-de-Tecnologia-do-Grupo-Koch-tambe\u0301m-participou-de-painel-durante-a-APAS-SHOW-300x225.jpeg 300w, https:\/\/vimagazine.com.br\/wp-content\/uploads\/2024\/05\/Bruna-Koch-gerente-de-Tecnologia-do-Grupo-Koch-tambe\u0301m-participou-de-painel-durante-a-APAS-SHOW-768x576.jpeg 768w, https:\/\/vimagazine.com.br\/wp-content\/uploads\/2024\/05\/Bruna-Koch-gerente-de-Tecnologia-do-Grupo-Koch-tambe\u0301m-participou-de-painel-durante-a-APAS-SHOW-1536x1152.jpeg 1536w, https:\/\/vimagazine.com.br\/wp-content\/uploads\/2024\/05\/Bruna-Koch-gerente-de-Tecnologia-do-Grupo-Koch-tambe\u0301m-participou-de-painel-durante-a-APAS-SHOW.jpeg 1920w\" sizes=\"(max-width: 1024px) 100vw, 1024px\" \/><\/figure>\n\n\n\n<p class=\"has-text-align-center\">O Grupo estar\u00e1 presente com uma comitiva formada por mais de 30 pessoas, entre gerentes comerciais, gerente de trade e s\u00f3cios.<\/p>\n\n\n\n<p class=\"has-text-align-center\">O Grupo Koch est\u00e1 na feira para refor\u00e7ar o seu posicionamento perante o segmento supermercadista e ainda participou de dois pain\u00e9is no Congresso de Gest\u00e3o, que neste ano traz o tema &#8220;Update-se &#8211; O mercado futuro mais perto de hoje&#8221;. <\/p>\n\n\n\n<p class=\"has-text-align-center\">Nesta ter\u00e7a-feira (13), o CEO do Grupo, Jos\u00e9 Koch, participou do Painel Supermercado: Governan\u00e7a na Pr\u00e1tica, com o mentor e consultor Thiago Salgado e com Alexandre Maromba, diretor-presidente do Supermercados Rena.<\/p>\n\n\n\n<p class=\"has-text-align-center\"> J\u00e1 Bruna Koch Pozzobon, gerente de Tecnologia, falou tamb\u00e9m nesta ter\u00e7a sobre Self Checkout: Efici\u00eancia e Experi\u00eancia, em um bate-papo com Jos\u00e9 Sarrassini, do Grupo Savegnago.<\/p>\n\n\n\n<figure class=\"wp-block-image size-large\"><img width=\"1024\" height=\"877\" src=\"https:\/\/vimagazine.com.br\/wp-content\/uploads\/2024\/05\/Jose\u0301-Koch-CEO-do-Grupo-Koch-na-APAS-SHOW-1024x877.jpeg\" alt=\"\" class=\"wp-image-13966\" srcset=\"https:\/\/vimagazine.com.br\/wp-content\/uploads\/2024\/05\/Jose\u0301-Koch-CEO-do-Grupo-Koch-na-APAS-SHOW-1024x877.jpeg 1024w, https:\/\/vimagazine.com.br\/wp-content\/uploads\/2024\/05\/Jose\u0301-Koch-CEO-do-Grupo-Koch-na-APAS-SHOW-300x257.jpeg 300w, https:\/\/vimagazine.com.br\/wp-content\/uploads\/2024\/05\/Jose\u0301-Koch-CEO-do-Grupo-Koch-na-APAS-SHOW-768x658.jpeg 768w, https:\/\/vimagazine.com.br\/wp-content\/uploads\/2024\/05\/Jose\u0301-Koch-CEO-do-Grupo-Koch-na-APAS-SHOW.jpeg 1280w\" sizes=\"(max-width: 1024px) 100vw, 1024px\" \/><\/figure>\n\n\n\n<p class=\"has-text-align-center\"><strong>Sobre a APAS SHOW<\/strong><\/p>\n\n\n\n<p class=\"has-text-align-center\">Em uma \u00e1rea de mais de 78 mil metros quadrados, que ocupa os seis pavilh\u00f5es do Expo Center Norte, o APAS SHOW \u00e9 organizado pela Associa\u00e7\u00e3o Paulista de Supermercados (APAS).<\/p>\n\n\n\n<p class=\"has-text-align-center\"> O encontro conta com mais 850 expositores, sendo 200 internacionais, com perspectiva de ultrapassar a marca de R$ 14 bilh\u00f5es em neg\u00f3cios gerados, desde alimentos e bebidas at\u00e9 tecnologia e inova\u00e7\u00e3o, passando por log\u00edstica, finan\u00e7as, infraestrutura, equipamentos e mais.<\/p>\n\n\n\n<p class=\"has-text-align-center\">Fonte: Renata Rutes<\/p>\n","protected":false},"excerpt":{"rendered":"<p>O CEO do Grupo, Jos\u00e9 Koch, e a gerente de tecnologia, Bruna Koch, participaram de&#8230;<\/p>\n","protected":false},"author":3,"featured_media":13964,"comment_status":"closed","ping_status":"open","sticky":false,"template":"","format":"standard","meta":{"om_disable_all_campaigns":false,"_monsterinsights_skip_tracking":false,"_monsterinsights_sitenote_active":false,"_monsterinsights_sitenote_note":"","_monsterinsights_sitenote_category":0,"spay_email":""},"categories":[1],"tags":[],"jetpack_featured_media_url":"https:\/\/vimagazine.com.br\/wp-content\/uploads\/2024\/05\/Jose\u0301-Koch-falou-sobre-Governanc\u0327a-na-Pra\u0301tica-e1715776701466.jpeg","_links":{"self":[{"href":"https:\/\/vimagazine.com.br\/index.php?rest_route=\/wp\/v2\/posts\/13963"}],"collection":[{"href":"https:\/\/vimagazine.com.br\/index.php?rest_route=\/wp\/v2\/posts"}],"about":[{"href":"https:\/\/vimagazine.com.br\/index.php?rest_route=\/wp\/v2\/types\/post"}],"author":[{"embeddable":true,"href":"https:\/\/vimagazine.com.br\/index.php?rest_route=\/wp\/v2\/users\/3"}],"replies":[{"embeddable":true,"href":"https:\/\/vimagazine.com.br\/index.php?rest_route=%2Fwp%2Fv2%2Fcomments&post=13963"}],"version-history":[{"count":1,"href":"https:\/\/vimagazine.com.br\/index.php?rest_route=\/wp\/v2\/posts\/13963\/revisions"}],"predecessor-version":[{"id":13967,"href":"https:\/\/vimagazine.com.br\/index.php?rest_route=\/wp\/v2\/posts\/13963\/revisions\/13967"}],"wp:featuredmedia":[{"embeddable":true,"href":"https:\/\/vimagazine.com.br\/index.php?rest_route=\/wp\/v2\/media\/13964"}],"wp:attachment":[{"href":"https:\/\/vimagazine.com.br\/index.php?rest_route=%2Fwp%2Fv2%2Fmedia&parent=13963"}],"wp:term":[{"taxonomy":"category","embeddable":true,"href":"https:\/\/vimagazine.com.br\/index.php?rest_route=%2Fwp%2Fv2%2Fcategories&post=13963"},{"taxonomy":"post_tag","embeddable":true,"href":"https:\/\/vimagazine.com.br\/index.php?rest_route=%2Fwp%2Fv2%2Ftags&post=13963"}],"curies":[{"name":"wp","href":"https:\/\/api.w.org\/{rel}","templated":true}]}}