{"id":13999,"date":"2024-05-21T16:42:35","date_gmt":"2024-05-21T19:42:35","guid":{"rendered":"https:\/\/vimagazine.com.br\/?p=13999"},"modified":"2024-05-21T16:48:07","modified_gmt":"2024-05-21T19:48:07","slug":"claudia-metne-celebra-o-dia-mundial-do-jeans-no-programa-chega-mais-do-sbt","status":"publish","type":"post","link":"https:\/\/vimagazine.com.br\/?p=13999","title":{"rendered":"Claudia M\u00e9tne celebra o Dia Mundial do Jeans no programa &#8220;Chega Mais&#8221; do SBT"},"content":{"rendered":"\n<figure class=\"wp-block-image aligncenter size-large is-resized\"><img src=\"https:\/\/vimagazine.com.br\/wp-content\/uploads\/2024\/05\/WhatsApp-Image-2024-05-20-at-19.15.36-577x1024.jpeg\" alt=\"\" class=\"wp-image-14000\" width=\"406\" height=\"720\" srcset=\"https:\/\/vimagazine.com.br\/wp-content\/uploads\/2024\/05\/WhatsApp-Image-2024-05-20-at-19.15.36-577x1024.jpeg 577w, https:\/\/vimagazine.com.br\/wp-content\/uploads\/2024\/05\/WhatsApp-Image-2024-05-20-at-19.15.36-169x300.jpeg 169w, https:\/\/vimagazine.com.br\/wp-content\/uploads\/2024\/05\/WhatsApp-Image-2024-05-20-at-19.15.36-768x1364.jpeg 768w, https:\/\/vimagazine.com.br\/wp-content\/uploads\/2024\/05\/WhatsApp-Image-2024-05-20-at-19.15.36.jpeg 861w\" sizes=\"(max-width: 406px) 100vw, 406px\" \/><\/figure>\n\n\n\n<figure class=\"wp-block-image aligncenter size-large is-resized\"><img src=\"https:\/\/vimagazine.com.br\/wp-content\/uploads\/2024\/05\/WhatsApp-Image-2024-05-20-at-19.16.00-768x1024.jpeg\" alt=\"\" class=\"wp-image-14001\" width=\"445\" height=\"594\" srcset=\"https:\/\/vimagazine.com.br\/wp-content\/uploads\/2024\/05\/WhatsApp-Image-2024-05-20-at-19.16.00-768x1024.jpeg 768w, https:\/\/vimagazine.com.br\/wp-content\/uploads\/2024\/05\/WhatsApp-Image-2024-05-20-at-19.16.00-225x300.jpeg 225w, https:\/\/vimagazine.com.br\/wp-content\/uploads\/2024\/05\/WhatsApp-Image-2024-05-20-at-19.16.00-1152x1536.jpeg 1152w, https:\/\/vimagazine.com.br\/wp-content\/uploads\/2024\/05\/WhatsApp-Image-2024-05-20-at-19.16.00-1024x1365.jpeg 1024w, https:\/\/vimagazine.com.br\/wp-content\/uploads\/2024\/05\/WhatsApp-Image-2024-05-20-at-19.16.00.jpeg 1200w\" sizes=\"(max-width: 445px) 100vw, 445px\" \/><\/figure>\n\n\n\n<p>A renomada produtora de moda Claudia M\u00e9tne marcou presen\u00e7a no programa &#8220;Chega Mais&#8221; do SBT em uma edi\u00e7\u00e3o especial que celebrou o Dia Mundial do Jeans, comemorado em 20 de maio. Durante a participa\u00e7\u00e3o, Claudia M\u00e9tne, &nbsp;encantou o p\u00fablico ao apresentar os diversos estilos da moda jeans, demonstrando a versatilidade e atemporalidade dessa pe\u00e7a essencial no guarda-roupa de todos.&nbsp;<\/p>\n\n\n\n<p>Claudia, produzida pelo hair stylist Marcos Gaspar, posou para fotos ao lado de Paulo Mathias e Regina Volpato, que s\u00e3o apresentadores do programa, juntamente com Michelle Barros.<\/p>\n\n\n\n<p>A produtora de moda compartilhou seus conhecimentos e insights sobre o universo do jeans, explorando as diferentes lavagens, cortes e modelos que comp\u00f5em essa pe\u00e7a ic\u00f4nica. &nbsp;<\/p>\n\n\n\n<p><strong>Sobre O Dia Mundial do Jeans:<\/strong><\/p>\n\n\n\n<p>O Dia Mundial do Jeans, celebrado em 20 de maio, \u00e9 uma data dedicada a homenagear essa pe\u00e7a ic\u00f4nica que transcende gera\u00e7\u00f5es e culturas. O jeans se tornou um s\u00edmbolo de estilo, conforto e versatilidade, presente em diferentes contextos e estilos de vida. A celebra\u00e7\u00e3o do Dia Mundial do Jeans incentiva a reflex\u00e3o sobre a import\u00e2ncia dessa pe\u00e7a na hist\u00f3ria da moda e na vida das pessoas.&nbsp;<\/p>\n","protected":false},"excerpt":{"rendered":"<p>A renomada produtora de moda Claudia M\u00e9tne marcou presen\u00e7a no programa &#8220;Chega Mais&#8221; do SBT&#8230;<\/p>\n","protected":false},"author":19,"featured_media":14002,"comment_status":"closed","ping_status":"open","sticky":false,"template":"","format":"standard","meta":{"om_disable_all_campaigns":false,"_monsterinsights_skip_tracking":false,"_monsterinsights_sitenote_active":false,"_monsterinsights_sitenote_note":"","_monsterinsights_sitenote_category":0,"spay_email":""},"categories":[26],"tags":[],"jetpack_featured_media_url":"https:\/\/vimagazine.com.br\/wp-content\/uploads\/2024\/05\/WhatsApp-Image-2024-05-20-at-19.18.03-e1716320875637.jpeg","_links":{"self":[{"href":"https:\/\/vimagazine.com.br\/index.php?rest_route=\/wp\/v2\/posts\/13999"}],"collection":[{"href":"https:\/\/vimagazine.com.br\/index.php?rest_route=\/wp\/v2\/posts"}],"about":[{"href":"https:\/\/vimagazine.com.br\/index.php?rest_route=\/wp\/v2\/types\/post"}],"author":[{"embeddable":true,"href":"https:\/\/vimagazine.com.br\/index.php?rest_route=\/wp\/v2\/users\/19"}],"replies":[{"embeddable":true,"href":"https:\/\/vimagazine.com.br\/index.php?rest_route=%2Fwp%2Fv2%2Fcomments&post=13999"}],"version-history":[{"count":1,"href":"https:\/\/vimagazine.com.br\/index.php?rest_route=\/wp\/v2\/posts\/13999\/revisions"}],"predecessor-version":[{"id":14003,"href":"https:\/\/vimagazine.com.br\/index.php?rest_route=\/wp\/v2\/posts\/13999\/revisions\/14003"}],"wp:featuredmedia":[{"embeddable":true,"href":"https:\/\/vimagazine.com.br\/index.php?rest_route=\/wp\/v2\/media\/14002"}],"wp:attachment":[{"href":"https:\/\/vimagazine.com.br\/index.php?rest_route=%2Fwp%2Fv2%2Fmedia&parent=13999"}],"wp:term":[{"taxonomy":"category","embeddable":true,"href":"https:\/\/vimagazine.com.br\/index.php?rest_route=%2Fwp%2Fv2%2Fcategories&post=13999"},{"taxonomy":"post_tag","embeddable":true,"href":"https:\/\/vimagazine.com.br\/index.php?rest_route=%2Fwp%2Fv2%2Ftags&post=13999"}],"curies":[{"name":"wp","href":"https:\/\/api.w.org\/{rel}","templated":true}]}}