{"id":14006,"date":"2024-05-23T11:43:16","date_gmt":"2024-05-23T14:43:16","guid":{"rendered":"https:\/\/vimagazine.com.br\/?p=14006"},"modified":"2024-05-23T11:43:17","modified_gmt":"2024-05-23T14:43:17","slug":"catarinense-lanca-livro-em-sao-paulo","status":"publish","type":"post","link":"https:\/\/vimagazine.com.br\/?p=14006","title":{"rendered":"Catarinense lan\u00e7a livro em S\u00e3o Paulo."},"content":{"rendered":"\n<p><\/p>\n\n\n\n<p><\/p>\n\n\n\n<p class=\"has-medium-font-size\"><strong>Obra in\u00e9dita trata sobre a import\u00e2ncia da Marca Pessoal<\/strong><\/p>\n\n\n\n<p><\/p>\n\n\n\n<p>No pr\u00f3ximo dia 10 de junho, S\u00e3o Paulo ser\u00e1 o local do aguardado lan\u00e7amento do livro &#8220;Do Invis\u00edvel ao Inesquec\u00edvel&#8221;, uma obra in\u00e9dita do renomado Estrategista de Marca Pessoal e Palestrante Internacional, Ricardo Dalbosco. O evento ir\u00e1 iniciar \u00e0s 19 horas na Livraria da Travessa &#8211; Iguatemi, Shopping Iguatemi &#8211; Av. Brig. Faria Lima, 2232 &#8211; Piso Superior &#8211; Jardim Paulistano, S\u00e3o Paulo-SP.<\/p>\n\n\n\n<p>A marca pessoal tornou-se uma ferramenta indispens\u00e1vel no mundo dos neg\u00f3cios modernos. Mais do que nunca, os profissionais precisam diferenciar-se em um mercado altamente competitivo, e construir uma marca pessoal forte \u00e9 o caminho para alcan\u00e7ar esse objetivo. Uma marca pessoal bem desenvolvida n\u00e3o se trata apenas de um logotipo ou uma imagem de perfil atraente nas redes sociais. \u00c9 sobre como voc\u00ea \u00e9 percebido pelo mundo, sobre a impress\u00e3o que voc\u00ea deixa nas pessoas e sobre o valor que voc\u00ea entrega em suas intera\u00e7\u00f5es profissionais.<\/p>\n\n\n\n<p>A &#8220;cidade que nunca dorme&#8221; abrir\u00e1 espa\u00e7o para uma reflex\u00e3o sobre como construir uma marca pessoal de sucesso e transformar a carreira profissional. Com uma trajet\u00f3ria marcada por cases de sucesso em quatro continentes, Dalbosco traz uma abordagem inovadora sobre o tema, que promete revolucionar a maneira como os profissionais encaram suas jornadas profissionais.<\/p>\n\n\n\n<p>A Editora Gente, reconhecida por seus best-sellers de autores renomados como Joel Jota, Paulo Vieira e Roberto Shinyashiki, tem o prazer de apresentar este lan\u00e7amento que promete impactar o mercado. O livro &#8220;Do Invis\u00edvel ao Inesquec\u00edvel&#8221; \u00e9 mais do que um livro; \u00e9 uma ferramenta essencial para aqueles que almejam o sucesso e a realiza\u00e7\u00e3o pessoal.<\/p>\n\n\n\n<p>Nesta obra, Dalbosco compartilha estrat\u00e9gias valiosas para se destacar no mercado de trabalho, aumentar a autoridade moral e o poder, utilizando a marca pessoal como uma alavanca para o sucesso. Com exemplos reais e inspiradores, fruto de mais de 10 mil horas de mentorias individuais, o autor demonstra como \u00e9 poss\u00edvel transformar-se em uma refer\u00eancia em sua \u00e1rea de atua\u00e7\u00e3o.<\/p>\n\n\n\n<p>O lan\u00e7amento do livro n\u00e3o se limita apenas \u00e0 oportunidade de adquirir o livro impresso com aut\u00f3grafo do autor, mas \u00e9 tamb\u00e9m uma chance \u00fanica de expandir seu networking, conectando-se com profissionais de destaque e influenciadores digitais que marcar\u00e3o presen\u00e7a no evento. &#8220;Do Invis\u00edvel ao Inesquec\u00edvel&#8221; est\u00e1 dispon\u00edvel para compra em formato impresso nas principais livrarias do Brasil, al\u00e9m de estar dispon\u00edvel online na Amazon e no site da Editora Gente (https:\/\/www.editoragente.com.br\/do-invisivel-ao-inesquecivel-7234\/p?utm_source=blog&amp;utm_medium=banner-final-mobile&amp;utm_campaign=).<\/p>\n\n\n\n<p>Investir na constru\u00e7\u00e3o de sua marca pessoal significa investir em si mesmo. Significa conhecer seus pontos fortes, desenvolver suas habilidades e comunicar sua mensagem de forma clara e consistente. \u00c9 um processo cont\u00ednuo de autoaperfei\u00e7oamento e autoexpress\u00e3o. Fica aqui o convite para que voc\u00ea esteja presente no lan\u00e7amento incompar\u00e1vel do livro &#8220;Do invis\u00edvel ao Inesquec\u00edvel&#8221; e aprenda como ser CEO da sua pr\u00f3pria carreira!<\/p>\n\n\n\n<p><\/p>\n\n\n\n<figure class=\"wp-block-image size-large\"><img width=\"1024\" height=\"768\" src=\"https:\/\/vimagazine.com.br\/wp-content\/uploads\/2024\/05\/WhatsApp-Image-2024-05-23-at-11.25.41-1024x768.jpeg\" alt=\"\" class=\"wp-image-14007\" srcset=\"https:\/\/vimagazine.com.br\/wp-content\/uploads\/2024\/05\/WhatsApp-Image-2024-05-23-at-11.25.41-1024x768.jpeg 1024w, https:\/\/vimagazine.com.br\/wp-content\/uploads\/2024\/05\/WhatsApp-Image-2024-05-23-at-11.25.41-300x225.jpeg 300w, https:\/\/vimagazine.com.br\/wp-content\/uploads\/2024\/05\/WhatsApp-Image-2024-05-23-at-11.25.41-768x576.jpeg 768w, https:\/\/vimagazine.com.br\/wp-content\/uploads\/2024\/05\/WhatsApp-Image-2024-05-23-at-11.25.41-1536x1152.jpeg 1536w, https:\/\/vimagazine.com.br\/wp-content\/uploads\/2024\/05\/WhatsApp-Image-2024-05-23-at-11.25.41.jpeg 1600w\" sizes=\"(max-width: 1024px) 100vw, 1024px\" \/><\/figure>\n\n\n\n<p><\/p>\n\n\n\n<p><\/p>\n\n\n\n<p><strong>Conhe\u00e7a o autor<\/strong><br>LinkedIn: https:\/\/www.linkedin.com\/in\/ricardo-dalbosco-marketing-personal-branding-marca-pessoal-conselheiro-palestrante\/ (+60 mil seguidores)<br>Instagram: https:\/\/www.instagram.com\/ricardo.dalbosco\/<br>Podcast Spotify: https:\/\/open.spotify.com\/show\/36adMGblHtRF7FIHvS1M7T?si=d6c39b9f15ff4a56<br>Website: www.ricardodalbosco.com (maior blog sobre Personal Branding do Brasil com centenas de conte\u00fados)<br>Canal no Youtube: https:\/\/www.youtube.com\/c\/RicardoDalbosco-marcapessoal<br>TikTok: https:\/\/www.tiktok.com\/@ricardo.dalbosco<\/p>\n\n\n\n<p><\/p>\n\n\n\n<p style=\"font-size:12px\">Fotos: divulga\u00e7\u00e3o<\/p>\n","protected":false},"excerpt":{"rendered":"<p>Obra in\u00e9dita trata sobre a import\u00e2ncia da Marca Pessoal No pr\u00f3ximo dia 10 de junho,&#8230;<\/p>\n","protected":false},"author":1,"featured_media":14008,"comment_status":"closed","ping_status":"open","sticky":false,"template":"","format":"standard","meta":{"om_disable_all_campaigns":false,"_monsterinsights_skip_tracking":false,"_monsterinsights_sitenote_active":false,"_monsterinsights_sitenote_note":"","_monsterinsights_sitenote_category":0,"spay_email":""},"categories":[27,1],"tags":[],"jetpack_featured_media_url":"https:\/\/vimagazine.com.br\/wp-content\/uploads\/2024\/05\/WhatsApp-Image-2024-05-23-at-11.25.42.jpeg","_links":{"self":[{"href":"https:\/\/vimagazine.com.br\/index.php?rest_route=\/wp\/v2\/posts\/14006"}],"collection":[{"href":"https:\/\/vimagazine.com.br\/index.php?rest_route=\/wp\/v2\/posts"}],"about":[{"href":"https:\/\/vimagazine.com.br\/index.php?rest_route=\/wp\/v2\/types\/post"}],"author":[{"embeddable":true,"href":"https:\/\/vimagazine.com.br\/index.php?rest_route=\/wp\/v2\/users\/1"}],"replies":[{"embeddable":true,"href":"https:\/\/vimagazine.com.br\/index.php?rest_route=%2Fwp%2Fv2%2Fcomments&post=14006"}],"version-history":[{"count":1,"href":"https:\/\/vimagazine.com.br\/index.php?rest_route=\/wp\/v2\/posts\/14006\/revisions"}],"predecessor-version":[{"id":14009,"href":"https:\/\/vimagazine.com.br\/index.php?rest_route=\/wp\/v2\/posts\/14006\/revisions\/14009"}],"wp:featuredmedia":[{"embeddable":true,"href":"https:\/\/vimagazine.com.br\/index.php?rest_route=\/wp\/v2\/media\/14008"}],"wp:attachment":[{"href":"https:\/\/vimagazine.com.br\/index.php?rest_route=%2Fwp%2Fv2%2Fmedia&parent=14006"}],"wp:term":[{"taxonomy":"category","embeddable":true,"href":"https:\/\/vimagazine.com.br\/index.php?rest_route=%2Fwp%2Fv2%2Fcategories&post=14006"},{"taxonomy":"post_tag","embeddable":true,"href":"https:\/\/vimagazine.com.br\/index.php?rest_route=%2Fwp%2Fv2%2Ftags&post=14006"}],"curies":[{"name":"wp","href":"https:\/\/api.w.org\/{rel}","templated":true}]}}