{"id":14039,"date":"2024-05-27T09:56:19","date_gmt":"2024-05-27T12:56:19","guid":{"rendered":"https:\/\/vimagazine.com.br\/?p=14039"},"modified":"2024-05-27T09:56:20","modified_gmt":"2024-05-27T12:56:20","slug":"na-area-da-antiga-icisa-o-novo-polo-de-desenvolvimento-de-imbituba","status":"publish","type":"post","link":"https:\/\/vimagazine.com.br\/?p=14039","title":{"rendered":"Na \u00e1rea da antiga ICISA, o novo polo de desenvolvimento de Imbituba"},"content":{"rendered":"\n<p><\/p>\n\n\n\n<p><\/p>\n\n\n\n<p class=\"has-medium-font-size\"><em><strong>Ponto nobre onde funcionava a Ind\u00fastria Cer\u00e2mica Imbituba SA tornou-se o Imbituba Park, empreendimento que garantir\u00e1 o crescimento do Cento do munic\u00edpio<\/strong><\/em><\/p>\n\n\n\n<p>Primeira cer\u00e2mica de Santa Catarina e uma das maiores do Sul do Brasil, a Ind\u00fastria Cer\u00e2mica Imbituba SA (ICISA) tornou-se um dos marcos na hist\u00f3ria da cidade, bem como de toda a regi\u00e3o. O espa\u00e7o onde antigamente funcionava a empresa \u2013 h\u00e1 muitos anos, abandonado ap\u00f3s o encerramento das atividades \u2013, agora torna-se um novo polo de desenvolvimento para o munic\u00edpio, com a conclus\u00e3o e entrega oficial do Imbituba Park, um loteamento que garantir\u00e1 o crescimento sustent\u00e1vel da \u00e1rea central, assinado pela&nbsp;<a href=\"https:\/\/click.cse360.com.br\/Click\/AddCampaignEmailClick\/18898261-e029-4a6a-5b1d-08dc75d43e71\/https%253a%252f%252fwww.eraldoconstrucoes.com.br%252f\/84a13bf5-1001-4b37-93cf-9aa5931b4a9b\/vimagazine@vimagazine.com.br\/True\" rel=\"noreferrer noopener\" target=\"_blank\">Eraldo Constru\u00e7\u00f5es<\/a>.<\/p>\n\n\n\n<p>Ap\u00f3s a compra da \u00e1rea em um leil\u00e3o em 2016, a empresa iniciou todo o trabalho de estrutura\u00e7\u00e3o do espa\u00e7o que, hoje, abriga 98 terrenos e possibilita a constru\u00e7\u00e3o de edifica\u00e7\u00f5es horizontais e verticais, comerciais e residenciais. Para que o loteamento chegasse \u00e0 conclus\u00e3o e entrega, foram cinco anos para obten\u00e7\u00e3o de todas as aprova\u00e7\u00f5es e licen\u00e7as, somados a 14 meses de execu\u00e7\u00e3o do projeto, que contempla uma infraestrutura completa, cercada de vegeta\u00e7\u00e3o e com vista para o mar.<\/p>\n\n\n\n<p>&#8220;\u00c9 uma \u00e1rea muito nobre, no Centro de Imbituba, ent\u00e3o pensamos em desenvolver um empreendimento que conseguisse se integrar com o munic\u00edpio, com diferenciais para quem decidir investir e morar ali. Por isso, as ruas s\u00e3o um pouco mais largas e com passeios padronizados, h\u00e1 uma avenida central, um cal\u00e7ad\u00e3o de cinco metros por toda a extens\u00e3o do loteamento, uma pra\u00e7a com quadra esportiva e espa\u00e7o para pr\u00e1tica de atividades f\u00edsicas. Ou seja, n\u00e3o \u00e9 um simples loteamento, n\u00f3s entregamos ainda mais valor em uma \u00e1rea j\u00e1 t\u00e3o conhecida e querida por todos&#8221;, ressalta o empres\u00e1rio e diretor da Eraldo Constru\u00e7\u00f5es, Eraldo Rosa.<\/p>\n\n\n\n<p><strong>Valoriza\u00e7\u00e3o da hist\u00f3ria<\/strong><\/p>\n\n\n\n<p>A preocupa\u00e7\u00e3o com a garantia de preserva\u00e7\u00e3o da hist\u00f3ria do local tamb\u00e9m foi um ponto em evid\u00eancia, uma vez que a empresa fez quest\u00e3o de criar uma r\u00e9plica do tradicional p\u00f3rtico da ICISA, em suas pastilhas brancas e vermelhas, no novo empreendimento.<\/p>\n\n\n\n<p>&#8220;A Ind\u00fastria Cer\u00e2mica Imbituba SA chegou a empregar 1,3 mil funcion\u00e1rios locais na d\u00e9cada de 1990, foi uma das maiores da \u00e9poca. Ent\u00e3o ouvimos muitas hist\u00f3rias de av\u00f3s, pais e netos que ganharam a vida trabalhando ali, criando suas fam\u00edlias em Imbituba por conta da empresa. Existe essa como\u00e7\u00e3o, esse carinho e, por isso, fizemos quest\u00e3o de dar vida novamente ao espa\u00e7o que, apesar de abandonado quando compramos, carrega at\u00e9 hoje essa hist\u00f3ria&#8221;, completa Eraldo.<\/p>\n\n\n\n<p><\/p>\n\n\n\n<figure class=\"wp-container-2 wp-block-gallery-1 wp-block-gallery has-nested-images columns-default is-cropped\">\n<figure class=\"wp-block-image size-large\"><img width=\"1008\" height=\"756\" data-id=\"14040\"  src=\"https:\/\/vimagazine.com.br\/wp-content\/uploads\/2024\/05\/e9e59de6-f7ad-45de-bd03-103b6722e56f.jpg\" alt=\"\" class=\"wp-image-14040\" srcset=\"https:\/\/vimagazine.com.br\/wp-content\/uploads\/2024\/05\/e9e59de6-f7ad-45de-bd03-103b6722e56f.jpg 1008w, https:\/\/vimagazine.com.br\/wp-content\/uploads\/2024\/05\/e9e59de6-f7ad-45de-bd03-103b6722e56f-300x225.jpg 300w, https:\/\/vimagazine.com.br\/wp-content\/uploads\/2024\/05\/e9e59de6-f7ad-45de-bd03-103b6722e56f-768x576.jpg 768w\" sizes=\"(max-width: 1008px) 100vw, 1008px\" \/><\/figure>\n\n\n\n<figure class=\"wp-block-image size-large\"><img width=\"1008\" height=\"756\" data-id=\"14041\"  src=\"https:\/\/vimagazine.com.br\/wp-content\/uploads\/2024\/05\/d631e7f9-72cf-473c-87ee-ce432147c537.jpg\" alt=\"\" class=\"wp-image-14041\" srcset=\"https:\/\/vimagazine.com.br\/wp-content\/uploads\/2024\/05\/d631e7f9-72cf-473c-87ee-ce432147c537.jpg 1008w, https:\/\/vimagazine.com.br\/wp-content\/uploads\/2024\/05\/d631e7f9-72cf-473c-87ee-ce432147c537-300x225.jpg 300w, https:\/\/vimagazine.com.br\/wp-content\/uploads\/2024\/05\/d631e7f9-72cf-473c-87ee-ce432147c537-768x576.jpg 768w\" sizes=\"(max-width: 1008px) 100vw, 1008px\" \/><\/figure>\n<\/figure>\n\n\n\n<p><\/p>\n\n\n\n<p><strong>Pronto para construir<\/strong><\/p>\n\n\n\n<p>Com toda a estrutura finalizada e mais de 90% dos terrenos j\u00e1 comercializados, o loteamento est\u00e1 pronto para receber as futuras constru\u00e7\u00f5es. &#8220;Com isso, algumas construtoras locais devem come\u00e7ar a verticalizar, a construir edif\u00edcios at\u00e9 o in\u00edcio de 2025, provavelmente com apartamentos residenciais e salas comerciais, o que promover\u00e1 uma integra\u00e7\u00e3o ainda maior do empreendimento com o centro da cidade&#8221;, argumenta o diretor da Eraldo Constru\u00e7\u00f5es.<\/p>\n\n\n\n<p>O Imbituba Park fica muito pr\u00f3ximo de escolas, supermercados, restaurantes, centros comerciais e todo o tipo de facilidades que a rotina exige. &#8220;N\u00e3o pensamos somente em colocar as pessoas dentro de casa, mas sim em criar oportunidades e um entorno que proporcione uma vida com harmonia. Nos preocupamos em criar valor neste ponto, n\u00e3o apenas nas vendas, mas tamb\u00e9m para que as pessoas possam viver com tranquilidade e qualidade e, ali, construir seu futuro&#8221;, finaliza Eraldo.<\/p>\n\n\n\n<p><\/p>\n","protected":false},"excerpt":{"rendered":"<p>Ponto nobre onde funcionava a Ind\u00fastria Cer\u00e2mica Imbituba SA tornou-se o Imbituba Park, empreendimento que&#8230;<\/p>\n","protected":false},"author":1,"featured_media":14042,"comment_status":"closed","ping_status":"open","sticky":false,"template":"","format":"standard","meta":{"om_disable_all_campaigns":false,"_monsterinsights_skip_tracking":false,"_monsterinsights_sitenote_active":false,"_monsterinsights_sitenote_note":"","_monsterinsights_sitenote_category":0,"spay_email":""},"categories":[1],"tags":[],"jetpack_featured_media_url":"https:\/\/vimagazine.com.br\/wp-content\/uploads\/2024\/05\/ceba0c97-070d-4669-8cd7-85008be19030.jpg","_links":{"self":[{"href":"https:\/\/vimagazine.com.br\/index.php?rest_route=\/wp\/v2\/posts\/14039"}],"collection":[{"href":"https:\/\/vimagazine.com.br\/index.php?rest_route=\/wp\/v2\/posts"}],"about":[{"href":"https:\/\/vimagazine.com.br\/index.php?rest_route=\/wp\/v2\/types\/post"}],"author":[{"embeddable":true,"href":"https:\/\/vimagazine.com.br\/index.php?rest_route=\/wp\/v2\/users\/1"}],"replies":[{"embeddable":true,"href":"https:\/\/vimagazine.com.br\/index.php?rest_route=%2Fwp%2Fv2%2Fcomments&post=14039"}],"version-history":[{"count":1,"href":"https:\/\/vimagazine.com.br\/index.php?rest_route=\/wp\/v2\/posts\/14039\/revisions"}],"predecessor-version":[{"id":14043,"href":"https:\/\/vimagazine.com.br\/index.php?rest_route=\/wp\/v2\/posts\/14039\/revisions\/14043"}],"wp:featuredmedia":[{"embeddable":true,"href":"https:\/\/vimagazine.com.br\/index.php?rest_route=\/wp\/v2\/media\/14042"}],"wp:attachment":[{"href":"https:\/\/vimagazine.com.br\/index.php?rest_route=%2Fwp%2Fv2%2Fmedia&parent=14039"}],"wp:term":[{"taxonomy":"category","embeddable":true,"href":"https:\/\/vimagazine.com.br\/index.php?rest_route=%2Fwp%2Fv2%2Fcategories&post=14039"},{"taxonomy":"post_tag","embeddable":true,"href":"https:\/\/vimagazine.com.br\/index.php?rest_route=%2Fwp%2Fv2%2Ftags&post=14039"}],"curies":[{"name":"wp","href":"https:\/\/api.w.org\/{rel}","templated":true}]}}