{"id":14044,"date":"2024-05-27T10:04:54","date_gmt":"2024-05-27T13:04:54","guid":{"rendered":"https:\/\/vimagazine.com.br\/?p=14044"},"modified":"2024-05-27T10:04:55","modified_gmt":"2024-05-27T13:04:55","slug":"liderancas-de-santa-catarina-participarao-de-encontro-com-roberto-campos-neto","status":"publish","type":"post","link":"https:\/\/vimagazine.com.br\/?p=14044","title":{"rendered":"Lideran\u00e7as de Santa Catarina participar\u00e3o de encontro com Roberto Campos Neto"},"content":{"rendered":"\n<p><\/p>\n\n\n\n<p><\/p>\n\n\n\n<p>Como tema do evento, desafios e oportunidades do setor financeiro no pa\u00eds, empres\u00e1rios LIDE como Felipe Prates (CEO da Novalogic, Embaixadora LIDE de Tecnologia) e Anderson Becker (CEO ABecker Loteamentos e vencedor Empres\u00e1rio do Ano Pr\u00eamio L\u00edderes 2023) acompanhar\u00e3o o Presidente do Sistema LIDE RS e SC Delton Batista em S\u00e3o Paulo nesta segunda-feira 27\/05, em Almo\u00e7o Empresarial, com presidente do Banco Central do Brasil.<\/p>\n\n\n\n<p><\/p>\n\n\n\n<figure class=\"wp-container-2 wp-block-gallery-1 wp-block-gallery has-nested-images columns-default is-cropped\">\n<figure class=\"wp-block-image size-large\"><img width=\"500\" height=\"240\" data-id=\"14045\"  src=\"https:\/\/vimagazine.com.br\/wp-content\/uploads\/2024\/05\/WhatsApp-Image-2024-05-27-at-09.25.17.jpeg\" alt=\"\" class=\"wp-image-14045\" srcset=\"https:\/\/vimagazine.com.br\/wp-content\/uploads\/2024\/05\/WhatsApp-Image-2024-05-27-at-09.25.17.jpeg 500w, https:\/\/vimagazine.com.br\/wp-content\/uploads\/2024\/05\/WhatsApp-Image-2024-05-27-at-09.25.17-300x144.jpeg 300w\" sizes=\"(max-width: 500px) 100vw, 500px\" \/><\/figure>\n\n\n\n<figure class=\"wp-block-image size-large\"><img width=\"900\" height=\"600\" data-id=\"14046\"  src=\"https:\/\/vimagazine.com.br\/wp-content\/uploads\/2024\/05\/WhatsApp-Image-2024-05-27-at-09.25.16.jpeg\" alt=\"\" class=\"wp-image-14046\" srcset=\"https:\/\/vimagazine.com.br\/wp-content\/uploads\/2024\/05\/WhatsApp-Image-2024-05-27-at-09.25.16.jpeg 900w, https:\/\/vimagazine.com.br\/wp-content\/uploads\/2024\/05\/WhatsApp-Image-2024-05-27-at-09.25.16-300x200.jpeg 300w, https:\/\/vimagazine.com.br\/wp-content\/uploads\/2024\/05\/WhatsApp-Image-2024-05-27-at-09.25.16-768x512.jpeg 768w\" sizes=\"(max-width: 900px) 100vw, 900px\" \/><\/figure>\n<\/figure>\n","protected":false},"excerpt":{"rendered":"<p>Como tema do evento, desafios e oportunidades do setor financeiro no pa\u00eds, empres\u00e1rios LIDE como&#8230;<\/p>\n","protected":false},"author":1,"featured_media":14047,"comment_status":"closed","ping_status":"open","sticky":false,"template":"","format":"standard","meta":{"om_disable_all_campaigns":false,"_monsterinsights_skip_tracking":false,"_monsterinsights_sitenote_active":false,"_monsterinsights_sitenote_note":"","_monsterinsights_sitenote_category":0,"spay_email":""},"categories":[1],"tags":[],"jetpack_featured_media_url":"https:\/\/vimagazine.com.br\/wp-content\/uploads\/2024\/05\/WhatsApp-Image-2024-05-27-at-09.25.15.jpeg","_links":{"self":[{"href":"https:\/\/vimagazine.com.br\/index.php?rest_route=\/wp\/v2\/posts\/14044"}],"collection":[{"href":"https:\/\/vimagazine.com.br\/index.php?rest_route=\/wp\/v2\/posts"}],"about":[{"href":"https:\/\/vimagazine.com.br\/index.php?rest_route=\/wp\/v2\/types\/post"}],"author":[{"embeddable":true,"href":"https:\/\/vimagazine.com.br\/index.php?rest_route=\/wp\/v2\/users\/1"}],"replies":[{"embeddable":true,"href":"https:\/\/vimagazine.com.br\/index.php?rest_route=%2Fwp%2Fv2%2Fcomments&post=14044"}],"version-history":[{"count":1,"href":"https:\/\/vimagazine.com.br\/index.php?rest_route=\/wp\/v2\/posts\/14044\/revisions"}],"predecessor-version":[{"id":14048,"href":"https:\/\/vimagazine.com.br\/index.php?rest_route=\/wp\/v2\/posts\/14044\/revisions\/14048"}],"wp:featuredmedia":[{"embeddable":true,"href":"https:\/\/vimagazine.com.br\/index.php?rest_route=\/wp\/v2\/media\/14047"}],"wp:attachment":[{"href":"https:\/\/vimagazine.com.br\/index.php?rest_route=%2Fwp%2Fv2%2Fmedia&parent=14044"}],"wp:term":[{"taxonomy":"category","embeddable":true,"href":"https:\/\/vimagazine.com.br\/index.php?rest_route=%2Fwp%2Fv2%2Fcategories&post=14044"},{"taxonomy":"post_tag","embeddable":true,"href":"https:\/\/vimagazine.com.br\/index.php?rest_route=%2Fwp%2Fv2%2Ftags&post=14044"}],"curies":[{"name":"wp","href":"https:\/\/api.w.org\/{rel}","templated":true}]}}