{"id":14060,"date":"2024-05-27T10:26:06","date_gmt":"2024-05-27T13:26:06","guid":{"rendered":"https:\/\/vimagazine.com.br\/?p=14060"},"modified":"2024-05-27T10:26:07","modified_gmt":"2024-05-27T13:26:07","slug":"sucesso-na-pre-estreia-do-longa-juvenil-colegio-girassol","status":"publish","type":"post","link":"https:\/\/vimagazine.com.br\/?p=14060","title":{"rendered":"SUCESSO NA\u00a0 PR\u00c9\u00a0&#8211;\u00a0ESTREIA DO LONGA JUVENIL COL\u00c9GIO GIRASSOL\u00a0\u00a0\u00a0\u00a0\u00a0\u00a0\u00a0\u00a0\u00a0"},"content":{"rendered":"\n<p><\/p>\n\n\n\n<p><\/p>\n\n\n\n<p>A\u00a0 Pr\u00e9-estreia do longa juvenil \u201cCol\u00e9gio Girassol\u201d &#8211; sob dire\u00e7\u00e3o de Bruno Pereira, aconteceu com sucesso, tendo a presen\u00e7a do elenco como das atrizes Anna Fl\u00e1via Camargo que interpreta a Professora Giselle m\u00e3e da protagonista e de Duda Wendling, assim como de amigos e celebridades na sala\u00a0 VIP do Kinoplex Via Park.<\/p>\n\n\n\n<figure class=\"wp-container-2 wp-block-gallery-1 wp-block-gallery has-nested-images columns-default is-cropped\">\n<figure class=\"wp-block-image size-large\"><img width=\"1280\" height=\"1920\" data-id=\"14062\"  src=\"https:\/\/vimagazine.com.br\/wp-content\/uploads\/2024\/05\/ANNA-FLAVIA-CAMARGO-E-SEU-FILHO-GAEL-DIRETOR-BRUNO-PEREIRA-E-FABIO-RIOS-AGENTE-DE-FAMOSOSIMG_8212.jpeg\" alt=\"\" class=\"wp-image-14062\" srcset=\"https:\/\/vimagazine.com.br\/wp-content\/uploads\/2024\/05\/ANNA-FLAVIA-CAMARGO-E-SEU-FILHO-GAEL-DIRETOR-BRUNO-PEREIRA-E-FABIO-RIOS-AGENTE-DE-FAMOSOSIMG_8212.jpeg 1280w, https:\/\/vimagazine.com.br\/wp-content\/uploads\/2024\/05\/ANNA-FLAVIA-CAMARGO-E-SEU-FILHO-GAEL-DIRETOR-BRUNO-PEREIRA-E-FABIO-RIOS-AGENTE-DE-FAMOSOSIMG_8212-200x300.jpeg 200w, https:\/\/vimagazine.com.br\/wp-content\/uploads\/2024\/05\/ANNA-FLAVIA-CAMARGO-E-SEU-FILHO-GAEL-DIRETOR-BRUNO-PEREIRA-E-FABIO-RIOS-AGENTE-DE-FAMOSOSIMG_8212-683x1024.jpeg 683w, https:\/\/vimagazine.com.br\/wp-content\/uploads\/2024\/05\/ANNA-FLAVIA-CAMARGO-E-SEU-FILHO-GAEL-DIRETOR-BRUNO-PEREIRA-E-FABIO-RIOS-AGENTE-DE-FAMOSOSIMG_8212-768x1152.jpeg 768w, https:\/\/vimagazine.com.br\/wp-content\/uploads\/2024\/05\/ANNA-FLAVIA-CAMARGO-E-SEU-FILHO-GAEL-DIRETOR-BRUNO-PEREIRA-E-FABIO-RIOS-AGENTE-DE-FAMOSOSIMG_8212-1024x1536.jpeg 1024w\" sizes=\"(max-width: 1280px) 100vw, 1280px\" \/><figcaption>ANNA FL\u00c1VIA CAMARGO E SEU FILHO GAEL DIRETOR BRUNO PEREIRA E FABIO RIOS AGENTE DE FAMOSOSIMG<\/figcaption><\/figure>\n\n\n\n<figure class=\"wp-block-image size-large\"><img width=\"1280\" height=\"1920\" data-id=\"14063\"  src=\"https:\/\/vimagazine.com.br\/wp-content\/uploads\/2024\/05\/DRICO-MORAES-E-ANNA-FLAVIA-CAMARGO-IMG_8214.jpeg\" alt=\"\" class=\"wp-image-14063\" srcset=\"https:\/\/vimagazine.com.br\/wp-content\/uploads\/2024\/05\/DRICO-MORAES-E-ANNA-FLAVIA-CAMARGO-IMG_8214.jpeg 1280w, https:\/\/vimagazine.com.br\/wp-content\/uploads\/2024\/05\/DRICO-MORAES-E-ANNA-FLAVIA-CAMARGO-IMG_8214-200x300.jpeg 200w, https:\/\/vimagazine.com.br\/wp-content\/uploads\/2024\/05\/DRICO-MORAES-E-ANNA-FLAVIA-CAMARGO-IMG_8214-683x1024.jpeg 683w, https:\/\/vimagazine.com.br\/wp-content\/uploads\/2024\/05\/DRICO-MORAES-E-ANNA-FLAVIA-CAMARGO-IMG_8214-768x1152.jpeg 768w, https:\/\/vimagazine.com.br\/wp-content\/uploads\/2024\/05\/DRICO-MORAES-E-ANNA-FLAVIA-CAMARGO-IMG_8214-1024x1536.jpeg 1024w\" sizes=\"(max-width: 1280px) 100vw, 1280px\" \/><figcaption>DRICO MORAES E ANNA FL\u00c1VIA CAMARGO<\/figcaption><\/figure>\n<\/figure>\n\n\n\n<figure class=\"wp-container-4 wp-block-gallery-3 wp-block-gallery has-nested-images columns-default is-cropped\">\n<figure class=\"wp-block-image size-large\"><img width=\"1920\" height=\"1414\" data-id=\"14065\"  src=\"https:\/\/vimagazine.com.br\/wp-content\/uploads\/2024\/05\/Fatima-Montenegro-Anna-Flavia-Camargo-Camila-Santanione-e-Mari-Fernandes-Screenshot_20240520_202552_Gmail.jpg\" alt=\"\" class=\"wp-image-14065\" srcset=\"https:\/\/vimagazine.com.br\/wp-content\/uploads\/2024\/05\/Fatima-Montenegro-Anna-Flavia-Camargo-Camila-Santanione-e-Mari-Fernandes-Screenshot_20240520_202552_Gmail.jpg 1920w, https:\/\/vimagazine.com.br\/wp-content\/uploads\/2024\/05\/Fatima-Montenegro-Anna-Flavia-Camargo-Camila-Santanione-e-Mari-Fernandes-Screenshot_20240520_202552_Gmail-300x221.jpg 300w, https:\/\/vimagazine.com.br\/wp-content\/uploads\/2024\/05\/Fatima-Montenegro-Anna-Flavia-Camargo-Camila-Santanione-e-Mari-Fernandes-Screenshot_20240520_202552_Gmail-1024x754.jpg 1024w, https:\/\/vimagazine.com.br\/wp-content\/uploads\/2024\/05\/Fatima-Montenegro-Anna-Flavia-Camargo-Camila-Santanione-e-Mari-Fernandes-Screenshot_20240520_202552_Gmail-768x566.jpg 768w, https:\/\/vimagazine.com.br\/wp-content\/uploads\/2024\/05\/Fatima-Montenegro-Anna-Flavia-Camargo-Camila-Santanione-e-Mari-Fernandes-Screenshot_20240520_202552_Gmail-1536x1131.jpg 1536w\" sizes=\"(max-width: 1920px) 100vw, 1920px\" \/><figcaption>F\u00e1tima Montenegro Anna Flavia Camargo Camila Santanione e Mari Fernandes<\/figcaption><\/figure>\n\n\n\n<figure class=\"wp-block-image size-large\"><img width=\"1920\" height=\"1355\" data-id=\"14066\"  src=\"https:\/\/vimagazine.com.br\/wp-content\/uploads\/2024\/05\/Bruno-Pereira-Wendling-Anna-Flavia-Camargo-e-Drico-MoraesScreenshot_20240520_202408_Gmail-1.jpg\" alt=\"\" class=\"wp-image-14066\" srcset=\"https:\/\/vimagazine.com.br\/wp-content\/uploads\/2024\/05\/Bruno-Pereira-Wendling-Anna-Flavia-Camargo-e-Drico-MoraesScreenshot_20240520_202408_Gmail-1.jpg 1920w, https:\/\/vimagazine.com.br\/wp-content\/uploads\/2024\/05\/Bruno-Pereira-Wendling-Anna-Flavia-Camargo-e-Drico-MoraesScreenshot_20240520_202408_Gmail-1-300x212.jpg 300w, https:\/\/vimagazine.com.br\/wp-content\/uploads\/2024\/05\/Bruno-Pereira-Wendling-Anna-Flavia-Camargo-e-Drico-MoraesScreenshot_20240520_202408_Gmail-1-1024x723.jpg 1024w, https:\/\/vimagazine.com.br\/wp-content\/uploads\/2024\/05\/Bruno-Pereira-Wendling-Anna-Flavia-Camargo-e-Drico-MoraesScreenshot_20240520_202408_Gmail-1-768x542.jpg 768w, https:\/\/vimagazine.com.br\/wp-content\/uploads\/2024\/05\/Bruno-Pereira-Wendling-Anna-Flavia-Camargo-e-Drico-MoraesScreenshot_20240520_202408_Gmail-1-1536x1084.jpg 1536w\" sizes=\"(max-width: 1920px) 100vw, 1920px\" \/><figcaption>Bruno Pereira Wendling Anna Flavia Camargo e Drico Moraes<\/figcaption><\/figure>\n<\/figure>\n\n\n\n<p><\/p>\n\n\n\n<p><\/p>\n\n\n\n<p class=\"has-small-font-size\">Fotos Rogerio Fidalgo<\/p>\n","protected":false},"excerpt":{"rendered":"<p>A\u00a0 Pr\u00e9-estreia do longa juvenil \u201cCol\u00e9gio Girassol\u201d &#8211; sob dire\u00e7\u00e3o de Bruno Pereira, aconteceu com&#8230;<\/p>\n","protected":false},"author":1,"featured_media":14067,"comment_status":"closed","ping_status":"open","sticky":false,"template":"","format":"standard","meta":{"om_disable_all_campaigns":false,"_monsterinsights_skip_tracking":false,"_monsterinsights_sitenote_active":false,"_monsterinsights_sitenote_note":"","_monsterinsights_sitenote_category":0,"spay_email":""},"categories":[1],"tags":[],"jetpack_featured_media_url":"https:\/\/vimagazine.com.br\/wp-content\/uploads\/2024\/05\/ATRIZ-ANNA-FLAVIA-CAMARGA-E-O-DIRETOR-BRUNO-PEREIRAIMG_8211-1.jpeg","_links":{"self":[{"href":"https:\/\/vimagazine.com.br\/index.php?rest_route=\/wp\/v2\/posts\/14060"}],"collection":[{"href":"https:\/\/vimagazine.com.br\/index.php?rest_route=\/wp\/v2\/posts"}],"about":[{"href":"https:\/\/vimagazine.com.br\/index.php?rest_route=\/wp\/v2\/types\/post"}],"author":[{"embeddable":true,"href":"https:\/\/vimagazine.com.br\/index.php?rest_route=\/wp\/v2\/users\/1"}],"replies":[{"embeddable":true,"href":"https:\/\/vimagazine.com.br\/index.php?rest_route=%2Fwp%2Fv2%2Fcomments&post=14060"}],"version-history":[{"count":1,"href":"https:\/\/vimagazine.com.br\/index.php?rest_route=\/wp\/v2\/posts\/14060\/revisions"}],"predecessor-version":[{"id":14068,"href":"https:\/\/vimagazine.com.br\/index.php?rest_route=\/wp\/v2\/posts\/14060\/revisions\/14068"}],"wp:featuredmedia":[{"embeddable":true,"href":"https:\/\/vimagazine.com.br\/index.php?rest_route=\/wp\/v2\/media\/14067"}],"wp:attachment":[{"href":"https:\/\/vimagazine.com.br\/index.php?rest_route=%2Fwp%2Fv2%2Fmedia&parent=14060"}],"wp:term":[{"taxonomy":"category","embeddable":true,"href":"https:\/\/vimagazine.com.br\/index.php?rest_route=%2Fwp%2Fv2%2Fcategories&post=14060"},{"taxonomy":"post_tag","embeddable":true,"href":"https:\/\/vimagazine.com.br\/index.php?rest_route=%2Fwp%2Fv2%2Ftags&post=14060"}],"curies":[{"name":"wp","href":"https:\/\/api.w.org\/{rel}","templated":true}]}}