{"id":14073,"date":"2024-05-28T13:15:03","date_gmt":"2024-05-28T16:15:03","guid":{"rendered":"https:\/\/vimagazine.com.br\/?p=14073"},"modified":"2024-05-28T13:15:25","modified_gmt":"2024-05-28T16:15:25","slug":"inverno-e-depressao-a-influencia-da-neuromodulacao-na-regulacao-do-humor%ef%bf%bc","status":"publish","type":"post","link":"https:\/\/vimagazine.com.br\/?p=14073","title":{"rendered":"Inverno e Depress\u00e3o: A Influ\u00eancia da Neuromodula\u00e7\u00e3o na Regula\u00e7\u00e3o do Humor"},"content":{"rendered":"\n<p style=\"font-size:14px\"><strong>Por: Karla Fran\u00e7oise Gon\u00e7alo<\/strong><\/p>\n\n\n\n<p>Com a chegada do inverno, muitas pessoas enfrentam desafios emocionais e psicol\u00f3gicos que podem levar ao desenvolvimento de um quadro depressivo conhecido como Transtorno Afetivo Sazonal (TAS). Este fen\u00f4meno, amplamente reconhecido em regi\u00f5es com invernos rigorosos e dias mais curtos, resulta da combina\u00e7\u00e3o de fatores ambientais, biol\u00f3gicos e psicol\u00f3gicos.<\/p>\n\n\n\n<p>Durante o inverno, a exposi\u00e7\u00e3o reduzida \u00e0 luz solar pode desregular os ritmos circadianos do corpo, importantes para a regula\u00e7\u00e3o do humor. A menor incid\u00eancia de luz solar resulta em uma produ\u00e7\u00e3o aumentada de melatonina, um horm\u00f4nio que regula o sono. A produ\u00e7\u00e3o de melatonina \u00e9 controlada pelo ciclo natural de luz e escurid\u00e3o. Durante o dia, a exposi\u00e7\u00e3o \u00e0 luz solar inibe a produ\u00e7\u00e3o de melatonina, enquanto \u00e0 noite, a escurid\u00e3o estimula sua libera\u00e7\u00e3o. Este ciclo ajuda a regular o rel\u00f3gio biol\u00f3gico do corpo, promovendo o sono \u00e0 noite e a vig\u00edlia durante o dia.<\/p>\n\n\n\n<p>No entanto, durante o inverno, h\u00e1 uma redu\u00e7\u00e3o na produ\u00e7\u00e3o de serotonina, um neurotransmissor chave para a sensa\u00e7\u00e3o de bem-estar. Essa altera\u00e7\u00e3o hormonal pode levar a sintomas de depress\u00e3o, como tristeza, letargia e uma perda de interesse em atividades cotidianas.<\/p>\n\n\n\n<p>O Transtorno Afetivo Sazonal \u00e9 uma forma de depress\u00e3o que ocorre de maneira c\u00edclica, geralmente durante os meses de outono e inverno. Entre os sintomas mais comuns est\u00e3o fadiga, dificuldade de concentra\u00e7\u00e3o, irritabilidade e desesperan\u00e7a. A falta de luz solar direta interfere nos ritmos circadianos e na produ\u00e7\u00e3o de neurotransmissores, criando um ambiente prop\u00edcio para o desenvolvimento da depress\u00e3o.<\/p>\n\n\n\n<p>A neuromodula\u00e7\u00e3o \u00e9 um conjunto de t\u00e9cnicas terap\u00eauticas que visam alterar a atividade nervosa no c\u00e9rebro. Entre as mais promissoras para o tratamento da depress\u00e3o sazonal est\u00e3o a estimula\u00e7\u00e3o transcraniana por corrente cont\u00ednua (tDCS) e a estimula\u00e7\u00e3o do nervo vago (ENV).<\/p>\n\n\n\n<p>A tDCS \u00e9 uma t\u00e9cnica n\u00e3o invasiva que utiliza est\u00edmulos el\u00e9tricos para estimular \u00e1reas espec\u00edficas do c\u00e9rebro respons\u00e1veis pela regula\u00e7\u00e3o do humor, como o c\u00f3rtex pr\u00e9-frontal. Ao alterar os padr\u00f5es de atividade neural, a tDCS ajuda a aliviar os sintomas de depress\u00e3o sazonal.<\/p>\n\n\n\n<p>Embora a neuromodula\u00e7\u00e3o ofere\u00e7a novas possibilidades para o tratamento da depress\u00e3o sazonal, uma abordagem integrada que combine neuromodula\u00e7\u00e3o com mudan\u00e7as no estilo de vida pode ser ainda mais eficaz. Nutri\u00e7\u00e3o adequada, pr\u00e1tica regular de exerc\u00edcios f\u00edsicos e a manuten\u00e7\u00e3o de uma rotina de sono saud\u00e1vel s\u00e3o componentes essenciais para complementar os efeitos da neuromodula\u00e7\u00e3o.<\/p>\n\n\n\n<p>A neuromodula\u00e7\u00e3o, especialmente atrav\u00e9s da estimula\u00e7\u00e3o transcraniana por corrente cont\u00ednua e da estimula\u00e7\u00e3o do nervo vago, oferece novas esperan\u00e7as para o tratamento dessa condi\u00e7\u00e3o, regulando os ritmos circadianos, aumentando a produ\u00e7\u00e3o de neurotransmissores como a serotonina e reduzindo os sintomas de ansiedade. Combinando neuromodula\u00e7\u00e3o com uma abordagem integrada que inclua, exerc\u00edcios f\u00edsicos e uma alimenta\u00e7\u00e3o balanceada, \u00e9 poss\u00edvel alcan\u00e7ar resultados ainda melhores.<\/p>\n\n\n\n<p>Se voc\u00ea ou algu\u00e9m que conhece sofre de depress\u00e3o, considere as op\u00e7\u00f5es de tratamento dispon\u00edveis. A neuromodula\u00e7\u00e3o pode ser a chave para recuperar seu bem-estar e aproveitar os meses de inverno com mais alegria e vitalidade.<\/p>\n\n\n\n<p>N\u00e3o deixe que a depress\u00e3o controle sua vida \u2013 procure ajuda profissional e descubra como a neuromodula\u00e7\u00e3o pode transformar seu inverno.<\/p>\n\n\n\n<p>Acredite, \u00e9 poss\u00edvel viver melhor.<\/p>\n\n\n\n<p><\/p>\n","protected":false},"excerpt":{"rendered":"<p>Por: Karla Fran\u00e7oise Gon\u00e7alo Com a chegada do inverno, muitas pessoas enfrentam desafios emocionais e&#8230;<\/p>\n","protected":false},"author":1,"featured_media":14074,"comment_status":"closed","ping_status":"open","sticky":false,"template":"","format":"standard","meta":{"om_disable_all_campaigns":false,"_monsterinsights_skip_tracking":false,"_monsterinsights_sitenote_active":false,"_monsterinsights_sitenote_note":"","_monsterinsights_sitenote_category":0,"spay_email":""},"categories":[1],"tags":[],"jetpack_featured_media_url":"https:\/\/vimagazine.com.br\/wp-content\/uploads\/2024\/05\/Captura-de-tela-2024-05-28-131407.jpg","_links":{"self":[{"href":"https:\/\/vimagazine.com.br\/index.php?rest_route=\/wp\/v2\/posts\/14073"}],"collection":[{"href":"https:\/\/vimagazine.com.br\/index.php?rest_route=\/wp\/v2\/posts"}],"about":[{"href":"https:\/\/vimagazine.com.br\/index.php?rest_route=\/wp\/v2\/types\/post"}],"author":[{"embeddable":true,"href":"https:\/\/vimagazine.com.br\/index.php?rest_route=\/wp\/v2\/users\/1"}],"replies":[{"embeddable":true,"href":"https:\/\/vimagazine.com.br\/index.php?rest_route=%2Fwp%2Fv2%2Fcomments&post=14073"}],"version-history":[{"count":2,"href":"https:\/\/vimagazine.com.br\/index.php?rest_route=\/wp\/v2\/posts\/14073\/revisions"}],"predecessor-version":[{"id":14076,"href":"https:\/\/vimagazine.com.br\/index.php?rest_route=\/wp\/v2\/posts\/14073\/revisions\/14076"}],"wp:featuredmedia":[{"embeddable":true,"href":"https:\/\/vimagazine.com.br\/index.php?rest_route=\/wp\/v2\/media\/14074"}],"wp:attachment":[{"href":"https:\/\/vimagazine.com.br\/index.php?rest_route=%2Fwp%2Fv2%2Fmedia&parent=14073"}],"wp:term":[{"taxonomy":"category","embeddable":true,"href":"https:\/\/vimagazine.com.br\/index.php?rest_route=%2Fwp%2Fv2%2Fcategories&post=14073"},{"taxonomy":"post_tag","embeddable":true,"href":"https:\/\/vimagazine.com.br\/index.php?rest_route=%2Fwp%2Fv2%2Ftags&post=14073"}],"curies":[{"name":"wp","href":"https:\/\/api.w.org\/{rel}","templated":true}]}}