{"id":14085,"date":"2024-05-28T16:31:31","date_gmt":"2024-05-28T19:31:31","guid":{"rendered":"https:\/\/vimagazine.com.br\/?p=14085"},"modified":"2024-05-28T16:31:32","modified_gmt":"2024-05-28T19:31:32","slug":"expocentro-comemora-dois-anos-e-se-consolida-como-um-dos-mais-atuais-equipamentos-para-eventos-do-pais","status":"publish","type":"post","link":"https:\/\/vimagazine.com.br\/?p=14085","title":{"rendered":"Expocentro comemora dois anos e se consolida como um dos mais atuais equipamentos para eventos do Pa\u00eds"},"content":{"rendered":"\n<p><\/p>\n\n\n\n<p>O Exponcentro comemora dois anos, no m\u00eas de maio, com um crescimento exponencial e com prospec\u00e7\u00f5es de eventos at\u00e9 2030, se consolidando como um dos mais atuais equipamentos para eventos do Pa\u00eds. Sob a concess\u00e3o do cons\u00f3rcio BC Eventos, o espa\u00e7o realizou, em 2023, 65 eventos e para 2024 os n\u00fameros s\u00e3o ainda mais positivos, o espa\u00e7o j\u00e1 est\u00e1 com 84 eventos agendados. \u201cEm pouco tempo, o Expocentro j\u00e1 \u00e9 uma refer\u00eancia. Moderno e muito flex\u00edvel, o espa\u00e7o veio para ocupar um lugar ocioso em turismo de neg\u00f3cios\u201d, fala Djalma Berger, gestor do Expocentro.<\/p>\n\n\n\n<p>O portf\u00f3lio do espa\u00e7o conta atualmente com 18 eventos fixos de calend\u00e1rio&nbsp;dos mais diversos segmentos como: constru\u00e7\u00e3o civil, supermercadista, variedades e utilidades, cal\u00e7adista, vestu\u00e1rio, hol\u00edstico, moveleiro, ve\u00edculos, turismo, hoteleiro e insumos para o vestu\u00e1rio.<\/p>\n\n\n\n<p>Desde sua inaugura\u00e7\u00e3o o Expocentro tem contribu\u00eddo para o desenvolvimento do turismo de neg\u00f3cios da regi\u00e3o, fomentando diversos segmentos da economia, desde hotelaria, restaurantes, com\u00e9rcio a fornecedores o setor de eventos. \u201cOs participantes de eventos t\u00eam vindo com a fam\u00edlia e acabam ficando mais dias para desfrutar dos atrativos de toda a regi\u00e3o\u201d, explica Berger.<\/p>\n\n\n\n<p>O Expocentro surpreende com sua estrutura moderna e funcional, s\u00e3o 33.534,71 mil metros quadrados de \u00e1rea constru\u00edda em uma \u00e1rea total de 67.977,53 mil metros quadrados. A nave principal \u00e9 composta por m\u00f3dulos internos, sendo dois laterais e um central, com dois pavilh\u00f5es, com entradas individuais. Em um dos m\u00f3dulos laterais ficam os espa\u00e7os administrativos, camarins e apoio. O m\u00f3dulo central, tem duas torres espelhadas, que comportam 24 salas modulares, que podem ser usadas individualmente ou em conjunto, com capacidade de at\u00e9 1.300 pessoas. Neste m\u00f3dulo central tem&nbsp;ainda espa\u00e7o para&nbsp;lojas, pra\u00e7a de alimenta\u00e7\u00e3o, que ter\u00e1 cerca de 10 opera\u00e7\u00f5es e \u00e9 o \u00fanico centro de eventos que tem um zool\u00f3gico em anexo.<\/p>\n\n\n\n<p>S\u00e3o dois grandes pavilh\u00f5es, o primeiro com 8.696 metros quadrados e o segundo com 4.655 metros quadrados, que podem ser usados simultaneamente, ambos com 14 metros de p\u00e9 direito e livre de colunas.<\/p>\n\n\n\n<p><strong>Expocentro em n\u00fameros<\/strong><\/p>\n\n\n\n<ul><li>33 mil m2 de \u00e1rea constru\u00edda<\/li><li>67 mil m2 de \u00e1rea total<\/li><li>At\u00e9 60 mil pessoas<\/li><li>1000 vagas de estacionamento<\/li><li>04 docas com mais de 8m de altura<\/li><li>Internet de ultra velocidade<\/li><li>Conectando mais de 7 mil pessoas<\/li><\/ul>\n\n\n\n<figure class=\"wp-container-2 wp-block-gallery-1 wp-block-gallery has-nested-images columns-1 is-cropped\">\n<figure class=\"wp-block-image size-large\"><img width=\"682\" height=\"1024\" data-id=\"14087\"  src=\"https:\/\/vimagazine.com.br\/wp-content\/uploads\/2024\/05\/Djalma-Berger-gestor-do-Expocentro-foto-Henrique-Kotaka-682x1024.jpg\" alt=\"\" class=\"wp-image-14087\" srcset=\"https:\/\/vimagazine.com.br\/wp-content\/uploads\/2024\/05\/Djalma-Berger-gestor-do-Expocentro-foto-Henrique-Kotaka-682x1024.jpg 682w, https:\/\/vimagazine.com.br\/wp-content\/uploads\/2024\/05\/Djalma-Berger-gestor-do-Expocentro-foto-Henrique-Kotaka-200x300.jpg 200w, https:\/\/vimagazine.com.br\/wp-content\/uploads\/2024\/05\/Djalma-Berger-gestor-do-Expocentro-foto-Henrique-Kotaka-768x1152.jpg 768w, https:\/\/vimagazine.com.br\/wp-content\/uploads\/2024\/05\/Djalma-Berger-gestor-do-Expocentro-foto-Henrique-Kotaka.jpg 933w\" sizes=\"(max-width: 682px) 100vw, 682px\" \/><figcaption>Djalma Berger gestor do Expocentro <\/figcaption><\/figure>\n\n\n\n<figure class=\"wp-block-image size-large\"><img width=\"1920\" height=\"1080\" data-id=\"14086\"  src=\"https:\/\/vimagazine.com.br\/wp-content\/uploads\/2024\/05\/01.-Externa-Crua-1.jpg\" alt=\"\" class=\"wp-image-14086\" srcset=\"https:\/\/vimagazine.com.br\/wp-content\/uploads\/2024\/05\/01.-Externa-Crua-1.jpg 1920w, https:\/\/vimagazine.com.br\/wp-content\/uploads\/2024\/05\/01.-Externa-Crua-1-300x169.jpg 300w, https:\/\/vimagazine.com.br\/wp-content\/uploads\/2024\/05\/01.-Externa-Crua-1-1024x576.jpg 1024w, https:\/\/vimagazine.com.br\/wp-content\/uploads\/2024\/05\/01.-Externa-Crua-1-768x432.jpg 768w, https:\/\/vimagazine.com.br\/wp-content\/uploads\/2024\/05\/01.-Externa-Crua-1-1536x864.jpg 1536w\" sizes=\"(max-width: 1920px) 100vw, 1920px\" \/><\/figure>\n<\/figure>\n\n\n\n<p><br><strong>Expocentro Balne\u00e1rio Cambori\u00fa J\u00falio Tedesco<\/strong><br>Contato:<br>47 &#8211; 3228-1700<br>47 &#8211; 3228-1701<br>Av. Marginal Oeste- Balne\u00e1rio Cambori\u00fa-SC<br>@expocentrobc<br><a>www.expocentrobc.com.br<\/a><\/p>\n\n\n\n<p><\/p>\n\n\n\n<p>Foto Henrique Kotaka.<\/p>\n","protected":false},"excerpt":{"rendered":"<p>O Exponcentro comemora dois anos, no m\u00eas de maio, com um crescimento exponencial e com&#8230;<\/p>\n","protected":false},"author":1,"featured_media":14088,"comment_status":"closed","ping_status":"open","sticky":false,"template":"","format":"standard","meta":{"om_disable_all_campaigns":false,"_monsterinsights_skip_tracking":false,"_monsterinsights_sitenote_active":false,"_monsterinsights_sitenote_note":"","_monsterinsights_sitenote_category":0,"spay_email":""},"categories":[75],"tags":[],"jetpack_featured_media_url":"https:\/\/vimagazine.com.br\/wp-content\/uploads\/2024\/05\/01.-Expo-1.jpg","_links":{"self":[{"href":"https:\/\/vimagazine.com.br\/index.php?rest_route=\/wp\/v2\/posts\/14085"}],"collection":[{"href":"https:\/\/vimagazine.com.br\/index.php?rest_route=\/wp\/v2\/posts"}],"about":[{"href":"https:\/\/vimagazine.com.br\/index.php?rest_route=\/wp\/v2\/types\/post"}],"author":[{"embeddable":true,"href":"https:\/\/vimagazine.com.br\/index.php?rest_route=\/wp\/v2\/users\/1"}],"replies":[{"embeddable":true,"href":"https:\/\/vimagazine.com.br\/index.php?rest_route=%2Fwp%2Fv2%2Fcomments&post=14085"}],"version-history":[{"count":1,"href":"https:\/\/vimagazine.com.br\/index.php?rest_route=\/wp\/v2\/posts\/14085\/revisions"}],"predecessor-version":[{"id":14089,"href":"https:\/\/vimagazine.com.br\/index.php?rest_route=\/wp\/v2\/posts\/14085\/revisions\/14089"}],"wp:featuredmedia":[{"embeddable":true,"href":"https:\/\/vimagazine.com.br\/index.php?rest_route=\/wp\/v2\/media\/14088"}],"wp:attachment":[{"href":"https:\/\/vimagazine.com.br\/index.php?rest_route=%2Fwp%2Fv2%2Fmedia&parent=14085"}],"wp:term":[{"taxonomy":"category","embeddable":true,"href":"https:\/\/vimagazine.com.br\/index.php?rest_route=%2Fwp%2Fv2%2Fcategories&post=14085"},{"taxonomy":"post_tag","embeddable":true,"href":"https:\/\/vimagazine.com.br\/index.php?rest_route=%2Fwp%2Fv2%2Ftags&post=14085"}],"curies":[{"name":"wp","href":"https:\/\/api.w.org\/{rel}","templated":true}]}}