{"id":14099,"date":"2024-05-31T13:50:39","date_gmt":"2024-05-31T16:50:39","guid":{"rendered":"https:\/\/vimagazine.com.br\/?p=14099"},"modified":"2024-05-31T13:50:40","modified_gmt":"2024-05-31T16:50:40","slug":"alunos-de-colegio-de-sao-paulo-escrevem-1500-cartas-de-apoio-para-moradores-do-rio-grande-do-sul","status":"publish","type":"post","link":"https:\/\/vimagazine.com.br\/?p=14099","title":{"rendered":"Alunos de col\u00e9gio de S\u00e3o Paulo escrevem 1500 cartas de apoio para moradores do Rio Grande do Sul"},"content":{"rendered":"\n<p><\/p>\n\n\n\n<p class=\"has-medium-font-size\"><em><strong>Estudantes do Col\u00e9gio Marista Arquidiocesano redigiram mensagens de f\u00e9 e solidariedade<\/strong><\/em><\/p>\n\n\n\n<p><\/p>\n\n\n\n<p class=\"has-medium-font-size\"><em>As mensagens expressam o desejo que os estudantes possuem de que tudo sair\u00e1 bem para a popula\u00e7\u00e3o ga\u00facha\u00a0<\/em><\/p>\n\n\n\n<p><\/p>\n\n\n\n<p>As turmas da Educa\u00e7\u00e3o Infantil, Ensino Fundamental &#8211; Anos Iniciais e Anos Finais, Ensino M\u00e9dio e da Pastoral Juvenil Marista (PJM) do Col\u00e9gio Marista Arquidiocesano, localizado na Zona Sul de S\u00e3o Paulo (SP), escreveram cerca de 1500 cartas de pr\u00f3prio punho para apoiar e incentivar crian\u00e7as, jovens e educadores que vivem no Rio Grande do Sul, estado que ainda sofre com a maior cat\u00e1strofe clim\u00e1tica de sua hist\u00f3ria.&nbsp;&nbsp;&nbsp;<\/p>\n\n\n\n<p>Os alunos, com o apoio dos professores do col\u00e9gio, pensaram em realizar um gesto concreto que tem por objetivo promover a solidariedade entre as comunidades educativas do Marista Brasil &#8211;&nbsp;institui\u00e7\u00e3o que congrega unidades sociais de ensino e col\u00e9gios particulares em todo pa\u00eds &#8211; como uma express\u00e3o de cuidado e comunh\u00e3o com as fam\u00edlias, estudantes e colaboradores das escolas, col\u00e9gios e demais frentes de miss\u00e3o Marista no estado ga\u00facho. Apenas no Rio Grande do Sul, a institui\u00e7\u00e3o mant\u00e9m 16 unidades sociais atuando em regi\u00f5es de vulnerabilidade.&nbsp;<\/p>\n\n\n\n<p>As cartas ser\u00e3o encaminhadas para a sede do escrit\u00f3rio regional do Marista Brasil, em Porto Alegre, localizado na PUCRS, que cuidar\u00e1 da distribui\u00e7\u00e3o e entrega para as crian\u00e7as. Os col\u00e9gios que receber\u00e3o as mensagens do Arquidiocesano ser\u00e3o o Col\u00e9gio Marista Champagnat Porto Alegre, Col\u00e9gio Marista Santo \u00c2ngelo e o Col\u00e9gio Marista S\u00e3o Francisco.&nbsp;<\/p>\n\n\n\n<p>As mensagens envolvem o desejo que os estudantes possuem de que tudo sair\u00e1 bem. &#8220;Acredite na sua f\u00e9 e no seu cora\u00e7\u00e3o. Deus vai te aben\u00e7oar&#8221;, &#8220;Desejo prote\u00e7\u00e3o para voc\u00ea&#8221;, &#8220;Ol\u00e1, meu nome \u00e9 Ant\u00f4nio. Quero desejar que tudo melhore&#8221;, &#8220;Sinta meu abra\u00e7o, RS. Estou torcendo muito para dar tudo certo! Deus aben\u00e7oe todos voc\u00eas!&#8221;, &#8220;N\u00f3s, aqui de S\u00e3o Paulo, estamos te mandando um abra\u00e7o. Sintam-se acolhidos, estamos rezando por voc\u00eas. For\u00e7a RS!&#8221;, s\u00e3o exemplos de algumas das frases solid\u00e1rias escritas pelos alunos do Arquidiocesano.<\/p>\n\n\n\n<p><strong>Arrecada\u00e7\u00e3o&nbsp;<\/strong><\/p>\n\n\n\n<p>O Col\u00e9gio Marista Arquidiocesano, de 13 a 17 de maio, se transformou em um ponto de arrecada\u00e7\u00e3o de donativos como \u00e1gua e roupas infantis. As doa\u00e7\u00f5es recolhidas no col\u00e9gio foram direcionadas aos pontos oficiais de recebimento, que trataram de encaminhar a entrega ao Rio Grande do Sul.&nbsp;<\/p>\n\n\n\n<p>Al\u00e9m dos donativos, o Marista Brasil tamb\u00e9m est\u00e1 arrecadando recursos por meio do Pix\u00a0<a href=\"mailto:sousolidario@maristas.org.br\">sousolidario@maristas.org.br<\/a>, e qualquer quantia \u00e9 bem-vinda. O total arrecadado ser\u00e1 usado para atender as necessidades locais.\u00a0<\/p>\n\n\n\n<figure class=\"wp-container-2 wp-block-gallery-1 wp-block-gallery has-nested-images columns-default is-cropped\">\n<figure class=\"wp-block-image size-large\"><img width=\"1050\" height=\"765\" data-id=\"14100\"  src=\"https:\/\/vimagazine.com.br\/wp-content\/uploads\/2024\/05\/05eb2338-d486-409b-a6d9-2fa4c2b6ffad.jpeg\" alt=\"\" class=\"wp-image-14100\" srcset=\"https:\/\/vimagazine.com.br\/wp-content\/uploads\/2024\/05\/05eb2338-d486-409b-a6d9-2fa4c2b6ffad.jpeg 1050w, https:\/\/vimagazine.com.br\/wp-content\/uploads\/2024\/05\/05eb2338-d486-409b-a6d9-2fa4c2b6ffad-300x219.jpeg 300w, https:\/\/vimagazine.com.br\/wp-content\/uploads\/2024\/05\/05eb2338-d486-409b-a6d9-2fa4c2b6ffad-1024x746.jpeg 1024w, https:\/\/vimagazine.com.br\/wp-content\/uploads\/2024\/05\/05eb2338-d486-409b-a6d9-2fa4c2b6ffad-768x560.jpeg 768w\" sizes=\"(max-width: 1050px) 100vw, 1050px\" \/><\/figure>\n<\/figure>\n\n\n\n<p><\/p>\n\n\n\n<p class=\"has-medium-font-size\"><strong>Sobre os Col\u00e9gios Maristas<\/strong><\/p>\n\n\n\n<p>Os Col\u00e9gios Maristas est\u00e3o presentes em 18 estados e no Distrito Federal com 63 unidades. Os mais de 80 mil estudantes recebem forma\u00e7\u00e3o integral, composta pela tradi\u00e7\u00e3o dos valores Maristas e pela excel\u00eancia acad\u00eamica alinhada aos desafios contempor\u00e2neos. Por meio de propostas pedag\u00f3gicas diferenciadas, crian\u00e7as e jovens desenvolvem conhecimento, pensamento cr\u00edtico, autonomia e se tornam mais preparados para viver em uma sociedade em constante transforma\u00e7\u00e3o. Os Col\u00e9gios Maristas fazem parte do Marista Brasil, uma rede de col\u00e9gios e escolas presente em 20 estados brasileiros e no Distrito Federal que atende mais de 97 mil crian\u00e7as, jovens e adultos. Saiba mais em:\u00a0<a href=\"https:\/\/click.cse360.com.br\/Click\/AddCampaignEmailClick\/3e0bf347-3be1-4a13-7185-08dc75d4045c\/https%253a%252f%252fmaristabrasil.org%252f\/d89e2f31-e21a-443b-bc88-0880768286fb\/contato@lineupmagazine.com.br\/True\" target=\"_blank\" rel=\"noreferrer noopener\">maristabrasil.org\/<\/a><\/p>\n\n\n\n<p><em>(Imagem: Eduardo Vella \/ Pg1 Comunica\u00e7\u00e3o)<\/em><\/p>\n","protected":false},"excerpt":{"rendered":"<p>Estudantes do Col\u00e9gio Marista Arquidiocesano redigiram mensagens de f\u00e9 e solidariedade As mensagens expressam o&#8230;<\/p>\n","protected":false},"author":1,"featured_media":14101,"comment_status":"closed","ping_status":"open","sticky":false,"template":"","format":"standard","meta":{"om_disable_all_campaigns":false,"_monsterinsights_skip_tracking":false,"_monsterinsights_sitenote_active":false,"_monsterinsights_sitenote_note":"","_monsterinsights_sitenote_category":0,"spay_email":""},"categories":[27,1],"tags":[],"jetpack_featured_media_url":"https:\/\/vimagazine.com.br\/wp-content\/uploads\/2024\/05\/77bb72ff-78e2-4494-ab09-292f9ed4fad1.jpeg","_links":{"self":[{"href":"https:\/\/vimagazine.com.br\/index.php?rest_route=\/wp\/v2\/posts\/14099"}],"collection":[{"href":"https:\/\/vimagazine.com.br\/index.php?rest_route=\/wp\/v2\/posts"}],"about":[{"href":"https:\/\/vimagazine.com.br\/index.php?rest_route=\/wp\/v2\/types\/post"}],"author":[{"embeddable":true,"href":"https:\/\/vimagazine.com.br\/index.php?rest_route=\/wp\/v2\/users\/1"}],"replies":[{"embeddable":true,"href":"https:\/\/vimagazine.com.br\/index.php?rest_route=%2Fwp%2Fv2%2Fcomments&post=14099"}],"version-history":[{"count":1,"href":"https:\/\/vimagazine.com.br\/index.php?rest_route=\/wp\/v2\/posts\/14099\/revisions"}],"predecessor-version":[{"id":14102,"href":"https:\/\/vimagazine.com.br\/index.php?rest_route=\/wp\/v2\/posts\/14099\/revisions\/14102"}],"wp:featuredmedia":[{"embeddable":true,"href":"https:\/\/vimagazine.com.br\/index.php?rest_route=\/wp\/v2\/media\/14101"}],"wp:attachment":[{"href":"https:\/\/vimagazine.com.br\/index.php?rest_route=%2Fwp%2Fv2%2Fmedia&parent=14099"}],"wp:term":[{"taxonomy":"category","embeddable":true,"href":"https:\/\/vimagazine.com.br\/index.php?rest_route=%2Fwp%2Fv2%2Fcategories&post=14099"},{"taxonomy":"post_tag","embeddable":true,"href":"https:\/\/vimagazine.com.br\/index.php?rest_route=%2Fwp%2Fv2%2Ftags&post=14099"}],"curies":[{"name":"wp","href":"https:\/\/api.w.org\/{rel}","templated":true}]}}