{"id":14103,"date":"2024-05-31T14:35:45","date_gmt":"2024-05-31T17:35:45","guid":{"rendered":"https:\/\/vimagazine.com.br\/?p=14103"},"modified":"2024-05-31T14:35:47","modified_gmt":"2024-05-31T17:35:47","slug":"bernardo-guedes-celebra-com-tjama-os-50-anos-da-hello-kitty","status":"publish","type":"post","link":"https:\/\/vimagazine.com.br\/?p=14103","title":{"rendered":"<strong>Bernardo Guedes celebra com TJama os 50 anos da Hello Kitty<\/strong>"},"content":{"rendered":"\n<figure class=\"wp-block-image aligncenter size-large is-resized\"><img src=\"https:\/\/vimagazine.com.br\/wp-content\/uploads\/2024\/05\/Bernardo-Guedes-veste-TJama-obra-@akapink101-credito-Felipe-Paes-682x1024.jpeg\" alt=\"\" class=\"wp-image-14104\" width=\"488\" height=\"733\" srcset=\"https:\/\/vimagazine.com.br\/wp-content\/uploads\/2024\/05\/Bernardo-Guedes-veste-TJama-obra-@akapink101-credito-Felipe-Paes-682x1024.jpeg 682w, https:\/\/vimagazine.com.br\/wp-content\/uploads\/2024\/05\/Bernardo-Guedes-veste-TJama-obra-@akapink101-credito-Felipe-Paes-200x300.jpeg 200w, https:\/\/vimagazine.com.br\/wp-content\/uploads\/2024\/05\/Bernardo-Guedes-veste-TJama-obra-@akapink101-credito-Felipe-Paes-768x1153.jpeg 768w, https:\/\/vimagazine.com.br\/wp-content\/uploads\/2024\/05\/Bernardo-Guedes-veste-TJama-obra-@akapink101-credito-Felipe-Paes-1023x1536.jpeg 1023w, https:\/\/vimagazine.com.br\/wp-content\/uploads\/2024\/05\/Bernardo-Guedes-veste-TJama-obra-@akapink101-credito-Felipe-Paes-1024x1537.jpeg 1024w, https:\/\/vimagazine.com.br\/wp-content\/uploads\/2024\/05\/Bernardo-Guedes-veste-TJama-obra-@akapink101-credito-Felipe-Paes.jpeg 1066w\" sizes=\"(max-width: 488px) 100vw, 488px\" \/><\/figure>\n\n\n\n<p>O jornalista e apresentador de TV Bernardo Guedes esteve em S\u00e3o Paulo para comemorar o anivers\u00e1rio de 50 anos da Hello Kitty com um look da nova cole\u00e7\u00e3o da marca TJama. E para celebrar esta data especial visitou a exposi\u00e7\u00e3o \u201cHello Kitty Parade\u201d no SP Market.<\/p>\n\n\n\n<p>A TJama apresenta fofura e charme na nova cole\u00e7\u00e3o em parceria com Hello Kitty da Sanrio. Duas grandes marcas somando for\u00e7as e uma personagem considerada \u00edcone atemporal, o resultado dessa colabora\u00e7\u00e3o s\u00f3 poderia ser uma cole\u00e7\u00e3o emocionante, que promete encantar os f\u00e3s de todas as idades!<\/p>\n\n\n\n<p>Respeitando o princ\u00edpio da marca, al\u00e9m da versatilidade de tamanhos que v\u00e3o do PP ao 5G, a TJama&nbsp;pensou na cole\u00e7\u00e3o Hello Kitty como pe\u00e7as h\u00edbridas, unissex e que podem ser usadas no dia-a-dia para os mais diversos compromissos, seja dentro ou fora de casa.&nbsp;<\/p>\n\n\n\n<p><strong>O Moletom Unissex Hello Kitty<\/strong>&nbsp;possui modelagem cl\u00e1ssica canguru com bolso frontal, e o charme \u00e0 parte fica por conta dos detalhes, como o forro do capuz com o ic\u00f4nico lacinho vermelho, uma particularidade perfeita para os f\u00e3s!<\/p>\n\n\n\n<p><strong>A Cal\u00e7a Unissex Hello Kitty<\/strong>&nbsp;possui modelagem jogger e um estiloso cadar\u00e7o diferenciado no mesmo tom de vermelho do la\u00e7o, produzido exclusivamente para essa cole\u00e7\u00e3o! E que ainda permite o ajuste ideal para diversos tipos de corpos.<\/p>\n\n\n\n<p><strong>SOBRE A SANRIO<\/strong><\/p>\n\n\n\n<p>Sanrio\u00ae \u00e9 uma marca life style global mais conhecida pela personagem Hello Kitty\u00ae, que foi criada em 1974 e detentora de muitas outras marcas de personagens amadas, como My Melody\u2122, Kuromi\u2122, LittleTwinStars\u2122, Cinnamoroll\u2122, Pompompurin\u2122, gudetama\u2122, Aggretsuko\u2122, Chococat\u2122, Badtz-Maru\u2122 e Keroppi\u2122. A Sanrio\u00ae foi fundada com base na filosofia de que um pequeno presente pode trazer felicidade e amizade \u00e0s pessoas de todas as idades. Desde 1960, esta filosofia tem servido de inspira\u00e7\u00e3o para oferecer produtos, servi\u00e7os e atividades que promovam a comunica\u00e7\u00e3o e inspirem experi\u00eancias \u00fanicas aos consumidores em todo o mundo. Hoje, os neg\u00f3cios da Sanrio\u00ae se estendem \u00e0 ind\u00fastria do entretenimento com v\u00e1rias s\u00e9ries de conte\u00fados, games e parques tem\u00e1ticos. A Sanrio\u00ae possui uma extensa linha de produtos que est\u00e1 dispon\u00edvel em mais de 130 pa\u00edses. Com a ideia de \u201cOne World, Connecting Smiles\u201d, a Sanrio pretende levar sorrisos a todos as pessoas. Para saber mais sobre a Sanrio\u00ae, visite www.sanrio.com.br e siga nossos conte\u00fados nas plataformas YouTube, TikTok, Instagram e Facebook @HelloKittyBrasil e @SanrioBrasil.<\/p>\n\n\n\n<p><strong>SOBRE A TJAMA<\/strong><\/p>\n\n\n\n<p>Criada em 2018, a empresa de Tiago Abravanel e suas irm\u00e3s, Ligia e Vivian, teve com inspira\u00e7\u00e3o o lifestyle contempor\u00e2neo e um importante questionamento: por que n\u00e3o podemos sair na rua com looks confort\u00e1veis, assim como os pijamas que usamos em casa?<\/p>\n\n\n\n<p>As estampas s\u00e3o exclusivas, cheias de cor e personalidade. Al\u00e9m de vestir a fam\u00edlia toda, da crian\u00e7a ao adulto, com camisetas, bermudas, moletons e diversas outras pe\u00e7as nos tamanhos infantil (2 ao 12) e adultos (PP ao 5G), inclusive com op\u00e7\u00f5es de looks para a fam\u00edlia toda em diferentes esta\u00e7\u00f5es do ano.<\/p>\n\n\n\n<p>Acesse o site:&nbsp;<a href=\"https:\/\/tjama.com\/\" target=\"_blank\" rel=\"noreferrer noopener\">https:\/\/tjama.com\/<\/a><\/p>\n\n\n\n<p><strong>SOBRE A \u201cHELLO KITTY PARADE\u201d<\/strong><\/p>\n\n\n\n<p>Com mensagens de amor, gentileza, amizade e inclus\u00e3o, a Hello Kitty encanta e inspira gera\u00e7\u00f5es e completa seus 50 anos este ano sendo considerada uma das personagens mais ic\u00f4nicas e fofas do mundo.<\/p>\n\n\n\n<p>Para celebrar suas cinco d\u00e9cadas, o Shopping SP Market, localizado na zona Sul de S\u00e3o Paulo, \u00e9 o 1\u00ba empreendimento a receber a exposi\u00e7\u00e3o \u2018Hello Kitty Parade\u2019 com 25 bonecas esculturas exclusivas.<\/p>\n\n\n\n<p>A exposi\u00e7\u00e3o de arte urbana \u00e9 gratuita e pode ser conferida pelo p\u00fablico nos corredores do shopping de 14 de maio a 3 de junho durante o hor\u00e1rio de funcionamento do empreendimento.<\/p>\n\n\n\n<p><strong>Servi\u00e7o:<\/strong><\/p>\n\n\n\n<p><strong>Exposi\u00e7\u00e3o Hello Kitty Parade no SP Market<\/strong><\/p>\n\n\n\n<p><strong>Per\u00edodo da exposi\u00e7\u00e3o:<\/strong>&nbsp;de 14 de maio a 03 de junho<\/p>\n\n\n\n<p><strong>Hor\u00e1rio:<\/strong>&nbsp;segunda a s\u00e1bado, das 10h \u00e0s 22h, e aos domingos, das 14h \u00e0s 20h<\/p>\n\n\n\n<p><strong>Mais informa\u00e7\u00f5es:<\/strong>&nbsp;<a href=\"http:\/\/www.shoppingspmarket.com.br\/\" target=\"_blank\" rel=\"noreferrer noopener\">www.shoppingspmarket.com.br<\/a><\/p>\n\n\n\n<p><strong><u><a href=\"https:\/\/www.shoppingspmarket.com.br\/Instagram\" target=\"_blank\" rel=\"noreferrer noopener\">Instagram<\/a><\/u><\/strong><strong>:<\/strong>&nbsp;@shoppingspmarket_oficial.<\/p>\n\n\n\n<p>Obra: Eu vejo voc\u00ea<br>Pela conscientiza\u00e7\u00e3o do Autismo Feminino<br>Artista: Catarina Zugaibe<br>@catarinazugaibe<\/p>\n\n\n\n<p>Obra: L\u00fadico<br>Artista: Vitoria M. Domingues<br>@vihmaciel<\/p>\n\n\n\n<p>Obra: Pop Artsy Kitty<br>Artista: Camilla Salles<br>@camillasalles.art<\/p>\n\n\n\n<p>Obra: Hello Kitty Gueixa<br>Artista: Gil Motta<br>@mottagilarte21<\/p>\n\n\n\n<p>Obra: Chromatic Hello Kitty<br>Artista: AKAPINK 101<br>@akapink101<\/p>\n\n\n\n<p>Cr\u00e9dito das fotos: Felipe Paes @photopaes<\/p>\n\n\n\n<p>#moda #TJama #HelloKitty #Sanrio #HelloKittyParade #Arte #SPMarket<\/p>\n","protected":false},"excerpt":{"rendered":"<p>O jornalista e apresentador de TV Bernardo Guedes esteve em S\u00e3o Paulo para comemorar o&#8230;<\/p>\n","protected":false},"author":19,"featured_media":14105,"comment_status":"closed","ping_status":"open","sticky":false,"template":"","format":"standard","meta":{"om_disable_all_campaigns":false,"_monsterinsights_skip_tracking":false,"_monsterinsights_sitenote_active":false,"_monsterinsights_sitenote_note":"","_monsterinsights_sitenote_category":0,"spay_email":""},"categories":[26],"tags":[],"jetpack_featured_media_url":"https:\/\/vimagazine.com.br\/wp-content\/uploads\/2024\/05\/Bernardo-Guedes-veste-TJama-obra-@akapink101-credito-d-foto-Felipe-Paes.jpg.jpeg","_links":{"self":[{"href":"https:\/\/vimagazine.com.br\/index.php?rest_route=\/wp\/v2\/posts\/14103"}],"collection":[{"href":"https:\/\/vimagazine.com.br\/index.php?rest_route=\/wp\/v2\/posts"}],"about":[{"href":"https:\/\/vimagazine.com.br\/index.php?rest_route=\/wp\/v2\/types\/post"}],"author":[{"embeddable":true,"href":"https:\/\/vimagazine.com.br\/index.php?rest_route=\/wp\/v2\/users\/19"}],"replies":[{"embeddable":true,"href":"https:\/\/vimagazine.com.br\/index.php?rest_route=%2Fwp%2Fv2%2Fcomments&post=14103"}],"version-history":[{"count":1,"href":"https:\/\/vimagazine.com.br\/index.php?rest_route=\/wp\/v2\/posts\/14103\/revisions"}],"predecessor-version":[{"id":14106,"href":"https:\/\/vimagazine.com.br\/index.php?rest_route=\/wp\/v2\/posts\/14103\/revisions\/14106"}],"wp:featuredmedia":[{"embeddable":true,"href":"https:\/\/vimagazine.com.br\/index.php?rest_route=\/wp\/v2\/media\/14105"}],"wp:attachment":[{"href":"https:\/\/vimagazine.com.br\/index.php?rest_route=%2Fwp%2Fv2%2Fmedia&parent=14103"}],"wp:term":[{"taxonomy":"category","embeddable":true,"href":"https:\/\/vimagazine.com.br\/index.php?rest_route=%2Fwp%2Fv2%2Fcategories&post=14103"},{"taxonomy":"post_tag","embeddable":true,"href":"https:\/\/vimagazine.com.br\/index.php?rest_route=%2Fwp%2Fv2%2Ftags&post=14103"}],"curies":[{"name":"wp","href":"https:\/\/api.w.org\/{rel}","templated":true}]}}