{"id":14107,"date":"2024-05-31T16:13:02","date_gmt":"2024-05-31T19:13:02","guid":{"rendered":"https:\/\/vimagazine.com.br\/?p=14107"},"modified":"2024-05-31T16:13:04","modified_gmt":"2024-05-31T19:13:04","slug":"esg-o-desafio-corporativo-para-atender-a-demanda-global-de-sustentabilidade","status":"publish","type":"post","link":"https:\/\/vimagazine.com.br\/?p=14107","title":{"rendered":"ESG: o desafio corporativo para atender \u00e0 demanda global de sustentabilidade"},"content":{"rendered":"\n<p><\/p>\n\n\n\n<p class=\"has-text-align-left has-medium-font-size\"><strong>Unir solu\u00e7\u00f5es t\u00e9cnicas e jur\u00eddicas seguras \u00e9 um passo estrat\u00e9gico para organiza\u00e7\u00f5es que buscam assertividade nas suas jornadas de sustentabilidade. Essa \u00e9 a proposta dos especialistas do escrit\u00f3rio Brasil Salom\u00e3o e Matthes Advocacia e da consultoria socioambiental H&amp;P, parceiros de atua\u00e7\u00e3o na Agenda ESG, em atendimento a empresas p\u00fablicas, privadas e do terceiro setor\u00a0<\/strong><\/p>\n\n\n\n<p><\/p>\n\n\n\n<p><\/p>\n\n\n\n<p>Ser sustent\u00e1vel \u00e9, hoje, uma quest\u00e3o de sobreviv\u00eancia para neg\u00f3cios de qualquer \u00e1rea da economia mundial, seja no ambiente p\u00fablico, privado ou no terceiro setor. A centralidade ocupada pela Agenda ESG (Environmental, Social and Governance ou, em portugu\u00eas, Ambiental, Social e Governan\u00e7a) tem projetado a import\u00e2ncia desses fatores para o planejamento, a opera\u00e7\u00e3o e o sucesso das organiza\u00e7\u00f5es. No Brasil, a consultoria socioambiental H&amp;P e o escrit\u00f3rio jur\u00eddico Brasil Salom\u00e3o e Matthes Advocacia apontam indicativos que impedem essa agenda de obter resultados transformadores. Por conta desta sinergia, selaram recentemente uma parceria para o desenvolvimento de solu\u00e7\u00f5es t\u00e9cnicas e jur\u00eddicas para clientes em comum. Segundo os especialistas envolvidos, ainda h\u00e1 pouca relev\u00e2ncia estrat\u00e9gica para a sustentabilidade, levando as organiza\u00e7\u00f5es a adotarem a\u00e7\u00f5es isoladas que n\u00e3o surtem efeitos de excel\u00eancia.&nbsp;&nbsp;<\/p>\n\n\n\n<p>A H&amp;P tem sede em Belo Horizonte\/MG e trabalha em todo o territ\u00f3rio nacional com solu\u00e7\u00f5es para a performance social e ambiental de grandes empreendimentos brasileiros, em especial, no setor miner\u00e1rio, agroneg\u00f3cio e em ind\u00fastrias. Brasil Salom\u00e3o e Matthes Advocacia, com 10 unidades no pa\u00eds e duas em Portugal, \u00e9 um escrit\u00f3rio full service com foco no atendimento a empresas e forte presen\u00e7a no agroneg\u00f3cio e na constru\u00e7\u00e3o civil, atuando tamb\u00e9m nos mais diversos setores (ind\u00fastria, servi\u00e7os, cooperativismo em geral, com\u00e9rcio atacadista e varejista, educa\u00e7\u00e3o, sa\u00fade e outros).&nbsp;<\/p>\n\n\n\n<p>&#8220;O foco dessa parceria \u00e9 oferecer aos clientes uma vis\u00e3o jur\u00eddica e t\u00e9cnica do que \u00e9 preciso acontecer no dia a dia de suas empresas para que possam atender \u00e0 demanda global de sustentabilidade&#8221;, explica o advogado Evandro Grili, s\u00f3cio e diretor executivo do escrit\u00f3rio Brasil Salom\u00e3o e Matthes. Dentro dessa vis\u00e3o, o recorte que trata dos cr\u00e9ditos de carbono \u00e9 visto como o primeiro eixo a ser equacionado. &#8220;Em raz\u00e3o das metas mundiais de descarboniza\u00e7\u00e3o, a quest\u00e3o dos cr\u00e9ditos de carbono \u00e9 ponto central na esfera onde vamos atuar e nosso foco est\u00e1 na apresenta\u00e7\u00e3o de solu\u00e7\u00f5es ajustadas \u00e0s necessidades de cada empresa&#8221;, refor\u00e7a Lucas Sardinha, diretor de projetos da H&amp;P.&nbsp;<\/p>\n\n\n\n<p>A forma de apurar e fazer o c\u00e1lculo dos cr\u00e9ditos de carbono, como comercializar esses cr\u00e9ditos e como garantir uma gest\u00e3o ambiental dentro das empresas que atenda aos requisitos normativos do ESG s\u00e3o diretrizes fundamentais. &#8220;\u00c9 necess\u00e1rio unir a vis\u00e3o de mercado \u00e0 vis\u00e3o ambiental, mas com seguran\u00e7a nas certifica\u00e7\u00f5es de cr\u00e9ditos de carbono&#8221;, comenta Guilherme Rodrigues, diretor t\u00e9cnico da consultoria H&amp;P. &#8220;Hoje, estar presente no mercado de capital aberto n\u00e3o acontece se o neg\u00f3cio n\u00e3o estiver estabelecido de forma alinhada aos pilares do ESG&#8221;, acrescenta Grili.&nbsp;<\/p>\n\n\n\n<p>Refer\u00eancias nacionais em seus mercados, o escrit\u00f3rio de advocacia e a consultoria socioambiental possuem, respectivamente, 55 e 41 anos de atua\u00e7\u00e3o nos seus mercados. Brasil Salom\u00e3o se destaca no atendimento jur\u00eddico nas mais diversas \u00e1reas do Direito, nos \u00e2mbitos nacional e internacional. A consultoria H&amp;P atua como agente intermedi\u00e1rio para o desenvolvimento respons\u00e1vel entre organiza\u00e7\u00f5es dos tr\u00eas setores e a sociedade, a partir da gest\u00e3o de riscos e impactos socioambientais. &#8220;Apostamos muito nessa jun\u00e7\u00e3o de conhecimentos t\u00e9cnicos e jur\u00eddicos para fazer com que o ESG seja cada vez mais integrado&#8221;, diz Vitor Hermeto, especialista em ESG da H&amp;P. &#8220;Acreditamos que unir nossas experi\u00eancias vai trazer&nbsp;bons frutos&#8221;, arremata o advogado Evandro Grili.&nbsp;<\/p>\n\n\n\n<p>Para saber mais sobre o assunto, assista ao epis\u00f3dio do PodBrasil Agro, com participa\u00e7\u00e3o dos representantes das duas empresas parceiras, transmitido excepcionalmente ao vivo em 1\u00ba de maio \u2013 durante semana especial com debates sobre o agroneg\u00f3cio. No m\u00eas de junho, em que se comemora o Dia Mundial do Meio Ambiente, outro epis\u00f3dio do PodBrasil ir\u00e1 ao ar, debatendo quest\u00f5es sobre sustentabilidade e ESG. O epis\u00f3dio ser\u00e1 transmitido no dia 11 de junho, \u00e0s 19h no canal do YouTube de Brasil Salom\u00e3o e nas principais plataformas de streaming.\u00a0<\/p>\n\n\n\n<p><\/p>\n\n\n\n<figure class=\"wp-container-2 wp-block-gallery-1 wp-block-gallery has-nested-images columns-default is-cropped\">\n<figure class=\"wp-block-image size-large\"><img width=\"1600\" height=\"1200\" data-id=\"14108\"  src=\"https:\/\/vimagazine.com.br\/wp-content\/uploads\/2024\/05\/b22549f3-de2c-428e-835c-0e99b5802e94.jpg\" alt=\"\" class=\"wp-image-14108\" srcset=\"https:\/\/vimagazine.com.br\/wp-content\/uploads\/2024\/05\/b22549f3-de2c-428e-835c-0e99b5802e94.jpg 1600w, https:\/\/vimagazine.com.br\/wp-content\/uploads\/2024\/05\/b22549f3-de2c-428e-835c-0e99b5802e94-300x225.jpg 300w, https:\/\/vimagazine.com.br\/wp-content\/uploads\/2024\/05\/b22549f3-de2c-428e-835c-0e99b5802e94-1024x768.jpg 1024w, https:\/\/vimagazine.com.br\/wp-content\/uploads\/2024\/05\/b22549f3-de2c-428e-835c-0e99b5802e94-768x576.jpg 768w, https:\/\/vimagazine.com.br\/wp-content\/uploads\/2024\/05\/b22549f3-de2c-428e-835c-0e99b5802e94-1536x1152.jpg 1536w\" sizes=\"(max-width: 1600px) 100vw, 1600px\" \/><figcaption><strong><em>Lucas Sardinha, Luiz Ferraro, Vitor Hemeto e Evandro Grili<\/em><\/strong><\/figcaption><\/figure>\n\n\n\n<figure class=\"wp-block-image size-large\"><img width=\"1440\" height=\"1920\" data-id=\"14109\"  src=\"https:\/\/vimagazine.com.br\/wp-content\/uploads\/2024\/05\/b3db3845-4347-4c01-b868-0cc7d152b598.jpg\" alt=\"\" class=\"wp-image-14109\" srcset=\"https:\/\/vimagazine.com.br\/wp-content\/uploads\/2024\/05\/b3db3845-4347-4c01-b868-0cc7d152b598.jpg 1440w, https:\/\/vimagazine.com.br\/wp-content\/uploads\/2024\/05\/b3db3845-4347-4c01-b868-0cc7d152b598-225x300.jpg 225w, https:\/\/vimagazine.com.br\/wp-content\/uploads\/2024\/05\/b3db3845-4347-4c01-b868-0cc7d152b598-768x1024.jpg 768w, https:\/\/vimagazine.com.br\/wp-content\/uploads\/2024\/05\/b3db3845-4347-4c01-b868-0cc7d152b598-1152x1536.jpg 1152w, https:\/\/vimagazine.com.br\/wp-content\/uploads\/2024\/05\/b3db3845-4347-4c01-b868-0cc7d152b598-1024x1365.jpg 1024w\" sizes=\"(max-width: 1440px) 100vw, 1440px\" \/><figcaption><strong><em>Evandro Grili, Cristina Margoto, Guilherme Rodrigues\u00a0<\/em><\/strong><\/figcaption><\/figure>\n<\/figure>\n\n\n\n<p><\/p>\n\n\n\n<p><strong>Brasil Salom\u00e3o e Matthes Advocacia&nbsp;<\/strong><\/p>\n\n\n\n<p>Com 55 anos de mercado na advocacia, o escrit\u00f3rio full service tem foco no atendimento a empresas. Possui ampla penetra\u00e7\u00e3o nos mais diversos mercados e est\u00e1 espalhado por todo Brasil com 10 unidades: S\u00e3o Paulo (SP), Ribeir\u00e3o Preto (SP), Campinas (SP), Franca (SP), Belo Horizonte (MG), Rio de Janeiro (RJ), Tr\u00eas Lagoas (MS), Goi\u00e2nia (GO), Cuiab\u00e1 (MT), Rondon\u00f3polis (MT) e est\u00e1 presente em Portugal h\u00e1 cinco anos nas cidades de Lisboa e Porto.&nbsp;<\/p>\n\n\n\n<p><\/p>\n\n\n\n<p><strong>Redes sociais &#8211; Brasil&nbsp;<\/strong><\/p>\n\n\n\n<p>Facebook -\u202f<a href=\"https:\/\/click.cse360.com.br\/Click\/AddCampaignEmailClick\/9471839f-0056-4998-5c8b-08dc75d43e71\/facebook.com%252fBrasilSalomaoeMatthes%2b\/84a13bf5-1001-4b37-93cf-9aa5931b4a9b\/vimagazine@vimagazine.com.br\/True\" rel=\"noreferrer noopener\" target=\"_blank\">facebook.com\/BrasilSalomaoeMatthes&nbsp;<\/a><\/p>\n\n\n\n<p>Instagram -\u202finstagram.com\/brasilsalomaoematthes\/&nbsp;<\/p>\n\n\n\n<p>LinkedIn &#8211; linkedin.com\/company\/brasil-salom-o-e-matthes-advocacia&nbsp;<\/p>\n\n\n\n<p>YouTube -\u202fhttps:\/\/www.youtube.com\/c\/BrasilSalomao_&nbsp;<\/p>\n\n\n\n<p><strong>Redes sociais \u2013 Portugal&nbsp;<\/strong><\/p>\n\n\n\n<p>Facebook -\u202f<a href=\"https:\/\/click.cse360.com.br\/Click\/AddCampaignEmailClick\/9471839f-0056-4998-5c8b-08dc75d43e71\/facebook.com%252fbrasilsalomaoportugal%2b\/84a13bf5-1001-4b37-93cf-9aa5931b4a9b\/vimagazine@vimagazine.com.br\/True\" rel=\"noreferrer noopener\" target=\"_blank\">facebook.com\/brasilsalomaoportugal&nbsp;<\/a><\/p>\n\n\n\n<p>Instagram -\u202fhttps:\/\/www.instagram.com\/brasilsalomaoportugal&nbsp;<\/p>\n\n\n\n<p>LinkedIn -\u202flinkedin.com\/company\/brasil-salom-o-e-matthes-advocacia&nbsp;<\/p>\n\n\n\n<p>YouTube -\u202fhttps:\/\/www.youtube.com\/c\/BrasilSalomao_&nbsp;<\/p>\n\n\n\n<p><strong>H&amp;P&nbsp;<\/strong><\/p>\n\n\n\n<p>Com mais de 40 anos de mercado, atua com solu\u00e7\u00f5es inovadoras e customizadas para apoiar empresas, institui\u00e7\u00f5es e poder p\u00fablico para alcan\u00e7arem os melhores resultados socioambientais, gerando legado positivo na sociedade e contribuindo para o desenvolvimento sustent\u00e1vel e respons\u00e1vel. Tem experi\u00eancia em monitoramento e avalia\u00e7\u00e3o de projetos, gest\u00e3o de riscos, impactos e emerg\u00eancias, estudos socioambientais e intelig\u00eancia territorial, di\u00e1logo e responsabilidade social e consultoria em ESG.&nbsp;&nbsp;<\/p>\n\n\n\n<p><\/p>\n","protected":false},"excerpt":{"rendered":"<p>Unir solu\u00e7\u00f5es t\u00e9cnicas e jur\u00eddicas seguras \u00e9 um passo estrat\u00e9gico para organiza\u00e7\u00f5es que buscam assertividade&#8230;<\/p>\n","protected":false},"author":1,"featured_media":14110,"comment_status":"closed","ping_status":"open","sticky":false,"template":"","format":"standard","meta":{"om_disable_all_campaigns":false,"_monsterinsights_skip_tracking":false,"_monsterinsights_sitenote_active":false,"_monsterinsights_sitenote_note":"","_monsterinsights_sitenote_category":0,"spay_email":""},"categories":[27,1],"tags":[],"jetpack_featured_media_url":"https:\/\/vimagazine.com.br\/wp-content\/uploads\/2024\/05\/19912392-72fd-408c-8a26-6013fd889169.jpg","_links":{"self":[{"href":"https:\/\/vimagazine.com.br\/index.php?rest_route=\/wp\/v2\/posts\/14107"}],"collection":[{"href":"https:\/\/vimagazine.com.br\/index.php?rest_route=\/wp\/v2\/posts"}],"about":[{"href":"https:\/\/vimagazine.com.br\/index.php?rest_route=\/wp\/v2\/types\/post"}],"author":[{"embeddable":true,"href":"https:\/\/vimagazine.com.br\/index.php?rest_route=\/wp\/v2\/users\/1"}],"replies":[{"embeddable":true,"href":"https:\/\/vimagazine.com.br\/index.php?rest_route=%2Fwp%2Fv2%2Fcomments&post=14107"}],"version-history":[{"count":1,"href":"https:\/\/vimagazine.com.br\/index.php?rest_route=\/wp\/v2\/posts\/14107\/revisions"}],"predecessor-version":[{"id":14111,"href":"https:\/\/vimagazine.com.br\/index.php?rest_route=\/wp\/v2\/posts\/14107\/revisions\/14111"}],"wp:featuredmedia":[{"embeddable":true,"href":"https:\/\/vimagazine.com.br\/index.php?rest_route=\/wp\/v2\/media\/14110"}],"wp:attachment":[{"href":"https:\/\/vimagazine.com.br\/index.php?rest_route=%2Fwp%2Fv2%2Fmedia&parent=14107"}],"wp:term":[{"taxonomy":"category","embeddable":true,"href":"https:\/\/vimagazine.com.br\/index.php?rest_route=%2Fwp%2Fv2%2Fcategories&post=14107"},{"taxonomy":"post_tag","embeddable":true,"href":"https:\/\/vimagazine.com.br\/index.php?rest_route=%2Fwp%2Fv2%2Ftags&post=14107"}],"curies":[{"name":"wp","href":"https:\/\/api.w.org\/{rel}","templated":true}]}}