{"id":14143,"date":"2024-06-03T13:46:08","date_gmt":"2024-06-03T16:46:08","guid":{"rendered":"https:\/\/vimagazine.com.br\/?p=14143"},"modified":"2024-06-03T13:46:09","modified_gmt":"2024-06-03T16:46:09","slug":"paula-manosso-da-5-dicas-incriveis-para-arrasar-com-a-nova-tendencia-grandpacore","status":"publish","type":"post","link":"https:\/\/vimagazine.com.br\/?p=14143","title":{"rendered":"Paula Manosso d\u00e1 5 dicas incr\u00edveis para arrasar com a nova tend\u00eancia Grandpacore"},"content":{"rendered":"\n<p><\/p>\n\n\n\n<p class=\"has-medium-font-size\"><em><strong>Conhe\u00e7a mais sobre a trend que resgata aqueles looks dos av\u00f3s que est\u00e3o no fundo da gaveta<\/strong><\/em><\/p>\n\n\n\n<p><\/p>\n\n\n\n<p>A tend\u00eancia <em>Grandpacore, <\/em>nova <em>trend<\/em> das redes sociais, resgata toda a ess\u00eancia de pe\u00e7as do guarda-roupa dos \u201cav\u00f3s\u201d que estavam escondidas no fundo do arm\u00e1rio, e trazem um ar de pura eleg\u00e2ncia para quem veste.<\/p>\n\n\n\n<p><\/p>\n\n\n\n<figure class=\"wp-container-2 wp-block-gallery-1 wp-block-gallery has-nested-images columns-default is-cropped\">\n<figure class=\"wp-block-image size-large\"><img width=\"1066\" height=\"1600\" data-id=\"14146\"  src=\"https:\/\/vimagazine.com.br\/wp-content\/uploads\/2024\/06\/WhatsApp-Image-2024-06-03-at-13.16.16-1.jpeg\" alt=\"\" class=\"wp-image-14146\" srcset=\"https:\/\/vimagazine.com.br\/wp-content\/uploads\/2024\/06\/WhatsApp-Image-2024-06-03-at-13.16.16-1.jpeg 1066w, https:\/\/vimagazine.com.br\/wp-content\/uploads\/2024\/06\/WhatsApp-Image-2024-06-03-at-13.16.16-1-200x300.jpeg 200w, https:\/\/vimagazine.com.br\/wp-content\/uploads\/2024\/06\/WhatsApp-Image-2024-06-03-at-13.16.16-1-682x1024.jpeg 682w, https:\/\/vimagazine.com.br\/wp-content\/uploads\/2024\/06\/WhatsApp-Image-2024-06-03-at-13.16.16-1-768x1153.jpeg 768w, https:\/\/vimagazine.com.br\/wp-content\/uploads\/2024\/06\/WhatsApp-Image-2024-06-03-at-13.16.16-1-1023x1536.jpeg 1023w, https:\/\/vimagazine.com.br\/wp-content\/uploads\/2024\/06\/WhatsApp-Image-2024-06-03-at-13.16.16-1-1024x1537.jpeg 1024w\" sizes=\"(max-width: 1066px) 100vw, 1066px\" \/><\/figure>\n\n\n\n<figure class=\"wp-block-image size-large\"><img width=\"1280\" height=\"1920\" data-id=\"14147\"  src=\"https:\/\/vimagazine.com.br\/wp-content\/uploads\/2024\/06\/WhatsApp-Image-2024-06-03-at-13.16.16.jpeg\" alt=\"\" class=\"wp-image-14147\" srcset=\"https:\/\/vimagazine.com.br\/wp-content\/uploads\/2024\/06\/WhatsApp-Image-2024-06-03-at-13.16.16.jpeg 1280w, https:\/\/vimagazine.com.br\/wp-content\/uploads\/2024\/06\/WhatsApp-Image-2024-06-03-at-13.16.16-200x300.jpeg 200w, https:\/\/vimagazine.com.br\/wp-content\/uploads\/2024\/06\/WhatsApp-Image-2024-06-03-at-13.16.16-683x1024.jpeg 683w, https:\/\/vimagazine.com.br\/wp-content\/uploads\/2024\/06\/WhatsApp-Image-2024-06-03-at-13.16.16-768x1152.jpeg 768w, https:\/\/vimagazine.com.br\/wp-content\/uploads\/2024\/06\/WhatsApp-Image-2024-06-03-at-13.16.16-1024x1536.jpeg 1024w\" sizes=\"(max-width: 1280px) 100vw, 1280px\" \/><\/figure>\n<\/figure>\n\n\n\n<p><\/p>\n\n\n\n<p>E para arrasar nas ruas nessa esta\u00e7\u00e3o, a influenciadora <strong>Paula Manosso<\/strong> separou algumas dicas que v\u00e3o fazer toda a diferen\u00e7a no dia a dia de quem deseja experimentar e aderir aos looks espec\u00edficos que seguem a tend\u00eancia. S\u00e3o elas:O tric\u00f4 nunca saiu de moda. Seja em cal\u00e7as, coletes ou saias, ele est\u00e1 sempre presente. Combinando um colete de tric\u00f4 por cima de uma camisa social ou uma camisa polo voc\u00ea cria um look extremamente chique, e al\u00e9m disso, confort\u00e1vel. Seja o tric\u00f4 liso,<\/p>\n\n\n\n<ol type=\"1\"><li>estampado ou o xadrez, todos est\u00e3o em alta. Vale a pena buscar aquele casaco do av\u00f4 que n\u00e3o \u00e9 mais usado;<\/li><\/ol>\n\n\n\n<ol type=\"1\" start=\"2\"><li><a><\/a>As saias de pregas, especialmente as curtas e m\u00e9dias, est\u00e3o muito em alta. Elas podem ser combinadas com diversos estilos e pe\u00e7as, trazendo um toque jovem e moderno ao seu visual;<\/li><\/ol>\n\n\n\n<ol type=\"1\" start=\"3\"><li><a><\/a>O mocassim \u00e9 um item de moda que continua reinando. Dessa vez, a tend\u00eancia \u00e9 usar ele com meias aparentes, principalmente as de tr\u00eas quartos. O conjunto completo com uma saia de pregas estilo colegial cria um look lindo. Look semelhante ao das estudantes inglesas, mas com um toque mais moderno;<\/li><\/ol>\n\n\n\n<ol type=\"1\" start=\"4\"><li><a><\/a>Ultimamente, as meias ganharam um novo protagonismo no mundo da moda. Usar meias com sand\u00e1lias, meia-cal\u00e7a ou at\u00e9 mesmo meias soquete est\u00e3o na moda. Meias aparentes muitas vezes s\u00e3o um detalhe pequeno, mas que faz toda a diferen\u00e7a no look. Um item controverso, mas que vem forte \u00e9 a meia-cal\u00e7a branca;<\/li><\/ol>\n\n\n\n<ol type=\"1\" start=\"5\"><li><a><\/a>A camisa polo, antes considerada um item masculino, ganhou novas formas de uso. Agora ressignificada, ela \u00e9 combinada com jeans, saias de pregas ou usada por baixo de vestidos, deixando a gola aparente. Essa pe\u00e7a est\u00e1 sendo reinventada, trazendo um toque vintage que cria um conjunto muito sofisticado no final. N\u00e3o precisa ter medo de ficar masculina, as blusas polo s\u00e3o totalmente unissex e nos deixam com um ar muito elegante\u201d.<\/li><\/ol>\n\n\n\n<p>Seja com pe\u00e7as do fundo da gaveta e esquecidas no arm\u00e1rio, ou aquelas que podem ser customizadas ou ganhar uma nova utilidade, o importante \u00e9 ousar e experimentar novas possibilidades. \u201cCom itens que eram e s\u00e3o usados pelos nossos av\u00f3s ou pessoas mais idosas, podemos criar looks que certamente nos dar\u00e3o um brilho a mais\u201d, conclui Paula.<\/p>\n\n\n\n<p><strong>Mais sobre Paula Manosso:<\/strong> Natural de Cuiab\u00e1 (MT), <strong>Paula Manosso<\/strong>, atualmente, cria diversos conte\u00fados para as redes sociais sobre looks e tend\u00eancias, sempre munida de muita criatividade e participando de grandes eventos mundiais do setor. Vale enfatizar que Paula \u00e9 formada em Odontologia e Design de Interiores. Durante a pandemia de Covid-19, teve que se reinventar. Trabalhava com decora\u00e7\u00e3o de festas e, com o fechamento do setor, come\u00e7ou a criar v\u00eddeos para a Internet sobre seu trabalho de decora\u00e7\u00e3o, al\u00e9m da rotina com suas tr\u00eas filhas. Como se n\u00e3o bastasse, atrav\u00e9s de sua veia empreendedora e expertise nos neg\u00f3cios, come\u00e7ou tamb\u00e9m a ajudar marcas a venderem mais, criar um posicionamento de imagem no mercado, pesquisar <\/p>\n\n\n\n<p>sobre nichos de atua\u00e7\u00e3o, p\u00fablico-alvo e, ainda, fidelizar clientes.&nbsp;Em meio \u00e0s passarelas dos principais eventos de moda internacionais e eventos nacionais, a influenciadora n\u00e3o s\u00f3 testemunha as tend\u00eancias, mas as molda com sua vis\u00e3o \u00fanica e expertise incompar\u00e1vel. No universo da moda ou dos seus outros nichos de atua\u00e7\u00e3o, Paula Manosso continua a desafiar fronteiras e a inspirar seus mais de 200 mil seguidores ao redor do mundo com carisma e uma maneira de se expressar inconfund\u00edvel.<\/p>\n\n\n\n<p><\/p>\n\n\n\n<figure class=\"wp-container-4 wp-block-gallery-3 wp-block-gallery has-nested-images columns-default is-cropped\">\n<figure class=\"wp-block-image size-large\"><img width=\"1066\" height=\"1600\" data-id=\"14144\"  src=\"https:\/\/vimagazine.com.br\/wp-content\/uploads\/2024\/06\/WhatsApp-Image-2024-06-03-at-13.16.17.jpeg\" alt=\"\" class=\"wp-image-14144\" srcset=\"https:\/\/vimagazine.com.br\/wp-content\/uploads\/2024\/06\/WhatsApp-Image-2024-06-03-at-13.16.17.jpeg 1066w, https:\/\/vimagazine.com.br\/wp-content\/uploads\/2024\/06\/WhatsApp-Image-2024-06-03-at-13.16.17-200x300.jpeg 200w, https:\/\/vimagazine.com.br\/wp-content\/uploads\/2024\/06\/WhatsApp-Image-2024-06-03-at-13.16.17-682x1024.jpeg 682w, https:\/\/vimagazine.com.br\/wp-content\/uploads\/2024\/06\/WhatsApp-Image-2024-06-03-at-13.16.17-768x1153.jpeg 768w, https:\/\/vimagazine.com.br\/wp-content\/uploads\/2024\/06\/WhatsApp-Image-2024-06-03-at-13.16.17-1023x1536.jpeg 1023w, https:\/\/vimagazine.com.br\/wp-content\/uploads\/2024\/06\/WhatsApp-Image-2024-06-03-at-13.16.17-1024x1537.jpeg 1024w\" sizes=\"(max-width: 1066px) 100vw, 1066px\" \/><\/figure>\n\n\n\n<figure class=\"wp-block-image size-large\"><img width=\"1066\" height=\"1600\" data-id=\"14145\"  src=\"https:\/\/vimagazine.com.br\/wp-content\/uploads\/2024\/06\/WhatsApp-Image-2024-06-03-at-13.16.16-2.jpeg\" alt=\"\" class=\"wp-image-14145\" srcset=\"https:\/\/vimagazine.com.br\/wp-content\/uploads\/2024\/06\/WhatsApp-Image-2024-06-03-at-13.16.16-2.jpeg 1066w, https:\/\/vimagazine.com.br\/wp-content\/uploads\/2024\/06\/WhatsApp-Image-2024-06-03-at-13.16.16-2-200x300.jpeg 200w, https:\/\/vimagazine.com.br\/wp-content\/uploads\/2024\/06\/WhatsApp-Image-2024-06-03-at-13.16.16-2-682x1024.jpeg 682w, https:\/\/vimagazine.com.br\/wp-content\/uploads\/2024\/06\/WhatsApp-Image-2024-06-03-at-13.16.16-2-768x1153.jpeg 768w, https:\/\/vimagazine.com.br\/wp-content\/uploads\/2024\/06\/WhatsApp-Image-2024-06-03-at-13.16.16-2-1023x1536.jpeg 1023w, https:\/\/vimagazine.com.br\/wp-content\/uploads\/2024\/06\/WhatsApp-Image-2024-06-03-at-13.16.16-2-1024x1537.jpeg 1024w\" sizes=\"(max-width: 1066px) 100vw, 1066px\" \/><\/figure>\n<\/figure>\n\n\n\n<p>Para saber mais sobre o trabalho de <strong>Paula Manosso<\/strong>, basta seguir suas redes sociais: <a href=\"https:\/\/www.instagram.com\/paulamanosso\/\">@paulamanosso<\/a><\/p>\n\n\n\n<p class=\"has-small-font-size\"><em>Cr\u00e9ditos: Arquivo Pessoal &#8211; Divulga\u00e7\u00e3o \u00c9pik Comunica\u00e7\u00e3o<\/em><br><br><\/p>\n","protected":false},"excerpt":{"rendered":"<p>Conhe\u00e7a mais sobre a trend que resgata aqueles looks dos av\u00f3s que est\u00e3o no fundo&#8230;<\/p>\n","protected":false},"author":1,"featured_media":14148,"comment_status":"closed","ping_status":"open","sticky":false,"template":"","format":"standard","meta":{"om_disable_all_campaigns":false,"_monsterinsights_skip_tracking":false,"_monsterinsights_sitenote_active":false,"_monsterinsights_sitenote_note":"","_monsterinsights_sitenote_category":0,"spay_email":""},"categories":[27,1],"tags":[],"jetpack_featured_media_url":"https:\/\/vimagazine.com.br\/wp-content\/uploads\/2024\/06\/foto.jpg","_links":{"self":[{"href":"https:\/\/vimagazine.com.br\/index.php?rest_route=\/wp\/v2\/posts\/14143"}],"collection":[{"href":"https:\/\/vimagazine.com.br\/index.php?rest_route=\/wp\/v2\/posts"}],"about":[{"href":"https:\/\/vimagazine.com.br\/index.php?rest_route=\/wp\/v2\/types\/post"}],"author":[{"embeddable":true,"href":"https:\/\/vimagazine.com.br\/index.php?rest_route=\/wp\/v2\/users\/1"}],"replies":[{"embeddable":true,"href":"https:\/\/vimagazine.com.br\/index.php?rest_route=%2Fwp%2Fv2%2Fcomments&post=14143"}],"version-history":[{"count":1,"href":"https:\/\/vimagazine.com.br\/index.php?rest_route=\/wp\/v2\/posts\/14143\/revisions"}],"predecessor-version":[{"id":14149,"href":"https:\/\/vimagazine.com.br\/index.php?rest_route=\/wp\/v2\/posts\/14143\/revisions\/14149"}],"wp:featuredmedia":[{"embeddable":true,"href":"https:\/\/vimagazine.com.br\/index.php?rest_route=\/wp\/v2\/media\/14148"}],"wp:attachment":[{"href":"https:\/\/vimagazine.com.br\/index.php?rest_route=%2Fwp%2Fv2%2Fmedia&parent=14143"}],"wp:term":[{"taxonomy":"category","embeddable":true,"href":"https:\/\/vimagazine.com.br\/index.php?rest_route=%2Fwp%2Fv2%2Fcategories&post=14143"},{"taxonomy":"post_tag","embeddable":true,"href":"https:\/\/vimagazine.com.br\/index.php?rest_route=%2Fwp%2Fv2%2Ftags&post=14143"}],"curies":[{"name":"wp","href":"https:\/\/api.w.org\/{rel}","templated":true}]}}