{"id":14154,"date":"2024-06-04T18:42:26","date_gmt":"2024-06-04T21:42:26","guid":{"rendered":"https:\/\/vimagazine.com.br\/?p=14154"},"modified":"2024-06-04T18:42:28","modified_gmt":"2024-06-04T21:42:28","slug":"dermatologista-alessandro-alarcao-participa-de-leilao-beneficente-promovido-pelo-instituto-neymar-junior","status":"publish","type":"post","link":"https:\/\/vimagazine.com.br\/?p=14154","title":{"rendered":"Dermatologista  Alessandro Alarc\u00e3o participa de leil\u00e3o beneficente promovido pelo Instituto Neymar J\u00fanior"},"content":{"rendered":"\n<p class=\"has-text-align-center\">Na noite desta segunda-feira (3\/6), o dermatologista goiano Alessandro Alarc\u00e3o marcou presen\u00e7a no leil\u00e3o beneficente organizado pelo Instituto Neymar J\u00fanior. <\/p>\n\n\n\n<p class=\"has-text-align-center\">O evento, realizado no Clube Monte L\u00edbano em S\u00e3o Paulo, contou com a participa\u00e7\u00e3o de diversas celebridades e personalidades influentes.<\/p>\n\n\n\n<p class=\"has-text-align-center\"> Alarc\u00e3o destacou-se ao arrematar o direito de assistir ao desfile das escolas campe\u00e3s no camarote \u201cQuem\u201d. O pacote inclui hospedagem no luxuoso Fairmont Rio de Janeiro para quatro pessoas. <\/p>\n\n\n\n<p class=\"has-text-align-center\">Al\u00e9m disso, o jogador Neymar se comprometeu a dobrar o valor dos lances, que ser\u00e1 destinado \u00e0s v\u00edtimas das enchentes no Rio Grande do Sul.<\/p>\n\n\n\n<p class=\"has-text-align-center\">Esta foi a quarta edi\u00e7\u00e3o do leil\u00e3o beneficente promovido pelo Instituto do atacante do Al-Hilal, Neymar J\u00fanior. <\/p>\n\n\n\n<p class=\"has-text-align-center\">Desde a sua primeira edi\u00e7\u00e3o em 2017, quando foram arrecadados R$ 2,5 milh\u00f5es, o evento tem crescido exponencialmente. <\/p>\n\n\n\n<p class=\"has-text-align-center\">Em 2018, a arrecada\u00e7\u00e3o aumentou para R$ 3,9 milh\u00f5es, e em 2023, o valor chegou a R$ 10 milh\u00f5es. <\/p>\n\n\n\n<p class=\"has-text-align-center\">Neste ano, a quantia foi dobrada, alcan\u00e7ando a marca de R$ 21 milh\u00f5es. <\/p>\n\n\n\n<p class=\"has-text-align-center\">Entre os convidados ilustres estavam Carlinhos Maia, L\u00edvia Andrade, Tiago Leifert, Roberto Justus, Adriane Galisteu e Jo\u00e3o Guilherme Silva.<\/p>\n\n\n\n<p class=\"has-text-align-center\">Imagens ag\u00eancia YouCam<\/p>\n","protected":false},"excerpt":{"rendered":"<p>Na noite desta segunda-feira (3\/6), o dermatologista goiano Alessandro Alarc\u00e3o marcou presen\u00e7a no leil\u00e3o beneficente&#8230;<\/p>\n","protected":false},"author":3,"featured_media":14155,"comment_status":"closed","ping_status":"open","sticky":false,"template":"","format":"standard","meta":{"om_disable_all_campaigns":false,"_monsterinsights_skip_tracking":false,"_monsterinsights_sitenote_active":false,"_monsterinsights_sitenote_note":"","_monsterinsights_sitenote_category":0,"spay_email":""},"categories":[1],"tags":[],"jetpack_featured_media_url":"https:\/\/vimagazine.com.br\/wp-content\/uploads\/2024\/06\/WhatsApp-Image-2024-06-04-at-18.33.05-e1717537249635.jpeg","_links":{"self":[{"href":"https:\/\/vimagazine.com.br\/index.php?rest_route=\/wp\/v2\/posts\/14154"}],"collection":[{"href":"https:\/\/vimagazine.com.br\/index.php?rest_route=\/wp\/v2\/posts"}],"about":[{"href":"https:\/\/vimagazine.com.br\/index.php?rest_route=\/wp\/v2\/types\/post"}],"author":[{"embeddable":true,"href":"https:\/\/vimagazine.com.br\/index.php?rest_route=\/wp\/v2\/users\/3"}],"replies":[{"embeddable":true,"href":"https:\/\/vimagazine.com.br\/index.php?rest_route=%2Fwp%2Fv2%2Fcomments&post=14154"}],"version-history":[{"count":1,"href":"https:\/\/vimagazine.com.br\/index.php?rest_route=\/wp\/v2\/posts\/14154\/revisions"}],"predecessor-version":[{"id":14156,"href":"https:\/\/vimagazine.com.br\/index.php?rest_route=\/wp\/v2\/posts\/14154\/revisions\/14156"}],"wp:featuredmedia":[{"embeddable":true,"href":"https:\/\/vimagazine.com.br\/index.php?rest_route=\/wp\/v2\/media\/14155"}],"wp:attachment":[{"href":"https:\/\/vimagazine.com.br\/index.php?rest_route=%2Fwp%2Fv2%2Fmedia&parent=14154"}],"wp:term":[{"taxonomy":"category","embeddable":true,"href":"https:\/\/vimagazine.com.br\/index.php?rest_route=%2Fwp%2Fv2%2Fcategories&post=14154"},{"taxonomy":"post_tag","embeddable":true,"href":"https:\/\/vimagazine.com.br\/index.php?rest_route=%2Fwp%2Fv2%2Ftags&post=14154"}],"curies":[{"name":"wp","href":"https:\/\/api.w.org\/{rel}","templated":true}]}}