{"id":14165,"date":"2024-06-06T10:15:42","date_gmt":"2024-06-06T13:15:42","guid":{"rendered":"https:\/\/vimagazine.com.br\/?p=14165"},"modified":"2024-06-06T10:15:45","modified_gmt":"2024-06-06T13:15:45","slug":"akafloor-tem-participacao-na-casa-atimo-da-casacor-sao-paulo-2024","status":"publish","type":"post","link":"https:\/\/vimagazine.com.br\/?p=14165","title":{"rendered":"Akafloor tem participa\u00e7\u00e3o na &#8220;Casa \u00c1timo&#8221; da CASACOR S\u00e3o Paulo 2024"},"content":{"rendered":"\n<p><\/p>\n\n\n\n<p><\/p>\n\n\n\n<p class=\"has-medium-font-size\"><strong>Com piso de madeira maci\u00e7a Amaz\u00f4nia, da Cole\u00e7\u00e3o Biomas, a marca \u00e9 destaque no ambiente do arquiteto Renato Mendon\u00e7a<\/strong><\/p>\n\n\n\n<p><\/p>\n\n\n\n<p class=\"has-text-align-center has-medium-font-size\"><em><strong>Integrados, living e cozinha exibem piso Akafloor Amaz\u00f4nia, da Cole\u00e7\u00e3o Biomas. Nos dois ambientes, atmosfera contempor\u00e2nea e sofisticada. Foto: Denilson Machado\/MCA Est\u00fadio<\/strong><\/em><\/p>\n\n\n\n<p><\/p>\n\n\n\n<p>Em parceria com o arquiteto Renato Mendon\u00e7a, a&nbsp;<a href=\"https:\/\/click.cse360.com.br\/Click\/AddCampaignEmailClick\/43282cd7-9f42-4e96-02f0-08dc84b34103\/http%253a%252f%252fwww.akafloor.com.br%252f\/84a13bf5-1001-4b37-93cf-9aa5931b4a9b\/vimagazine@vimagazine.com.br\/True\" rel=\"noreferrer noopener\" target=\"_blank\">Akafloor<\/a>&nbsp;participa da CASACOR S\u00e3o Paulo 2024. Entre os dias 21 de maio e 28 de julho, o mais completo evento de arquitetura, paisagismo e design de interiores das Am\u00e9ricas ir\u00e1 ocupar, pela terceira vez, um endere\u00e7o ic\u00f4nico na capital paulista: o Conjunto Nacional, um dos mais importantes marcos arquitet\u00f4nicos da cidade, localizado na Avenida Paulista.<\/p>\n\n\n\n<p>Em sua 37\u00aa edi\u00e7\u00e3o, a exposi\u00e7\u00e3o ter\u00e1 o tema &#8220;De Presente, o Agora&#8221;. Seguindo o conceito do essencial, de que tudo deve ser vivido no exato momento da exist\u00eancia, sem querer visionar uma necessidade futura, o profissional desenvolveu a &#8220;Casa \u00c1timo&#8221;, de 110 m\u00b2. Distribu\u00eddo em living, cozinha, quarto, escrit\u00f3rio, banheiro e varanda, o projeto apostou em uma atmosfera contempor\u00e2nea e ao mesmo tempo sofisticada.\u00a0\u00a0<\/p>\n\n\n\n<p><\/p>\n\n\n\n<figure class=\"wp-container-2 wp-block-gallery-1 wp-block-gallery has-nested-images columns-default is-cropped\">\n<figure class=\"wp-block-image size-large\"><img width=\"481\" height=\"357\" data-id=\"14166\"  src=\"https:\/\/vimagazine.com.br\/wp-content\/uploads\/2024\/06\/0d4b6ce6-fbd4-4ef0-8c28-55a7eaa4311b-1.jpeg\" alt=\"\" class=\"wp-image-14166\" srcset=\"https:\/\/vimagazine.com.br\/wp-content\/uploads\/2024\/06\/0d4b6ce6-fbd4-4ef0-8c28-55a7eaa4311b-1.jpeg 481w, https:\/\/vimagazine.com.br\/wp-content\/uploads\/2024\/06\/0d4b6ce6-fbd4-4ef0-8c28-55a7eaa4311b-1-300x223.jpeg 300w\" sizes=\"(max-width: 481px) 100vw, 481px\" \/><figcaption><em>\u00c0 esq. e \u00e0 dir., mais ou menos pr\u00f3xima, a divis\u00f3ria que segue a mesma linguagem da estante, faz o visitante querer saber qual ambiente tem do outro lado. Fotos: Denilson Machado\/MCA Est\u00fadio<\/em><\/figcaption><\/figure>\n<\/figure>\n\n\n\n<p>A estante, que segue do piso ao teto, em uma extens\u00e3o de 5,50 m de altura, eleva o olhar do visitante at\u00e9 o forro inclinado. Al\u00e9m de apresentar o p\u00e9-direito generoso a quem entra no espa\u00e7o, tem a fun\u00e7\u00e3o de setorizar a \u00e1rea social da \u00edntima. &#8220;A ideia n\u00e3o \u00e9 dividir ambientes e sim instigar a curiosidade do visitante que passeia pelo living e pela cozinha. Assim, vendo que tem algo do outro lado da marcenaria, tem vontade de caminhar at\u00e9 o quarto&#8221;, explica o arquiteto.<\/p>\n\n\n\n<p>No dormit\u00f3rio, encontra o closet atr\u00e1s da cabeceira da cama e um pequeno escrit\u00f3rio. Pertinho dele, a varanda se integra \u00e0 \u00e1rea \u00edntima e, como parte do espa\u00e7o interno, acomoda o banheiro e todas as suas funcionalidades \u2013 inclusive a banheira. L\u00e1 fora, entre vasos de plantas, a estante de madeira escura tamb\u00e9m se faz presente. &#8220;Al\u00e9m de otimizar o aproveitamento do ambiente interno, queria que a linguagem fosse a mesma fora e dentro do espa\u00e7o&#8221;, diz Renato.<\/p>\n\n\n\n<p><\/p>\n\n\n\n<p><strong>Akafloor<\/strong><\/p>\n\n\n\n<p><a href=\"https:\/\/click.cse360.com.br\/Click\/AddCampaignEmailClick\/43282cd7-9f42-4e96-02f0-08dc84b34103\/http%253a%252f%252fwww.akafloor.com.br%252f\/84a13bf5-1001-4b37-93cf-9aa5931b4a9b\/vimagazine@vimagazine.com.br\/True\" rel=\"noreferrer noopener\" target=\"_blank\">www.akafloor.com.br<\/a><\/p>\n\n\n\n<p><a href=\"https:\/\/click.cse360.com.br\/Click\/AddCampaignEmailClick\/43282cd7-9f42-4e96-02f0-08dc84b34103\/https%253a%252f%252fwww.instagram.com%252fakafloor_oficial%252f\/84a13bf5-1001-4b37-93cf-9aa5931b4a9b\/vimagazine@vimagazine.com.br\/True\" target=\"_blank\" rel=\"noreferrer noopener\">@akafloor_oficial<\/a><\/p>\n\n\n\n<p><\/p>\n\n\n\n<p class=\"has-medium-font-size\"><strong>CASACOR S\u00e3o Paulo 2024<\/strong><\/p>\n\n\n\n<p><strong>Data:&nbsp;<\/strong>21 de maio e 28 de julho<strong>&nbsp;<\/strong>de 2024<\/p>\n\n\n\n<p><strong>Local:&nbsp;<\/strong>Conjunto Nacional &#8211;<strong>&nbsp;<\/strong>Av. Paulista, 2073, Cerqueira C\u00e9sar, S\u00e3o Paulo, SP<\/p>\n\n\n\n<p><strong>Mais Informa\u00e7\u00f5es:&nbsp;<\/strong><a href=\"https:\/\/click.cse360.com.br\/Click\/AddCampaignEmailClick\/43282cd7-9f42-4e96-02f0-08dc84b34103\/https%253a%252f%252fcasacor.abril.com.br%252f\/84a13bf5-1001-4b37-93cf-9aa5931b4a9b\/vimagazine@vimagazine.com.br\/True\" rel=\"noreferrer noopener\" target=\"_blank\">casacor.abril.com.br<\/a><\/p>\n\n\n\n<p><strong>Facebook:&nbsp;<\/strong><a href=\"https:\/\/click.cse360.com.br\/Click\/AddCampaignEmailClick\/43282cd7-9f42-4e96-02f0-08dc84b34103\/https%253a%252f%252fwww.facebook.com%252fcasacoroficial\/84a13bf5-1001-4b37-93cf-9aa5931b4a9b\/vimagazine@vimagazine.com.br\/True\" rel=\"noreferrer noopener\" target=\"_blank\">www.facebook.com\/casacoroficial<\/a><strong><\/strong><\/p>\n\n\n\n<p><strong>Instagram:<\/strong>\u00a0<a href=\"https:\/\/click.cse360.com.br\/Click\/AddCampaignEmailClick\/43282cd7-9f42-4e96-02f0-08dc84b34103\/https%253a%252f%252fwww.instagram.com%252fcasacor_oficial%252f\/84a13bf5-1001-4b37-93cf-9aa5931b4a9b\/vimagazine@vimagazine.com.br\/True\" target=\"_blank\" rel=\"noreferrer noopener\">@casacor_oficial<\/a><\/p>\n\n\n\n<p><\/p>\n\n\n\n<p class=\"has-medium-font-size\"><strong>SOBRE A AKAFLOOR<\/strong><\/p>\n\n\n\n<p>Localizada em S\u00e3o Jo\u00e3o del-Rei, Minas Gerais a Akafloor est\u00e1 entre os tr\u00eas maiores mercados consumidores do Brasil: Belo Horizonte, Rio de Janeiro e S\u00e3o Paulo. A empresa produz h\u00e1 mais de uma d\u00e9cada pisos prontos de madeira maci\u00e7a desenvolvidos a partir de madeira de manejo florestal, garantindo qualidade, eleg\u00e2ncia e a sustentabilidade dos seus produtos. Conta ainda com uma filial nos Estados Unidos, respons\u00e1vel por atender o mercado norte-americano e Europeu.\u00a0<a href=\"https:\/\/click.cse360.com.br\/Click\/AddCampaignEmailClick\/43282cd7-9f42-4e96-02f0-08dc84b34103\/http%253a%252f%252fwww.akafloor.com.br%252f\/84a13bf5-1001-4b37-93cf-9aa5931b4a9b\/vimagazine@vimagazine.com.br\/True\" target=\"_blank\" rel=\"noreferrer noopener\">www.akafloor.com.br<\/a>\u00a0| +55 (32) 3371-1000 |+1 (856) 236-9957<\/p>\n\n\n\n<p><\/p>\n\n\n\n<p><\/p>\n\n\n\n<p><\/p>\n","protected":false},"excerpt":{"rendered":"<p>Com piso de madeira maci\u00e7a Amaz\u00f4nia, da Cole\u00e7\u00e3o Biomas, a marca \u00e9 destaque no ambiente&#8230;<\/p>\n","protected":false},"author":1,"featured_media":14167,"comment_status":"closed","ping_status":"open","sticky":false,"template":"","format":"standard","meta":{"om_disable_all_campaigns":false,"_monsterinsights_skip_tracking":false,"_monsterinsights_sitenote_active":false,"_monsterinsights_sitenote_note":"","_monsterinsights_sitenote_category":0,"spay_email":""},"categories":[27,1],"tags":[],"jetpack_featured_media_url":"https:\/\/vimagazine.com.br\/wp-content\/uploads\/2024\/06\/a47a9d46-da40-4ffa-9cc4-46cba9bfdeb6-1.jpg","_links":{"self":[{"href":"https:\/\/vimagazine.com.br\/index.php?rest_route=\/wp\/v2\/posts\/14165"}],"collection":[{"href":"https:\/\/vimagazine.com.br\/index.php?rest_route=\/wp\/v2\/posts"}],"about":[{"href":"https:\/\/vimagazine.com.br\/index.php?rest_route=\/wp\/v2\/types\/post"}],"author":[{"embeddable":true,"href":"https:\/\/vimagazine.com.br\/index.php?rest_route=\/wp\/v2\/users\/1"}],"replies":[{"embeddable":true,"href":"https:\/\/vimagazine.com.br\/index.php?rest_route=%2Fwp%2Fv2%2Fcomments&post=14165"}],"version-history":[{"count":1,"href":"https:\/\/vimagazine.com.br\/index.php?rest_route=\/wp\/v2\/posts\/14165\/revisions"}],"predecessor-version":[{"id":14168,"href":"https:\/\/vimagazine.com.br\/index.php?rest_route=\/wp\/v2\/posts\/14165\/revisions\/14168"}],"wp:featuredmedia":[{"embeddable":true,"href":"https:\/\/vimagazine.com.br\/index.php?rest_route=\/wp\/v2\/media\/14167"}],"wp:attachment":[{"href":"https:\/\/vimagazine.com.br\/index.php?rest_route=%2Fwp%2Fv2%2Fmedia&parent=14165"}],"wp:term":[{"taxonomy":"category","embeddable":true,"href":"https:\/\/vimagazine.com.br\/index.php?rest_route=%2Fwp%2Fv2%2Fcategories&post=14165"},{"taxonomy":"post_tag","embeddable":true,"href":"https:\/\/vimagazine.com.br\/index.php?rest_route=%2Fwp%2Fv2%2Ftags&post=14165"}],"curies":[{"name":"wp","href":"https:\/\/api.w.org\/{rel}","templated":true}]}}