{"id":14171,"date":"2024-06-06T10:25:50","date_gmt":"2024-06-06T13:25:50","guid":{"rendered":"https:\/\/vimagazine.com.br\/?p=14171"},"modified":"2024-06-06T10:25:51","modified_gmt":"2024-06-06T13:25:51","slug":"dona-benta-entra-no-ritmo-de-sao-joao","status":"publish","type":"post","link":"https:\/\/vimagazine.com.br\/?p=14171","title":{"rendered":"DONA BENTA ENTRA NO RITMO DE S\u00c3O JO\u00c3O"},"content":{"rendered":"\n<p><\/p>\n\n\n\n<p><\/p>\n\n\n\n<p><\/p>\n\n\n\n<p class=\"has-medium-font-size\"><em><strong>Marca da J.Mac\u00eado realiza programa\u00e7\u00e3o especial em junho e julho<\/strong><\/em><\/p>\n\n\n\n<p><\/p>\n\n\n\n<p>Uma das comemora\u00e7\u00f5es mais aguardadas pelos brasileiros chegou: a festa junina! E neste ano, a&nbsp;<strong>Dona Benta<\/strong>&nbsp;\u2013 carro-chefe da J.Mac\u00eado, empresa refer\u00eancia no Brasil nos segmentos de farinha de trigo e misturas para bolos \u2013 mostra que \u00e9 a&nbsp;<em>Dona da Mistura Mais Gostosa do S\u00e3o Jo\u00e3o,<\/em>&nbsp;com receitas in\u00e9ditas e uma programa\u00e7\u00e3o especial nos principais pontos de vendas de todo o Pa\u00eds.<\/p>\n\n\n\n<p>Entre as a\u00e7\u00f5es que ser\u00e3o realizadas durante os meses de junho e julho, os destaques ficam por conta das misturas para bolos nos sabores&nbsp;<em>milho<\/em>,&nbsp;<em>coco<\/em>,&nbsp;<em>fub\u00e1<\/em>&nbsp;e&nbsp;<em>aipim<\/em>. Os consumidores poder\u00e3o degustar pratos t\u00edpicos elaborados com os produtos&nbsp;<strong>Dona Benta<\/strong>&nbsp;em uma ambienta\u00e7\u00e3o exclusiva para o S\u00e3o Jo\u00e3o, al\u00e9m de receberem materiais promocionais e brindes exclusivos.<\/p>\n\n\n\n<p>E nada melhor nessa \u00e9poca do que saborear um prato t\u00edpico. Confira uma receita da&nbsp;<strong>Dona Benta<\/strong>&nbsp;para come\u00e7ar o seu arrai\u00e1 com o p\u00e9 direito:<\/p>\n\n\n\n<p><strong>Cupcake de fub\u00e1 com curau e canela<\/strong><\/p>\n\n\n\n<p><strong>INGREDIENTES&nbsp;<\/strong><\/p>\n\n\n\n<p>Massa:&nbsp;<\/p>\n\n\n\n<p>\u00b7&nbsp;&nbsp;&nbsp;&nbsp;&nbsp;&nbsp;1 pacote de&nbsp;<strong>Mistura para Bolo Dona Benta Fub\u00e1<\/strong>&nbsp;<\/p>\n\n\n\n<p>\u00b7&nbsp;&nbsp;&nbsp;&nbsp;&nbsp;&nbsp;3 ovos&nbsp;<\/p>\n\n\n\n<p>\u00b7&nbsp;&nbsp;&nbsp;&nbsp;&nbsp;&nbsp;150 ml de leite integral&nbsp;<\/p>\n\n\n\n<p>\u00b7&nbsp;&nbsp;&nbsp;&nbsp;&nbsp;&nbsp;60g de manteiga&nbsp;<\/p>\n\n\n\n<p>Curau:&nbsp;<\/p>\n\n\n\n<p>\u00b7&nbsp;&nbsp;&nbsp;&nbsp;&nbsp;&nbsp;\u00bd&nbsp;caixinha de creme de leite&nbsp;<\/p>\n\n\n\n<p>\u00b7&nbsp;&nbsp;&nbsp;&nbsp;&nbsp;&nbsp;\u00bd&nbsp;colher de sopa de amido de milho&nbsp;<\/p>\n\n\n\n<p>\u00b7&nbsp;&nbsp;&nbsp;&nbsp;&nbsp;&nbsp;1 colher de sopa de fub\u00e1 mimoso&nbsp;<\/p>\n\n\n\n<p>\u00b7&nbsp;&nbsp;&nbsp;&nbsp;&nbsp;&nbsp;\u00bd&nbsp;x\u00edcara de ch\u00e1 de a\u00e7\u00facar&nbsp;<\/p>\n\n\n\n<p>\u00b7&nbsp;&nbsp;&nbsp;&nbsp;&nbsp;&nbsp;1 lata de milho em conserva cozido e escorrido&nbsp;<\/p>\n\n\n\n<p>\u00b7&nbsp;&nbsp;&nbsp;&nbsp;&nbsp;&nbsp;1 x\u00edcara de ch\u00e1 de leite integral&nbsp;<\/p>\n\n\n\n<p>Decora\u00e7\u00e3o:&nbsp;<\/p>\n\n\n\n<p>\u00b7&nbsp;&nbsp;&nbsp;&nbsp;&nbsp;&nbsp;Canela em p\u00f3 a gosto&nbsp;<\/p>\n\n\n\n<p>\u00b7&nbsp;&nbsp;&nbsp;&nbsp;&nbsp;&nbsp;Pedacinhos de canela em pau a gosto&nbsp;<\/p>\n\n\n\n<p><strong>MODO DE FAZER&nbsp;<\/strong><\/p>\n\n\n\n<p>Massa&nbsp;<\/p>\n\n\n\n<p>1.&nbsp;&nbsp;&nbsp;&nbsp;Em um recipiente, junte os ovos, o leite, a manteiga em temperatura ambiente e a&nbsp;<strong>Mistura para Bolo Dona Benta Fub\u00e1<\/strong>.&nbsp;<\/p>\n\n\n\n<p>2.&nbsp;&nbsp;&nbsp;&nbsp;Misture obter um creme homog\u00eaneo.&nbsp;<\/p>\n\n\n\n<p>3.&nbsp;&nbsp;&nbsp;&nbsp;Pr\u00e9-aque\u00e7a o forno a 180\u00baC e unte dez forminhas de cupcake com desmoldante ou manteiga e farinha.&nbsp;<\/p>\n\n\n\n<p>4.&nbsp;&nbsp;&nbsp;&nbsp;Divida a massa entre as forminhas e leve para assar por 20 minutos.&nbsp;<\/p>\n\n\n\n<p>Curau&nbsp;<\/p>\n\n\n\n<p>1.&nbsp;&nbsp;&nbsp;&nbsp;Enquanto o bolo assa, bata no liquidificador, o leite com o milho. Passe por uma peneira, apertando bem.&nbsp;<\/p>\n\n\n\n<p>2.&nbsp;&nbsp;&nbsp;&nbsp;Despeje em uma panela e acrescente o a\u00e7\u00facar, o fub\u00e1 e o amido de milho.&nbsp;<\/p>\n\n\n\n<p>3.&nbsp;&nbsp;&nbsp;&nbsp;Leve ao fogo, mexendo at\u00e9 engrossar, cerca de 15 minutos.&nbsp;<\/p>\n\n\n\n<p>4.&nbsp;&nbsp;&nbsp;&nbsp;Desligue o fogo e adicione o creme de leite, mexa at\u00e9 ficar homog\u00eaneo.&nbsp;<\/p>\n\n\n\n<p>5.&nbsp;&nbsp;&nbsp;&nbsp;Coloque em uma tigela e aguarde esfriar.&nbsp;<\/p>\n\n\n\n<p>6.&nbsp;&nbsp;&nbsp;&nbsp;Assim que estiver morno ele j\u00e1 ter\u00e1 uma textura mais densa.&nbsp;<\/p>\n\n\n\n<p>7.&nbsp;&nbsp;&nbsp;&nbsp;Coloque em um saco de confeitar e reserve.&nbsp;<\/p>\n\n\n\n<p>Montagem<\/p>\n\n\n\n<p>\u00b7&nbsp;&nbsp;&nbsp;&nbsp;&nbsp;&nbsp;Retire os cupcakes do forno e assim que esfriarem levemente, enfeite-os com coberturas de curau e decore com canela salpicada e pedacinhos de canela em pau.&nbsp;<\/p>\n\n\n\n<p><strong>Ficha t\u00e9cnica:<\/strong><\/p>\n\n\n\n<p><strong>Tempo de preparo<\/strong>: 1h&nbsp;<\/p>\n\n\n\n<p><strong>Rendimento<\/strong>: 10 por\u00e7\u00f5es&nbsp;<\/p>\n\n\n\n<p><strong>Grau de dificuldade<\/strong>: F\u00e1cil\u00a0\u00a0<\/p>\n\n\n\n<p><\/p>\n\n\n\n<figure class=\"wp-container-2 wp-block-gallery-1 wp-block-gallery has-nested-images columns-default is-cropped\">\n<figure class=\"wp-block-image size-large\"><img width=\"1920\" height=\"1920\" data-id=\"14172\"  src=\"https:\/\/vimagazine.com.br\/wp-content\/uploads\/2024\/06\/f975e7ca-4af6-4b5b-9d7e-d88c6c8a5081.jpg\" alt=\"\" class=\"wp-image-14172\" srcset=\"https:\/\/vimagazine.com.br\/wp-content\/uploads\/2024\/06\/f975e7ca-4af6-4b5b-9d7e-d88c6c8a5081.jpg 1920w, https:\/\/vimagazine.com.br\/wp-content\/uploads\/2024\/06\/f975e7ca-4af6-4b5b-9d7e-d88c6c8a5081-300x300.jpg 300w, https:\/\/vimagazine.com.br\/wp-content\/uploads\/2024\/06\/f975e7ca-4af6-4b5b-9d7e-d88c6c8a5081-1024x1024.jpg 1024w, https:\/\/vimagazine.com.br\/wp-content\/uploads\/2024\/06\/f975e7ca-4af6-4b5b-9d7e-d88c6c8a5081-150x150.jpg 150w, https:\/\/vimagazine.com.br\/wp-content\/uploads\/2024\/06\/f975e7ca-4af6-4b5b-9d7e-d88c6c8a5081-768x768.jpg 768w, https:\/\/vimagazine.com.br\/wp-content\/uploads\/2024\/06\/f975e7ca-4af6-4b5b-9d7e-d88c6c8a5081-1536x1536.jpg 1536w\" sizes=\"(max-width: 1920px) 100vw, 1920px\" \/><\/figure>\n\n\n\n<figure class=\"wp-block-image size-large\"><img width=\"1920\" height=\"1920\" data-id=\"14173\"  src=\"https:\/\/vimagazine.com.br\/wp-content\/uploads\/2024\/06\/e3c61fdd-0c93-477b-b92c-c0ccfd37fc55.jpg\" alt=\"\" class=\"wp-image-14173\" srcset=\"https:\/\/vimagazine.com.br\/wp-content\/uploads\/2024\/06\/e3c61fdd-0c93-477b-b92c-c0ccfd37fc55.jpg 1920w, https:\/\/vimagazine.com.br\/wp-content\/uploads\/2024\/06\/e3c61fdd-0c93-477b-b92c-c0ccfd37fc55-300x300.jpg 300w, https:\/\/vimagazine.com.br\/wp-content\/uploads\/2024\/06\/e3c61fdd-0c93-477b-b92c-c0ccfd37fc55-1024x1024.jpg 1024w, https:\/\/vimagazine.com.br\/wp-content\/uploads\/2024\/06\/e3c61fdd-0c93-477b-b92c-c0ccfd37fc55-150x150.jpg 150w, https:\/\/vimagazine.com.br\/wp-content\/uploads\/2024\/06\/e3c61fdd-0c93-477b-b92c-c0ccfd37fc55-768x768.jpg 768w, https:\/\/vimagazine.com.br\/wp-content\/uploads\/2024\/06\/e3c61fdd-0c93-477b-b92c-c0ccfd37fc55-1536x1536.jpg 1536w\" sizes=\"(max-width: 1920px) 100vw, 1920px\" \/><\/figure>\n<\/figure>\n\n\n\n<p><strong>Sobre a J.Mac\u00eado&nbsp;<\/strong>\u2013 Prestes a completar 85 anos de hist\u00f3ria, a J.Mac\u00eado \u00e9 uma das maiores empresas de alimentos do Brasil, l\u00edder e refer\u00eancia nacional nos segmentos de farinha de trigo e de misturas para bolos e a segunda maior companhia de massas aliment\u00edcias. A companhia marca presen\u00e7a tamb\u00e9m nos segmentos de fermentos qu\u00edmicos e biol\u00f3gicos, biscoitos, salgadinhos e sobremesas. Entre as marcas de destaque est\u00e3o: Dona Benta, Sol, Petybon, Brandini e Boa Sorte. Na Linha Profissional, dedicada ao segmento B2B, mant\u00e9m um portf\u00f3lio com farinhas de panifica\u00e7\u00e3o e transforma\u00e7\u00e3o, misturas para p\u00e3es e bolos, refor\u00e7ador de farinha e fermento, entre outros.<\/p>\n\n\n\n<p>Para mais informa\u00e7\u00f5es, acesse o site&nbsp;<a href=\"https:\/\/click.cse360.com.br\/Click\/AddCampaignEmailClick\/9f41005b-1e2d-4f97-2715-08dc84ae7cdc\/http%253a%252f%252fwww.jmacedo.com.br%252f\/84a13bf5-1001-4b37-93cf-9aa5931b4a9b\/vimagazine@vimagazine.com.br\/True\" rel=\"noreferrer noopener\" target=\"_blank\">www.jmacedo.com.br<\/a>.<\/p>\n\n\n\n<p><\/p>\n\n\n\n<p><\/p>\n\n\n\n<p><\/p>\n\n\n\n<p><\/p>\n\n\n\n<p><\/p>\n","protected":false},"excerpt":{"rendered":"<p>Marca da J.Mac\u00eado realiza programa\u00e7\u00e3o especial em junho e julho Uma das comemora\u00e7\u00f5es mais aguardadas&#8230;<\/p>\n","protected":false},"author":1,"featured_media":14174,"comment_status":"closed","ping_status":"open","sticky":false,"template":"","format":"standard","meta":{"om_disable_all_campaigns":false,"_monsterinsights_skip_tracking":false,"_monsterinsights_sitenote_active":false,"_monsterinsights_sitenote_note":"","_monsterinsights_sitenote_category":0,"spay_email":""},"categories":[1],"tags":[],"jetpack_featured_media_url":"https:\/\/vimagazine.com.br\/wp-content\/uploads\/2024\/06\/eba0bfd3-ab47-44ea-88fc-be8b560d54aa.jpg","_links":{"self":[{"href":"https:\/\/vimagazine.com.br\/index.php?rest_route=\/wp\/v2\/posts\/14171"}],"collection":[{"href":"https:\/\/vimagazine.com.br\/index.php?rest_route=\/wp\/v2\/posts"}],"about":[{"href":"https:\/\/vimagazine.com.br\/index.php?rest_route=\/wp\/v2\/types\/post"}],"author":[{"embeddable":true,"href":"https:\/\/vimagazine.com.br\/index.php?rest_route=\/wp\/v2\/users\/1"}],"replies":[{"embeddable":true,"href":"https:\/\/vimagazine.com.br\/index.php?rest_route=%2Fwp%2Fv2%2Fcomments&post=14171"}],"version-history":[{"count":1,"href":"https:\/\/vimagazine.com.br\/index.php?rest_route=\/wp\/v2\/posts\/14171\/revisions"}],"predecessor-version":[{"id":14175,"href":"https:\/\/vimagazine.com.br\/index.php?rest_route=\/wp\/v2\/posts\/14171\/revisions\/14175"}],"wp:featuredmedia":[{"embeddable":true,"href":"https:\/\/vimagazine.com.br\/index.php?rest_route=\/wp\/v2\/media\/14174"}],"wp:attachment":[{"href":"https:\/\/vimagazine.com.br\/index.php?rest_route=%2Fwp%2Fv2%2Fmedia&parent=14171"}],"wp:term":[{"taxonomy":"category","embeddable":true,"href":"https:\/\/vimagazine.com.br\/index.php?rest_route=%2Fwp%2Fv2%2Fcategories&post=14171"},{"taxonomy":"post_tag","embeddable":true,"href":"https:\/\/vimagazine.com.br\/index.php?rest_route=%2Fwp%2Fv2%2Ftags&post=14171"}],"curies":[{"name":"wp","href":"https:\/\/api.w.org\/{rel}","templated":true}]}}