{"id":14182,"date":"2024-06-06T14:39:26","date_gmt":"2024-06-06T17:39:26","guid":{"rendered":"https:\/\/vimagazine.com.br\/?p=14182"},"modified":"2024-06-06T14:39:27","modified_gmt":"2024-06-06T17:39:27","slug":"joao-carlos-martins-realiza-concerto-na-sala-sao-paulo-celebrando-o-lancamento-de-sua-biografia-definitiva","status":"publish","type":"post","link":"https:\/\/vimagazine.com.br\/?p=14182","title":{"rendered":"Jo\u00e3o Carlos Martins realiza concerto na Sala S\u00e3o Paulo, celebrando o lan\u00e7amento de sua biografia definitiva"},"content":{"rendered":"\n<p><\/p>\n\n\n\n<p class=\"has-medium-font-size\"><em><strong>Noite contou com momentos emocionantes e grandes cl\u00e1ssicos regidos pelo maestro junto da Bachiana Filarm\u00f4nica SESI-SP, orquestra sob sua dire\u00e7\u00e3o<\/strong><\/em><\/p>\n\n\n\n<p><\/p>\n\n\n\n<p><\/p>\n\n\n\n<p>Na \u00faltima ter\u00e7a-feira, dia 4, aconteceu na Sala S\u00e3o Paulo um concerto especial do pianista Jo\u00e3o Carlos Martins, em celebra\u00e7\u00e3o do lan\u00e7amento do livro \u2018O Indom\u00e1vel: Jo\u00e3o Carlos Martins, entre som e sil\u00eancio\u2019, sua biografia definitiva. O espet\u00e1culo foi gratuito, com sistema de distribui\u00e7\u00e3o de ingressos que se esgotaram rapidamente ap\u00f3s o an\u00fancio.<\/p>\n\n\n\n<p>No repert\u00f3rio, o maestro visitou grandes cl\u00e1ssicos regendo a Bachiana Filarm\u00f4nica SESI-SP, orquestra sob sua dire\u00e7\u00e3o, com apresenta\u00e7\u00f5es da Suite Orquestral n.3 de J.S.BACH, e Bachianas Brasileiras n.4, n.7 e n.5, de H.VILLA LOBOS. A apresenta\u00e7\u00e3o tamb\u00e9m teve a participa\u00e7\u00e3o de Jamil Chade, autor do livro, tocando flauta, a convite de Jo\u00e3o Carlos. Jamil \u00e9 jornalista e escritor, cresceu dentro de orquestras tocando flauta e teve a oportunidade de unir sua paix\u00e3o pela escrita com a paix\u00e3o por m\u00fasica ao mergulhar nesta biografia.<\/p>\n\n\n\n<p>A noite foi cheia de emo\u00e7\u00e3o aos que estavam presentes, e o maestro estava muito feliz pela celebra\u00e7\u00e3o. O evento tamb\u00e9m contou com homenagens especiais da produtora Carla Camurati, que leu trechos do livro, e Leandro Karnal, que fez um discurso exaltando a carreira de Jo\u00e3o Carlos, junto de sua import\u00e2ncia para a m\u00fasica cl\u00e1ssica.&nbsp;<\/p>\n\n\n\n<p><em>\u201cO que dizer a um homem que enfrentou quase tudo em sua vida, do sucesso absoluto \u00e0 dor f\u00edsica excruciante, da gl\u00f3ria absoluta \u00e0 fogueira da vida adulta. Falemos do sucesso. Jo\u00e3o Carlos Martins tocou em todas as salas importantes do mundo, ao lado das melhores orquestras, dos mais renomados regentes. Jo\u00e3o conheceu o s\u00e9culo XX ao vivo. Sob um \u00eaxito de d\u00e9cadas, nada mais a dizer, apenas contemplar esta sala magn\u00edfica lotada e ver a emo\u00e7\u00e3o de uma noite que re\u00fane tanta gente.\u00a0 A obra de Jo\u00e3o Carlos Martins pode aqui ser comprovada por amigos, f\u00e3s, jovens que ele incentivou, e um p\u00fablico sedento por sua arte. Olhemos ao redor deste momento f\u00e1ustico, eis a prova de uma vida \u00fanica\u201d,\u00a0<\/em>disse o escritor.<\/p>\n\n\n\n<figure class=\"wp-container-2 wp-block-gallery-1 wp-block-gallery has-nested-images columns-2 is-cropped\">\n<figure class=\"wp-block-image size-large\"><img width=\"1920\" height=\"1280\" data-id=\"14184\"  src=\"https:\/\/vimagazine.com.br\/wp-content\/uploads\/2024\/06\/JC-38-INDOMAVEL.jpg\" alt=\"\" class=\"wp-image-14184\" srcset=\"https:\/\/vimagazine.com.br\/wp-content\/uploads\/2024\/06\/JC-38-INDOMAVEL.jpg 1920w, https:\/\/vimagazine.com.br\/wp-content\/uploads\/2024\/06\/JC-38-INDOMAVEL-300x200.jpg 300w, https:\/\/vimagazine.com.br\/wp-content\/uploads\/2024\/06\/JC-38-INDOMAVEL-1024x683.jpg 1024w, https:\/\/vimagazine.com.br\/wp-content\/uploads\/2024\/06\/JC-38-INDOMAVEL-768x512.jpg 768w, https:\/\/vimagazine.com.br\/wp-content\/uploads\/2024\/06\/JC-38-INDOMAVEL-1536x1024.jpg 1536w\" sizes=\"(max-width: 1920px) 100vw, 1920px\" \/><\/figure>\n\n\n\n<figure class=\"wp-block-image size-large\"><img width=\"1280\" height=\"1920\" data-id=\"14185\"  src=\"https:\/\/vimagazine.com.br\/wp-content\/uploads\/2024\/06\/JC-25-INDOMAVEL.jpg\" alt=\"\" class=\"wp-image-14185\" srcset=\"https:\/\/vimagazine.com.br\/wp-content\/uploads\/2024\/06\/JC-25-INDOMAVEL.jpg 1280w, https:\/\/vimagazine.com.br\/wp-content\/uploads\/2024\/06\/JC-25-INDOMAVEL-200x300.jpg 200w, https:\/\/vimagazine.com.br\/wp-content\/uploads\/2024\/06\/JC-25-INDOMAVEL-683x1024.jpg 683w, https:\/\/vimagazine.com.br\/wp-content\/uploads\/2024\/06\/JC-25-INDOMAVEL-768x1152.jpg 768w, https:\/\/vimagazine.com.br\/wp-content\/uploads\/2024\/06\/JC-25-INDOMAVEL-1024x1536.jpg 1024w\" sizes=\"(max-width: 1280px) 100vw, 1280px\" \/><\/figure>\n\n\n\n<figure class=\"wp-block-image size-large\"><img width=\"1920\" height=\"1280\" data-id=\"14186\"  src=\"https:\/\/vimagazine.com.br\/wp-content\/uploads\/2024\/06\/JC-19-INDOMAVEL.jpg\" alt=\"\" class=\"wp-image-14186\" srcset=\"https:\/\/vimagazine.com.br\/wp-content\/uploads\/2024\/06\/JC-19-INDOMAVEL.jpg 1920w, https:\/\/vimagazine.com.br\/wp-content\/uploads\/2024\/06\/JC-19-INDOMAVEL-300x200.jpg 300w, https:\/\/vimagazine.com.br\/wp-content\/uploads\/2024\/06\/JC-19-INDOMAVEL-1024x683.jpg 1024w, https:\/\/vimagazine.com.br\/wp-content\/uploads\/2024\/06\/JC-19-INDOMAVEL-768x512.jpg 768w, https:\/\/vimagazine.com.br\/wp-content\/uploads\/2024\/06\/JC-19-INDOMAVEL-1536x1024.jpg 1536w\" sizes=\"(max-width: 1920px) 100vw, 1920px\" \/><\/figure>\n\n\n\n<figure class=\"wp-block-image size-large\"><img width=\"1920\" height=\"1280\" data-id=\"14187\"  src=\"https:\/\/vimagazine.com.br\/wp-content\/uploads\/2024\/06\/JC-16-INDOMAVEL.jpg\" alt=\"\" class=\"wp-image-14187\" srcset=\"https:\/\/vimagazine.com.br\/wp-content\/uploads\/2024\/06\/JC-16-INDOMAVEL.jpg 1920w, https:\/\/vimagazine.com.br\/wp-content\/uploads\/2024\/06\/JC-16-INDOMAVEL-300x200.jpg 300w, https:\/\/vimagazine.com.br\/wp-content\/uploads\/2024\/06\/JC-16-INDOMAVEL-1024x683.jpg 1024w, https:\/\/vimagazine.com.br\/wp-content\/uploads\/2024\/06\/JC-16-INDOMAVEL-768x512.jpg 768w, https:\/\/vimagazine.com.br\/wp-content\/uploads\/2024\/06\/JC-16-INDOMAVEL-1536x1024.jpg 1536w\" sizes=\"(max-width: 1920px) 100vw, 1920px\" \/><\/figure>\n\n\n\n<figure class=\"wp-block-image size-large\"><img width=\"704\" height=\"469\" data-id=\"14188\"  src=\"https:\/\/vimagazine.com.br\/wp-content\/uploads\/2024\/06\/f17132e8-cbd5-4f77-910b-a1bf966a2795.jpg\" alt=\"\" class=\"wp-image-14188\" srcset=\"https:\/\/vimagazine.com.br\/wp-content\/uploads\/2024\/06\/f17132e8-cbd5-4f77-910b-a1bf966a2795.jpg 704w, https:\/\/vimagazine.com.br\/wp-content\/uploads\/2024\/06\/f17132e8-cbd5-4f77-910b-a1bf966a2795-300x200.jpg 300w\" sizes=\"(max-width: 704px) 100vw, 704px\" \/><\/figure>\n<\/figure>\n\n\n\n<p><\/p>\n\n\n\n<p><strong>SOBRE O LIVRO<\/strong><\/p>\n\n\n\n<p>Jo\u00e3o Carlos Martins \u00e9 considerado um dos maiores pianistas int\u00e9rpretes de Johann Sebastian Bach, com quem divide, al\u00e9m do primeiro nome, um amor profundo, inquestion\u00e1vel e aut\u00eantico pela m\u00fasica. Nesta biografia, o jornalista Jamil Chade exp\u00f5e suas facetas mais p\u00fablicas e seus segredos: pianista prod\u00edgio, m\u00fasico silenciado pelo pr\u00f3prio corpo, personagem com erros e acertos, reinven\u00e7\u00e3o ambulante, maestro indom\u00e1vel.<\/p>\n\n\n\n<p>Da inf\u00e2ncia debru\u00e7ada sobre o piano, sob o olhar atento do pai obcecado pelo sucesso do filho e disposto a recorrer a m\u00e9todos question\u00e1veis para isso, a juventude como uma promessa realizada de talento e fama e a consagra\u00e7\u00e3o interrompida em seu auge pela gradual atrofia nas m\u00e3os, Jo\u00e3o reinventou o conceito de sobreviv\u00eancia a cada sil\u00eancio for\u00e7ado a suportar. Mesmo quando esteve afastado dos palcos, como no curto per\u00edodo em que foi empres\u00e1rio esportivo e durante sua passagem breve e pol\u00eamica pela pol\u00edtica, a esperan\u00e7a de que a m\u00fasica retornasse para ele o impediu de ficar \u00e0 deriva.&nbsp;<\/p>\n\n\n\n<p>Muitas sess\u00f5es de fisioterapia o levaram de volta aos palcos, mas o agravamento de les\u00f5es neurol\u00f3gicas, acidentes e um epis\u00f3dio de viol\u00eancia for\u00e7aram a interrup\u00e7\u00e3o na carreira de pianista, dessa vez de forma definitiva. Suas m\u00e3os n\u00e3o deixaram de ousar trazer Bach \u00e0 vida, agora como maestro. Muito mais que um exemplo de supera\u00e7\u00e3o e perseveran\u00e7a, no entanto, o que se destaca em sua trajet\u00f3ria \u00e9 o talento e a profunda dedica\u00e7\u00e3o \u00e0 m\u00fasica como ferramenta transformadora de vidas.<\/p>\n\n\n\n<p><em>\u201cSem resposta diante de seus apelos cada vez mais enf\u00e1ticos, a cubana decidiu entrar no quarto onde estava o m\u00fasico e, chacoalhando seus ombros, explicou que n\u00e3o tinham tempo a perder. Jo\u00e3o Carlos Martins colocou os \u00f3culos, na esperan\u00e7a de entender se ainda estava no meio de um sonho. Praticamente, n\u00e3o havia dormido. Horas antes, era aclamado no principal teatro de Havana e em seguida, na companhia de uma mulher designada pelo governo local como sua acompanhante e de uma garrafa de rum, descobriria, aos 20 anos, o fasc\u00ednio das praias desertas do mar caribenho, regadas a beijos. Como uma cena do realismo fant\u00e1stico latino-americano, a interrup\u00e7\u00e3o do sil\u00eancio, do sonho e do amor da noite cubana tinha um motivo urgente. O corpo diplom\u00e1tico estrangeiro havia sido informado que poderia ocorrer nos dias seguintes uma poss\u00edvel invas\u00e3o da ilha, e os \u00faltimos voos comerciais para deixar Cuba estavam quase todos j\u00e1 lotados\u201d<\/em><strong><em>_trecho do cap\u00edtulo de abertura de O indom\u00e1vel<\/em><\/strong><\/p>\n\n\n\n<p><strong>SOBRE O AUTOR<\/strong><\/p>\n\n\n\n<p>Cruzando fronteiras com refugiados, testemunhando crimes contra a humanidade, viajando com papas ou cobrindo c\u00fapulas diplom\u00e1ticas, Jamil Chade percorreu mais de setenta pa\u00edses. Com seu escrit\u00f3rio na sede da ONU em Genebra, o jornalista conquistou diversos pr\u00eamios no exterior e no Brasil por sua defesa da democracia e dos direitos humanos. Chade publicou outros oito livros, tr\u00eas dos quais foram finalistas do pr\u00eamio Jabuti. Com sua flauta, ele cresceu dentro de orquestras. Agora, une suas duas paix\u00f5es \u2013 a escrita e a m\u00fasica \u2013 nesta obra.<\/p>\n\n\n\n<p><strong>FOTOS: Fernando Mucci<\/strong><\/p>\n\n\n\n<p><\/p>\n\n\n\n<p><\/p>\n\n\n\n<p><\/p>\n","protected":false},"excerpt":{"rendered":"<p>Noite contou com momentos emocionantes e grandes cl\u00e1ssicos regidos pelo maestro junto da Bachiana Filarm\u00f4nica&#8230;<\/p>\n","protected":false},"author":1,"featured_media":14183,"comment_status":"closed","ping_status":"open","sticky":false,"template":"","format":"standard","meta":{"om_disable_all_campaigns":false,"_monsterinsights_skip_tracking":false,"_monsterinsights_sitenote_active":false,"_monsterinsights_sitenote_note":"","_monsterinsights_sitenote_category":0,"spay_email":""},"categories":[1],"tags":[],"jetpack_featured_media_url":"https:\/\/vimagazine.com.br\/wp-content\/uploads\/2024\/06\/JC-40-INDOMAVEL.jpg","_links":{"self":[{"href":"https:\/\/vimagazine.com.br\/index.php?rest_route=\/wp\/v2\/posts\/14182"}],"collection":[{"href":"https:\/\/vimagazine.com.br\/index.php?rest_route=\/wp\/v2\/posts"}],"about":[{"href":"https:\/\/vimagazine.com.br\/index.php?rest_route=\/wp\/v2\/types\/post"}],"author":[{"embeddable":true,"href":"https:\/\/vimagazine.com.br\/index.php?rest_route=\/wp\/v2\/users\/1"}],"replies":[{"embeddable":true,"href":"https:\/\/vimagazine.com.br\/index.php?rest_route=%2Fwp%2Fv2%2Fcomments&post=14182"}],"version-history":[{"count":1,"href":"https:\/\/vimagazine.com.br\/index.php?rest_route=\/wp\/v2\/posts\/14182\/revisions"}],"predecessor-version":[{"id":14189,"href":"https:\/\/vimagazine.com.br\/index.php?rest_route=\/wp\/v2\/posts\/14182\/revisions\/14189"}],"wp:featuredmedia":[{"embeddable":true,"href":"https:\/\/vimagazine.com.br\/index.php?rest_route=\/wp\/v2\/media\/14183"}],"wp:attachment":[{"href":"https:\/\/vimagazine.com.br\/index.php?rest_route=%2Fwp%2Fv2%2Fmedia&parent=14182"}],"wp:term":[{"taxonomy":"category","embeddable":true,"href":"https:\/\/vimagazine.com.br\/index.php?rest_route=%2Fwp%2Fv2%2Fcategories&post=14182"},{"taxonomy":"post_tag","embeddable":true,"href":"https:\/\/vimagazine.com.br\/index.php?rest_route=%2Fwp%2Fv2%2Ftags&post=14182"}],"curies":[{"name":"wp","href":"https:\/\/api.w.org\/{rel}","templated":true}]}}