{"id":14190,"date":"2024-06-07T14:48:38","date_gmt":"2024-06-07T17:48:38","guid":{"rendered":"https:\/\/vimagazine.com.br\/?p=14190"},"modified":"2024-06-07T14:48:40","modified_gmt":"2024-06-07T17:48:40","slug":"almirzinho-serra-vem-com-o-espetaculo-almirzinho-canta-almir-guineto","status":"publish","type":"post","link":"https:\/\/vimagazine.com.br\/?p=14190","title":{"rendered":"Almirzinho Serra vem com o espet\u00e1culo &#8220;ALMIRZINHO CANTA ALMIR GUINETO&#8221;"},"content":{"rendered":"\n<h2><strong>ALMIRZINHO CANTA ALMIR GUINETO<\/strong><\/h2>\n\n\n\n<p><em><strong>O cantor Almirzinho Serra vem com o espet\u00e1culo &#8220;ALMIRZINHO CANTA ALMIR GUINETO&#8221; celebrando a carreira de seu pai, o sambista Almir Guineto.<\/strong><\/em><\/p>\n\n\n\n<p>No show&nbsp; interpretar\u00e1 suas cl\u00e1ssicas composi\u00e7\u00f5es. M\u00fasicas como &#8220;Caxamb\u00fa&#8221;, &#8220;Conselho&#8221;, Jib\u00f3ia&#8221;, &#8220;Lama nas Ruas&#8221;, &#8220;Mel na Boca&#8221;, &#8220;Insensato Destino&#8221; e, ainda, &#8220;Coisinha do Pai&#8221; que&nbsp; estar\u00e3o em seu repert\u00f3rio.<\/p>\n\n\n\n<p>Almirzinho&nbsp; traz como seu principal objetivo nesse projeto, resgatar a import\u00e2ncia cultural do samba raiz e suas tradi\u00e7\u00f5es. Contudo, o herdeiro de Almir Guineto nos far\u00e1&nbsp; relembrar a trajet\u00f3ria hist\u00f3rica de seu pai e sua grande contribui\u00e7\u00e3o para a hist\u00f3ria da cultura brasileira.<\/p>\n\n\n\n<h3><strong>Sobre o cantor<\/strong><\/h3>\n\n\n\n<figure class=\"wp-block-image aligncenter\"><img src=\"https:\/\/namidia.com.br\/wp-content\/uploads\/2024\/06\/WhatsApp-Image-2024-06-05-at-09.11.18-1-760x400.jpeg\" alt=\"ALMIRZINHO CANTA ALMIR GUINETO\" class=\"wp-image-129524\" title=\"ALMIRZINHO CANTA ALMIR GUINETO\" \/><\/figure>\n\n\n\n<p>Almir Serra, mais conhecido como&nbsp;Almirzinho \u00e9 cantor,&nbsp;compositor,&nbsp;arranjador&nbsp;e&nbsp;produtor musical. De uma tradicional fam\u00edlia de sambistas, \u00e9 filho de Almir Guineto, um dos maiores representantes do samba de raiz. Guineto teve o privilegio de cantar ao lado de Candeia e de outros eternos mestres do samba e, para completar a sua rica arvore geneal\u00f3gica, \u00e9 sobrinho do Mestre Louro do Salgueiro, e de Chiquinho (fundador do grupo Os Originais do Samba).<\/p>\n\n\n\n<p>Sua trajet\u00f3ria come\u00e7ouy bem cedo, aos 9 anos de idade integrou na bateria do Salgueiro e aos 15 anos, come\u00e7ou a compor. No ano de 1996 foi convidado para participar do Grupo \u201cAlgo Mais\u201d como vocalista, deixando a sua marca com um <em>CD<\/em>&nbsp;e autenticando a fase em que ganhou o apelido de \u201cAlmirzinho\u201d, adotando-o como seu nome art\u00edstico por um longo tempo.<\/p>\n\n\n\n<p>A partir de 1997, aventura-se em casas noturnas, e encabe\u00e7a o projeto chamada \u201cTerra Brasil\u201d, sendo o percussor do \u201cSamba de Mesa\u201d, em terras paulistanas, onde recebeu artistas de diferentes vertentes musicais. Durante quase duas d\u00e9cadas bebeu dessa fonte. Nesse per\u00edodo participou da grava\u00e7\u00e3o de tr\u00eas CDs produzidos pelo \u201cTerra Brasil\u201d, com vendagem acima das 600 mil c\u00f3pias em todo Brasil. Participou ainda do CD do cantor Reinaldo, no CD dos Originais Samba e no CD e DVD \u201cMelhores do Ano\u201d; tendo a m\u00fasica de sua autoria, intitulada \u201cDiz Porque\u201d, gravada pelo Grupo Fundo de Quintal.<\/p>\n\n\n\n<h3>ALMIRZINHO CANTA ALMIR GUINETO<\/h3>\n\n\n\n<p>Gravou em 2001, o CD \u201cSamba\u201d, onde contou com a participa\u00e7\u00e3o especial de Beth Carvalho. O cd traz m\u00fasicas autorais e de veteranos; \u201cAinda Menino\u201d, \u201cBatuca A\u00ed Batuqueiro\u201d, \u201cDor Da Saudade\u201d, &#8220;Gravat\u00e1\u201d, \u201cNosso Amor\u201d, \u201cSedu\u00e7\u00e3o\u201d, \u201cVerdade Passageira\u201d, entre outros.<\/p>\n\n\n\n<figure class=\"wp-block-image aligncenter\"><img src=\"https:\/\/namidia.com.br\/wp-content\/uploads\/2024\/06\/WhatsApp-Image-2024-06-05-at-09.11.18-346x400.jpeg\" alt=\"ALMIRZINHO CANTA ALMIR GUINETO\" class=\"wp-image-129526\" title=\"ALMIRZINHO CANTA ALMIR GUINETO\" \/><\/figure>\n\n\n\n<p>Depois de provar as del\u00edcias do samba, mais maduro, no ano 2007 decide dar vida ao um novo projeto, com m\u00fasicas autorias e lan\u00e7a o CD chamado \u201cLado B\u201d, com 12 m\u00fasicas, que mostram outro aspecto art\u00edstico, cujas can\u00e7\u00f5es emanam influ\u00eancia da bossa nova, do jazz, swing, e at\u00e9 mesmo do rock. CD voltado para MPB com participa\u00e7\u00f5es de Seu Jorge e Adriana Ribeiro. Esse trabalho rendeu ao artista convites pra participar de festivais como CARNACELONA na Espanha, CARNALISBOA em Portugal e BRAZILIANDAY em Madrid, al\u00e9m de diversas apresenta\u00e7\u00f5es em casas noturnas ao redor da Espanha, onde fez um TOUR por 9 meses.<\/p>\n\n\n\n<p>Ao longo desse trajeto, o cantor Almir conheceu e foi cogitado por muitas casas discograficas e agora resolveu aceitar o convite da GUFO RECORDS, um selo discogr\u00e1fico europeu, reconhecido e autorizado mundialmente atrav\u00e9s da DIPI\u00d9 MUSIC, uma editora musical italiana que tem no seu castig um cat\u00e1logo com mais de 200.000 (mil) can\u00e7\u00f5es no mundo, interpretadas por artistas como: Black Eyed Peas, Rihanna, Flo-Rida, David Guetta, Katy Perry, Dido, Gwen Stefani, Gipsy King, Kaoma, Company Segundo, Village People, Selena Gomez, Pit Bull, Enrique Iglesias, Alexis Jordan, Lady Gaga e Bruno Mars; A DIPI\u00d9 MUSIC nos \u00faltimos per\u00edodos teve indica\u00e7\u00f5es em 6&nbsp;grammy&#8217;s e conquistou um deles como Best Dance Recordings com \u201cOnly Girl\u201d interpretado por&nbsp;Rihanna.<\/p>\n\n\n\n<h4>2001<\/h4>\n\n\n\n<p>Em 2001, entrou como Investidor na \u00e1rea da promo\u00e7\u00e3o imobili\u00e1ria e no turismo, desenvolvendo projetos tur\u00edsticos nas \u00e1reas do Golf, hotelaria e SPA. Atuou ainda como Conselheiro da C\u00e2mara de Com\u00e9rcio Italiana em Portugal. Igualmente, \u00e9 s\u00f3cio da Associa\u00e7\u00e3o Comercial do Porto \u2013 C\u00e2mara de Com\u00e9rcio e Ind\u00fastria. Ainda, foi Membro do Conselho Consultivo do Conselho Empresarial do Centro \u2013 C\u00e2mara de Com\u00e9rcio e Ind\u00fastria.<\/p>\n\n\n\n<h4>2007<\/h4>\n\n\n\n<p>Em 2007, Jos\u00e9 Gama foi condecorado pelo Presidente da Republica Italiana com a Ordem Della Stella Della Solidariet\u00e0 Italiana com o grau de Cavaliere. No Brasil, o empres\u00e1rio recebeu o t\u00edtulo de Membro Honor\u00e1rio na Ordem dos Parlamentares do Estado de S\u00e3o Paulo na Assembleia Legislativa do Estado; o pr\u00eamio Calor Humano do Hospital das Cl\u00ednicas (SP) e o pr\u00eamio Chico Xavier na C\u00e2mara Municipal de S\u00e3o Paulo.<\/p>\n\n\n\n<p>O empres\u00e1rio Jos\u00e9 Fortes da Gama afirma que \u201cO cantor representa atualmente, o melhor da m\u00fasica brasileira no mundo. Vamos investir na divulga\u00e7\u00e3o internacional, por toda a Europa come\u00e7ando por Portugal e It\u00e1lia\u201d, conclui o empres\u00e1rio portugu\u00eas.<\/p>\n\n\n\n<p>Enfim, Almir conclui com a seguinte frase; \u201cCantar e tocar \u00e9 t\u00e3o natural quanto respirar para mim\u201d brincando um pouco com o talento herdado.<\/p>\n\n\n\n<h4>Redes sociais do cantor<br><a href=\"https:\/\/www.instagram.com\/almirserraoficial\/\" target=\"_blank\" rel=\"noreferrer noopener\">Instagram<\/a> &#8211; <a href=\"https:\/\/www.facebook.com\/almirzinhoserraoficial\/?locale=pt_BR\" target=\"_blank\" rel=\"noreferrer noopener\">Facebook<\/a> &#8211; <a href=\"https:\/\/www.youtube.com\/@cantoralmirzinho9325\/videos\" target=\"_blank\" rel=\"noreferrer noopener\">Youtube<\/a> &#8211;&nbsp;<a href=\"https:\/\/twitter.com\/almirzinhoofc?s=09\" target=\"_blank\" rel=\"noreferrer noopener\"> X<\/a> &#8211; <a href=\"https:\/\/soundcloud.com\/almir-serra-almirzinho\" target=\"_blank\" rel=\"noreferrer noopener\">Sound\/Cloud<\/a><\/h4>\n\n\n\n<p>\/\/www.youtube.com\/embed\/0kvmrJ0gUNA?si=2EodP-rSUraHcxxH<\/p>\n\n\n\n<p>Contato para shows: (55-11) 91144-5588 Narah&nbsp; (whatsapp)<\/p>\n","protected":false},"excerpt":{"rendered":"<p>ALMIRZINHO CANTA ALMIR GUINETO O cantor Almirzinho Serra vem com o espet\u00e1culo &#8220;ALMIRZINHO CANTA ALMIR&#8230;<\/p>\n","protected":false},"author":18,"featured_media":14191,"comment_status":"closed","ping_status":"open","sticky":false,"template":"","format":"standard","meta":{"om_disable_all_campaigns":false,"_monsterinsights_skip_tracking":false,"_monsterinsights_sitenote_active":false,"_monsterinsights_sitenote_note":"","_monsterinsights_sitenote_category":0,"spay_email":""},"categories":[27,26],"tags":[847,846],"jetpack_featured_media_url":"https:\/\/vimagazine.com.br\/wp-content\/uploads\/2024\/06\/Rapidas-Cultura-Almir-Serra-e1565311369404.jpg","_links":{"self":[{"href":"https:\/\/vimagazine.com.br\/index.php?rest_route=\/wp\/v2\/posts\/14190"}],"collection":[{"href":"https:\/\/vimagazine.com.br\/index.php?rest_route=\/wp\/v2\/posts"}],"about":[{"href":"https:\/\/vimagazine.com.br\/index.php?rest_route=\/wp\/v2\/types\/post"}],"author":[{"embeddable":true,"href":"https:\/\/vimagazine.com.br\/index.php?rest_route=\/wp\/v2\/users\/18"}],"replies":[{"embeddable":true,"href":"https:\/\/vimagazine.com.br\/index.php?rest_route=%2Fwp%2Fv2%2Fcomments&post=14190"}],"version-history":[{"count":1,"href":"https:\/\/vimagazine.com.br\/index.php?rest_route=\/wp\/v2\/posts\/14190\/revisions"}],"predecessor-version":[{"id":14192,"href":"https:\/\/vimagazine.com.br\/index.php?rest_route=\/wp\/v2\/posts\/14190\/revisions\/14192"}],"wp:featuredmedia":[{"embeddable":true,"href":"https:\/\/vimagazine.com.br\/index.php?rest_route=\/wp\/v2\/media\/14191"}],"wp:attachment":[{"href":"https:\/\/vimagazine.com.br\/index.php?rest_route=%2Fwp%2Fv2%2Fmedia&parent=14190"}],"wp:term":[{"taxonomy":"category","embeddable":true,"href":"https:\/\/vimagazine.com.br\/index.php?rest_route=%2Fwp%2Fv2%2Fcategories&post=14190"},{"taxonomy":"post_tag","embeddable":true,"href":"https:\/\/vimagazine.com.br\/index.php?rest_route=%2Fwp%2Fv2%2Ftags&post=14190"}],"curies":[{"name":"wp","href":"https:\/\/api.w.org\/{rel}","templated":true}]}}