{"id":14229,"date":"2024-06-10T19:14:37","date_gmt":"2024-06-10T22:14:37","guid":{"rendered":"https:\/\/vimagazine.com.br\/?p=14229"},"modified":"2024-06-10T19:14:37","modified_gmt":"2024-06-10T22:14:37","slug":"a-arquitetura-de-interiores-em-prol-do-nosso-bem-estar-emocional","status":"publish","type":"post","link":"https:\/\/vimagazine.com.br\/?p=14229","title":{"rendered":"A arquitetura de interiores em prol do nosso bem-estar emocional\u00a0"},"content":{"rendered":"\n<p><\/p>\n\n\n\n<p><\/p>\n\n\n\n<p class=\"has-medium-font-size\"><em><strong>A escolha certa dos elementos presentes no projeto de arquitetura residencial contribui ativamente para o conforto, prazer, paz e felicidade, como destacam as arquitetas Danielle Dantas e Paula Passos, do escrit\u00f3rio Dantas &amp; Passos arquitetura<\/strong><\/em>\u00a0<\/p>\n\n\n\n<p><\/p>\n\n\n\n<p><\/p>\n\n\n\n<p>Nesse living desenvolvido pelas\u00a0<strong>arquiteta Danielle Dantas e Paula Passos<\/strong>, a escolha de tons claros conduz os moradores a desfrutarem a tranquilidade. A naturalidade da luz e a ventila\u00e7\u00e3o, oriundas das amplas esquadrias de vidro, tamb\u00e9m entregam seus benef\u00edcios para a sa\u00fade f\u00edsica, mental e o humor dos moradores |\u00a0<strong>Projeto do escrit\u00f3rio Dantas &amp; Passos Arquitetura<\/strong>\u00a0| Foto: Maura Mello\u00a0<br>Cada vez mais o ser humano compreende que o poder da arquitetura excede a beleza est\u00e9tica: ela tamb\u00e9m deve moldar ambientes capazes de atuarem como fatores vitais no bem-estar f\u00edsico e mental. &#8220;<em>A maneira como um espa\u00e7o \u00e9 projetado incentiva ou desencoraja a perman\u00eancia, impactando diretamente o humor dos ocupantes<\/em>&#8220;, destacam destaca as\u00a0<strong>arquitetas Danielle Dantas e Paula Passos<\/strong>, s\u00f3cias no escrit\u00f3rio\u00a0<strong>Dantas &amp; Passos Arquitetura<\/strong>.\u00a0<\/p>\n\n\n\n<p>Ainda de acordo com ela, as formas, cores e os materiais diversos encontrados em um ambiente entregam sensa\u00e7\u00f5es de conforto, prazer, felicidade e a paz de estarem naquele determinado ambiente. &#8220;<em>Por isso ressaltamos a magnitude da arquitetura de interiores dentro do prop\u00f3sito de criar lares com esse senso de pertencimento, como um ref\u00fagio onde seja poss\u00edvel a reconex\u00e3o consigo mesmo<\/em>&#8220;, avalia Paula.\u00a0<\/p>\n\n\n\n<p class=\"has-medium-font-size\"><strong>Sentimentos que nos entusiasmam<\/strong>&nbsp;<\/p>\n\n\n\n<p>Experientes, as profissionais do escrit\u00f3rio relacionam o belo como um caminho que nos leva sutilmente as sensa\u00e7\u00f5es positivas, entretanto, n\u00e3o basta conceber uma arquitetura de interiores completamente alinhada com um estilo e com itens muito bem escolhidos tecnicamente se os mesmos n\u00e3o se vincularem aos moradores. Nesse conjunto, a decis\u00e3o pelas cores, a inser\u00e7\u00e3o de ilumina\u00e7\u00e3o e ventila\u00e7\u00e3o natural \u2013 devidamente dosadas para oferecer conforto visual e t\u00e9rmico \u2013, seguran\u00e7a e acessibilidades s\u00e3o pontos que norteiam o trabalho de conceber um ambiente.\u00a0<\/p>\n\n\n\n<p>Conhecendo cada material, Danielle afirma que o trabalho ao lado da sua s\u00f3cia \u00e9 avaliar aqueles que ativar\u00e3o a sensibilidade humana. &#8220;<em>A presen\u00e7a do natural, como a madeira, desempenha um papel expressivo quando o intuito \u00e9 criar uma liga\u00e7\u00e3o mais \u00edntima com a natureza e uma realidade mais acolhedora e harmoniosa<\/em>&#8220;, indica.\u00a0Conhecendo cada material, Danielle afirma que o trabalho ao lado da sua s\u00f3cia \u00e9 avaliar aqueles que ativar\u00e3o a sensibilidade humana. &#8220;<em>A presen\u00e7a do natural, como a madeira, desempenha um papel expressivo quando o intuito \u00e9 criar uma liga\u00e7\u00e3o mais \u00edntima com a natureza e uma realidade mais acolhedora e harmoniosa<\/em>&#8220;, indica.\u00a0<\/p>\n\n\n\n<p class=\"has-medium-font-size\"><strong>Ilumina\u00e7\u00e3o Natural<\/strong>&nbsp;<\/p>\n\n\n\n<p>Com um n\u00edvel de consci\u00eancia mais apurado ou por uma percep\u00e7\u00e3o mais intuitiva, o ser humano conhece o vigor de estar pr\u00f3ximo da luz solar e de um c\u00e9u azul. Esse combo, respons\u00e1vel por sorrisos, pensamentos positivos e a manuten\u00e7\u00e3o de n\u00edveis de concentra\u00e7\u00e3o ao longo do dia s\u00e3o diretamente relacionados \u00e0 produ\u00e7\u00e3o da serotonina, neurotransmissor que rege uma sorte de sentimentos que nos levam ao contentamento.\u00a0<\/p>\n\n\n\n<p>Segundo Paula, essa satisfa\u00e7\u00e3o de viver mais tempo sob a luz natural \u00e0 artificial tamb\u00e9m \u00e9 um ato ben\u00e9fico ao planeta por minimizarmos os impactos ocasionados por conta da gera\u00e7\u00e3o e o consumo de energia el\u00e9trica.\u00a0<\/p>\n\n\n\n<figure class=\"wp-block-image aligncenter size-large\"><img width=\"787\" height=\"1024\" src=\"https:\/\/vimagazine.com.br\/wp-content\/uploads\/2024\/06\/3e037eb0-ff6e-43e3-8ae2-449fe95de1d9-787x1024.jpg\" alt=\"\" class=\"wp-image-14230\" srcset=\"https:\/\/vimagazine.com.br\/wp-content\/uploads\/2024\/06\/3e037eb0-ff6e-43e3-8ae2-449fe95de1d9-787x1024.jpg 787w, https:\/\/vimagazine.com.br\/wp-content\/uploads\/2024\/06\/3e037eb0-ff6e-43e3-8ae2-449fe95de1d9-231x300.jpg 231w, https:\/\/vimagazine.com.br\/wp-content\/uploads\/2024\/06\/3e037eb0-ff6e-43e3-8ae2-449fe95de1d9-768x999.jpg 768w, https:\/\/vimagazine.com.br\/wp-content\/uploads\/2024\/06\/3e037eb0-ff6e-43e3-8ae2-449fe95de1d9-1181x1536.jpg 1181w, https:\/\/vimagazine.com.br\/wp-content\/uploads\/2024\/06\/3e037eb0-ff6e-43e3-8ae2-449fe95de1d9-1024x1332.jpg 1024w, https:\/\/vimagazine.com.br\/wp-content\/uploads\/2024\/06\/3e037eb0-ff6e-43e3-8ae2-449fe95de1d9.jpg 1476w\" sizes=\"(max-width: 787px) 100vw, 787px\" \/><figcaption><strong>Nesta sala de estar assinada pelas\u00a0arquitetas Danielle Dantas e Paula Passos, a presen\u00e7a da luz natural se faz presente mesmo com as cortinas instaladas em todo per\u00edmetro de vidro do im\u00f3vel |\u00a0Projeto do escrit\u00f3rio Dantas &amp; Passos Arquitetura\u00a0| Foto: Edu Pozella\u00a0<\/strong><\/figcaption><\/figure>\n\n\n\n<p><\/p>\n\n\n\n<p class=\"has-medium-font-size\">Conforto t\u00e9rmico\u00a0<\/p>\n\n\n\n<p>Segundo Danielle, muitos associam o conforto t\u00e9rmico ao imagin\u00e1rio do lugar quentinho desejado para passar os dias de temperaturas baixas. Entretanto, um projeto de arquitetura equilibrado \u00e9 aquele que assegure ambientes agrad\u00e1veis em todas as \u00e9pocas do ano e o segredo est\u00e1 em oferecer o isolamento necess\u00e1rio e a ventila\u00e7\u00e3o adequada.&nbsp;<\/p>\n\n\n\n<p>Um apartamento ou casa com prote\u00e7\u00e3o isolante tanto impede a entrada exacerbada e, por consequ\u00eancia, a eleva\u00e7\u00e3o das temperaturas no calor, assim como n\u00e3o permite sua sa\u00edda para manter um clima interno est\u00e1vel durante o inverno. A ventila\u00e7\u00e3o apropriada, por sua vez, diz respeito \u00e0 circula\u00e7\u00e3o do ar fresco que elimina a umidade e evita a forma\u00e7\u00e3o de mofos, vil\u00f5es para a integridade respirat\u00f3ria dos moradores.\u00a0<\/p>\n\n\n\n<p><\/p>\n\n\n\n<figure class=\"wp-block-image aligncenter size-large\"><img width=\"768\" height=\"1024\" src=\"https:\/\/vimagazine.com.br\/wp-content\/uploads\/2024\/06\/870d330c-336c-456c-b032-a454f1295a26-768x1024.jpg\" alt=\"\" class=\"wp-image-14231\" srcset=\"https:\/\/vimagazine.com.br\/wp-content\/uploads\/2024\/06\/870d330c-336c-456c-b032-a454f1295a26-768x1024.jpg 768w, https:\/\/vimagazine.com.br\/wp-content\/uploads\/2024\/06\/870d330c-336c-456c-b032-a454f1295a26-225x300.jpg 225w, https:\/\/vimagazine.com.br\/wp-content\/uploads\/2024\/06\/870d330c-336c-456c-b032-a454f1295a26-1152x1536.jpg 1152w, https:\/\/vimagazine.com.br\/wp-content\/uploads\/2024\/06\/870d330c-336c-456c-b032-a454f1295a26-1024x1365.jpg 1024w, https:\/\/vimagazine.com.br\/wp-content\/uploads\/2024\/06\/870d330c-336c-456c-b032-a454f1295a26.jpg 1440w\" sizes=\"(max-width: 768px) 100vw, 768px\" \/><figcaption><strong>Embora o clima tropical do pa\u00eds predomine na maior parte dos meses, o aquecimento para os dias mais frios tamb\u00e9m est\u00e1 assegurado pela lareira ecol\u00f3gica disposta nesse living realizado pelas\u00a0arquitetas Danielle Dantas e Paula Passos | Projeto Dantas e Passos Arquitetura\u00a0| Foto: Paula Passos<\/strong><\/figcaption><\/figure>\n\n\n\n<p class=\"has-medium-font-size\"><strong>Escolhas das cores<\/strong>&nbsp;<\/p>\n\n\n\n<p>Al\u00e9m da mensagem que cada tom transmite na cartela crom\u00e1tica, a decis\u00e3o pelas cores certas oferece in\u00fameros benef\u00edcios \u00e0 sa\u00fade dos moradores. Na cromoterapia, por exemplo, tudo conflui para o restauro do equil\u00edbrio f\u00edsico e emocional atrav\u00e9s de suas frequ\u00eancias vibracionais. &#8220;<em>Gostamos muito de aplicar esses conhecimentos em prol de entregarmos sensa\u00e7\u00f5es positivas para nossos clientes<\/em>&#8220;, afirma Paula, que ainda soma essas benesses para a eleva\u00e7\u00e3o da criatividade.\u00a0<\/p>\n\n\n\n<p class=\"has-medium-font-size\"><strong>Integra\u00e7\u00e3o com a Natureza<\/strong>&nbsp;<\/p>\n\n\n\n<p>A arquitetura, seja residencial, comercial ou p\u00fablica, tem a capacidade de promover uma simbiose entre o espa\u00e7o interno e a natureza ao seu redor. Esta integra\u00e7\u00e3o, alcan\u00e7ada por meio de formas e implanta\u00e7\u00f5es cuidadosas, nos conduz diretamente \u00e0 alegria.\u00a0\u00a0<\/p>\n\n\n\n<p>No entendimento das arquitetas, essa expressiva liga\u00e7\u00e3o com o natural tanto ocorre como a execu\u00e7\u00e3o de jardins internos, o verde do paisagismo presente em uma \u00e1rea externa ou a vista para a cidade, por exemplo. &#8220;<em>Esse processo tamb\u00e9m se d\u00e1 quando trazemos cores como o verde, aa diversidade da terracota e materiais naturais como a pr\u00f3pria madeira ou a pedra<\/em>&#8220;, indica Paula.\u00a0<\/p>\n\n\n\n<p><\/p>\n\n\n\n<figure class=\"wp-block-image aligncenter size-large\"><img width=\"683\" height=\"1024\" src=\"https:\/\/vimagazine.com.br\/wp-content\/uploads\/2024\/06\/794a3c63-e6f5-45bf-8f0d-5e9e645fae5b-683x1024.jpg\" alt=\"\" class=\"wp-image-14232\" srcset=\"https:\/\/vimagazine.com.br\/wp-content\/uploads\/2024\/06\/794a3c63-e6f5-45bf-8f0d-5e9e645fae5b-683x1024.jpg 683w, https:\/\/vimagazine.com.br\/wp-content\/uploads\/2024\/06\/794a3c63-e6f5-45bf-8f0d-5e9e645fae5b-200x300.jpg 200w, https:\/\/vimagazine.com.br\/wp-content\/uploads\/2024\/06\/794a3c63-e6f5-45bf-8f0d-5e9e645fae5b-768x1152.jpg 768w, https:\/\/vimagazine.com.br\/wp-content\/uploads\/2024\/06\/794a3c63-e6f5-45bf-8f0d-5e9e645fae5b-1024x1536.jpg 1024w, https:\/\/vimagazine.com.br\/wp-content\/uploads\/2024\/06\/794a3c63-e6f5-45bf-8f0d-5e9e645fae5b.jpg 1280w\" sizes=\"(max-width: 683px) 100vw, 683px\" \/><figcaption>Ao lado da adega instalada na \u00e1rea social integrada do apartamento, o jardim vertical entrega um clima intimista ao possibilitar a intera\u00e7\u00e3o de moradores e convidados com a natureza |\u00a0<strong>Projeto do escrit\u00f3rio Dantas &amp; Passos Arquitetura<\/strong>\u00a0| Foto: Maura Mello\u00a0<\/figcaption><\/figure>\n\n\n\n<p class=\"has-medium-font-size\"><strong>Arquitetura e inclus\u00e3o social<\/strong>&nbsp;<\/p>\n\n\n\n<p>Definitivamente, um projeto com essas diretrizes n\u00e3o torna apta a conviv\u00eancia de apenas um determinado grupo social. No entendimento das arquitetas, o olhar delas busca considerar a conviv\u00eancia de diferentes grupos sociais, incluindo a acessibilidade de pessoas com defici\u00eancia ou dificuldade de locomo\u00e7\u00e3o por meio da concep\u00e7\u00e3o de rampas, elevadores, pisos t\u00e1teis e sinaliza\u00e7\u00e3o adequada. &#8220;<em>Quando todas essas caracter\u00edsticas se unem em uma \u00fanica edifica\u00e7\u00e3o, a altivez de poder circular por onde se deseja n\u00e3o se restringe apenas \u00e0queles que foram beneficiados, mas sim por todos<\/em>&#8220;, declara Paula.\u00a0<\/p>\n\n\n\n<p><\/p>\n\n\n\n<p class=\"has-medium-font-size\"><strong>Transformando vidas com a arquitetura<\/strong>&nbsp;<\/p>\n\n\n\n<p>Quando pensados em um alinhamento integral e inclusivo, o projeto abre uma janela para o mundo sobre a capacidade de transformar vidas e melhorar significativamente a experi\u00eancia di\u00e1ria das pessoas.\u00a0<em>&#8220;Um projeto arquitet\u00f4nico bem-sucedido \u00e9 aquele que consegue reunir todas essas caracter\u00edsticas e proporcionar impacto positivo e melhorar a maneira como vivemos e interagimos com o espa\u00e7o ao nosso redor<\/em>&#8220;, concluem as arquitetas Danielle Dantas e Paula Passos.\u00a0<\/p>\n\n\n\n<p><\/p>\n\n\n\n<p class=\"has-medium-font-size\"><strong>Sobre a Dantas &amp; Passos Arquitetura&nbsp;&nbsp;<\/strong>&nbsp;<\/p>\n\n\n\n<p>A Dantas &amp; Passos Arquitetura desenvolve projetos de arquitetura e design de interiores para os segmentos residencial e comercial. Atuando no mercado desde 1996, as arquitetas Danielle Dantas e Paula Passos valorizam os projetos que os clientes possam realmente aproveit\u00e1-los. Cores neutras e atemporais fazem parte da ess\u00eancia da dupla, que tem um vasto portf\u00f3lio nas cidades de S\u00e3o Paulo, interior e Miami. &#8220;Buscamos sempre pensar em solu\u00e7\u00f5es exclusivas e feitas sob medida para cada cliente, sempre respeitando os sonhos de cada um. Participamos pessoalmente de todas as etapas\u202fdo projeto, desde a cria\u00e7\u00e3o at\u00e9 os objetos de decora\u00e7\u00e3o.&#8221;&nbsp;&nbsp;&nbsp;<\/p>\n\n\n\n<p><strong>Dantas &amp; Passos Arquitetura&nbsp;&nbsp;<\/strong>&nbsp;<\/p>\n\n\n\n<p><strong>@dantaspassos.arquitetura&nbsp;&nbsp;<\/strong>&nbsp;<\/p>\n\n\n\n<p>www.dantasepassosarquitetura.com.br&nbsp;&nbsp;&nbsp;&nbsp;<\/p>\n\n\n\n<p>Tel. e WhatsApp: (11)\u202f99366-9690 (Danielle Dantas)&nbsp;&nbsp;&nbsp;<\/p>\n\n\n\n<p>Tel. e WhatsApp: (11) 98339-9096 (Paula Passos)&nbsp;&nbsp;&nbsp;<\/p>\n","protected":false},"excerpt":{"rendered":"<p>A escolha certa dos elementos presentes no projeto de arquitetura residencial contribui ativamente para o&#8230;<\/p>\n","protected":false},"author":1,"featured_media":14233,"comment_status":"closed","ping_status":"open","sticky":false,"template":"","format":"standard","meta":{"om_disable_all_campaigns":false,"_monsterinsights_skip_tracking":false,"_monsterinsights_sitenote_active":false,"_monsterinsights_sitenote_note":"","_monsterinsights_sitenote_category":0,"spay_email":""},"categories":[1],"tags":[],"jetpack_featured_media_url":"https:\/\/vimagazine.com.br\/wp-content\/uploads\/2024\/06\/2b6fa61e-c970-4d3f-a7e9-653e6417a3af.jpg","_links":{"self":[{"href":"https:\/\/vimagazine.com.br\/index.php?rest_route=\/wp\/v2\/posts\/14229"}],"collection":[{"href":"https:\/\/vimagazine.com.br\/index.php?rest_route=\/wp\/v2\/posts"}],"about":[{"href":"https:\/\/vimagazine.com.br\/index.php?rest_route=\/wp\/v2\/types\/post"}],"author":[{"embeddable":true,"href":"https:\/\/vimagazine.com.br\/index.php?rest_route=\/wp\/v2\/users\/1"}],"replies":[{"embeddable":true,"href":"https:\/\/vimagazine.com.br\/index.php?rest_route=%2Fwp%2Fv2%2Fcomments&post=14229"}],"version-history":[{"count":1,"href":"https:\/\/vimagazine.com.br\/index.php?rest_route=\/wp\/v2\/posts\/14229\/revisions"}],"predecessor-version":[{"id":14234,"href":"https:\/\/vimagazine.com.br\/index.php?rest_route=\/wp\/v2\/posts\/14229\/revisions\/14234"}],"wp:featuredmedia":[{"embeddable":true,"href":"https:\/\/vimagazine.com.br\/index.php?rest_route=\/wp\/v2\/media\/14233"}],"wp:attachment":[{"href":"https:\/\/vimagazine.com.br\/index.php?rest_route=%2Fwp%2Fv2%2Fmedia&parent=14229"}],"wp:term":[{"taxonomy":"category","embeddable":true,"href":"https:\/\/vimagazine.com.br\/index.php?rest_route=%2Fwp%2Fv2%2Fcategories&post=14229"},{"taxonomy":"post_tag","embeddable":true,"href":"https:\/\/vimagazine.com.br\/index.php?rest_route=%2Fwp%2Fv2%2Ftags&post=14229"}],"curies":[{"name":"wp","href":"https:\/\/api.w.org\/{rel}","templated":true}]}}