{"id":14265,"date":"2024-06-11T16:53:38","date_gmt":"2024-06-11T19:53:38","guid":{"rendered":"https:\/\/vimagazine.com.br\/?p=14265"},"modified":"2024-06-11T16:53:40","modified_gmt":"2024-06-11T19:53:40","slug":"governo-do-para-reconhece-trabalho-do-afroreggae-e-concede-homenagem","status":"publish","type":"post","link":"https:\/\/vimagazine.com.br\/?p=14265","title":{"rendered":"Governo do Par\u00e1 reconhece trabalho do AfroReggae e concede homenagem"},"content":{"rendered":"\n<p class=\"has-text-align-center\">O AfroReggae foi homenageado, nesta segunda-feira (10), pelo Governo do Estado do Par\u00e1, atrav\u00e9s da Secretaria de Estado de Administra\u00e7\u00e3o Penitenci\u00e1ria (SEAP), em reconhecimento ao seu trabalho de reinser\u00e7\u00e3o social, especialmente atrav\u00e9s da Ag\u00eancia Segunda Chance. <\/p>\n\n\n\n<p class=\"has-text-align-center\">A homenagem foi entregue pelo Diretor de Reinser\u00e7\u00e3o Social da SEAP, Valber Duarte, ao Diretor de Opera\u00e7\u00f5es do AfroReggae, Jo\u00e3o Paulo Garcia.<\/p>\n\n\n\n<p class=\"has-text-align-center\">No primeiro dia da visita, a comitiva da SEAP do Par\u00e1 p\u00f4de conhecer as instala\u00e7\u00f5es do AfroReggae na Lapa e os membros da Ag\u00eancia Segunda Chance.<\/p>\n\n\n\n<p class=\"has-text-align-center\"> Nos pr\u00f3ximos dias, a comitiva visitar\u00e1 as unidades do AfroReggae nas favelas e conhecer\u00e1 o projeto AfroGames.<\/p>\n\n\n\n<p class=\"has-text-align-center\">Valber Duarte destacou a import\u00e2ncia das iniciativas do AfroReggae e expressou seu desejo de implementar um projeto de empregabilidade para egressos do sistema penal do Par\u00e1, inspirado nas a\u00e7\u00f5es da Ag\u00eancia Segunda Chance. <\/p>\n\n\n\n<p class=\"has-text-align-center\">&#8220;Desde que conheci o AfroReggae em 2010, tenho acompanhado o trabalho e sempre fui apaixonado pelo impacto positivo que eles t\u00eam na sociedade&#8221;, afirmou Valber Duarte.<\/p>\n\n\n\n<p class=\"has-text-align-center\">Jo\u00e3o Paulo Garcia, coordenador do grupo Segunda Chance, manifestou sua gratid\u00e3o pela homenagem e pela troca de experi\u00eancias.<\/p>\n\n\n\n<p class=\"has-text-align-center\"> &#8220;Em nome do AfroReggae, agrade\u00e7o ao Valber Duarte, ao Secret\u00e1rio Marco Ant\u00f4nio Sirotheau Correa Rodrigues e ao Governador Helder Barbalho pelo reconhecimento e pela aproxima\u00e7\u00e3o.<\/p>\n\n\n\n<p class=\"has-text-align-center\"> Estamos entusiasmados com as possibilidades futuras de colabora\u00e7\u00e3o&#8221;, disse Jo\u00e3o Paulo Garcia.<\/p>\n\n\n\n<p class=\"has-text-align-center\">Danilo Costa, CEO do Grupo Cultural AfroReggae, tamb\u00e9m comentou sobre a visita: &#8220;Embora eles tenham vindo nos conhecer, essa \u00e9, na verdade, uma troca de experi\u00eancias. <\/p>\n\n\n\n<p class=\"has-text-align-center\">O Estado do Par\u00e1 tem realizado um trabalho inovador e muito s\u00e9rio em seguran\u00e7a e integra\u00e7\u00e3o social, e estamos impressionados com o que eles t\u00eam realizado.&#8221;<\/p>\n\n\n\n<p class=\"has-text-align-center\"><strong>Sobre a Ag\u00eancia Segunda Chance:<\/strong><\/p>\n\n\n\n<p class=\"has-text-align-center\">A Ag\u00eancia Segunda Chance \u00e9 uma iniciativa do AfroReggae dedicada \u00e0 reintegra\u00e7\u00e3o social e profissional de egressos do sistema penal. <\/p>\n\n\n\n<p class=\"has-text-align-center\">O projeto faz a intermedia\u00e7\u00e3o entre empresas parceiras e os egressos, visando sua coloca\u00e7\u00e3o no mercado de trabalho formal, contribuindo para a redu\u00e7\u00e3o da reincid\u00eancia criminal e a promo\u00e7\u00e3o da inclus\u00e3o social.<\/p>\n\n\n\n<p class=\"has-text-align-center\"><strong>Sobre o AfroReggae:<\/strong><\/p>\n\n\n\n<p class=\"has-text-align-center\">Com mais de tr\u00eas d\u00e9cadas de trajet\u00f3ria, o AfroReggae se destaca pela inova\u00e7\u00e3o em suas iniciativas de transforma\u00e7\u00e3o social.<\/p>\n\n\n\n<p class=\"has-text-align-center\"> Utilizando a arte, cultura, tecnologia e gera\u00e7\u00e3o de renda, a organiza\u00e7\u00e3o promove a supera\u00e7\u00e3o e inclus\u00e3o social de grupos historicamente estigmatizados.<\/p>\n\n\n\n<p class=\"has-text-align-center\">O AfroReggae desenvolve projetos que transformam vidas em comunidades urbanas, promovendo um ambiente mais justo e solid\u00e1rio.<\/p>\n\n\n\n<p class=\"has-text-align-center\"> Nosso trabalho abrange a inclus\u00e3o de pessoas negras, moradores de favelas e \u00e1reas perif\u00e9ricas, membros da comunidade LGBTQIAPN+ e outros grupos vulner\u00e1veis, com foco na reintegra\u00e7\u00e3o social e profissional.<\/p>\n\n\n\n<p class=\"has-text-align-center\"><strong>Assessoria de Imprensa<\/strong><\/p>\n\n\n\n<p class=\"has-text-align-center\">Bia Saldanha Ar\u00eaas &#8211;&nbsp;Tel. &nbsp;21 98107 1450<\/p>\n\n\n\n<p class=\"has-text-align-center\">Rozangela Silva&nbsp;&#8211; Tel. 21 99998 1802&nbsp;<\/p>\n","protected":false},"excerpt":{"rendered":"<p>O AfroReggae foi homenageado, nesta segunda-feira (10), pelo Governo do Estado do Par\u00e1, atrav\u00e9s da&#8230;<\/p>\n","protected":false},"author":3,"featured_media":14266,"comment_status":"closed","ping_status":"open","sticky":false,"template":"","format":"standard","meta":{"om_disable_all_campaigns":false,"_monsterinsights_skip_tracking":false,"_monsterinsights_sitenote_active":false,"_monsterinsights_sitenote_note":"","_monsterinsights_sitenote_category":0,"spay_email":""},"categories":[1],"tags":[],"jetpack_featured_media_url":"https:\/\/vimagazine.com.br\/wp-content\/uploads\/2024\/06\/Segunda-Chance-cred-divulgacao-2.jpeg","_links":{"self":[{"href":"https:\/\/vimagazine.com.br\/index.php?rest_route=\/wp\/v2\/posts\/14265"}],"collection":[{"href":"https:\/\/vimagazine.com.br\/index.php?rest_route=\/wp\/v2\/posts"}],"about":[{"href":"https:\/\/vimagazine.com.br\/index.php?rest_route=\/wp\/v2\/types\/post"}],"author":[{"embeddable":true,"href":"https:\/\/vimagazine.com.br\/index.php?rest_route=\/wp\/v2\/users\/3"}],"replies":[{"embeddable":true,"href":"https:\/\/vimagazine.com.br\/index.php?rest_route=%2Fwp%2Fv2%2Fcomments&post=14265"}],"version-history":[{"count":1,"href":"https:\/\/vimagazine.com.br\/index.php?rest_route=\/wp\/v2\/posts\/14265\/revisions"}],"predecessor-version":[{"id":14267,"href":"https:\/\/vimagazine.com.br\/index.php?rest_route=\/wp\/v2\/posts\/14265\/revisions\/14267"}],"wp:featuredmedia":[{"embeddable":true,"href":"https:\/\/vimagazine.com.br\/index.php?rest_route=\/wp\/v2\/media\/14266"}],"wp:attachment":[{"href":"https:\/\/vimagazine.com.br\/index.php?rest_route=%2Fwp%2Fv2%2Fmedia&parent=14265"}],"wp:term":[{"taxonomy":"category","embeddable":true,"href":"https:\/\/vimagazine.com.br\/index.php?rest_route=%2Fwp%2Fv2%2Fcategories&post=14265"},{"taxonomy":"post_tag","embeddable":true,"href":"https:\/\/vimagazine.com.br\/index.php?rest_route=%2Fwp%2Fv2%2Ftags&post=14265"}],"curies":[{"name":"wp","href":"https:\/\/api.w.org\/{rel}","templated":true}]}}