{"id":14271,"date":"2024-06-12T14:02:05","date_gmt":"2024-06-12T17:02:05","guid":{"rendered":"https:\/\/vimagazine.com.br\/?p=14271"},"modified":"2024-06-12T14:03:11","modified_gmt":"2024-06-12T17:03:11","slug":"pedro-bosnich-muda-visual-e-surpreende-seguidores","status":"publish","type":"post","link":"https:\/\/vimagazine.com.br\/?p=14271","title":{"rendered":"Pedro Bosnich muda visual e surpreende seguidores"},"content":{"rendered":"\n<p><\/p>\n\n\n\n<p><\/p>\n\n\n\n<p>Prestes a come\u00e7ar a rodar o filme <strong>\u201cO retrato de Sarah,\u201d<\/strong> o ator Pedro Bosnich desembarcou no Brasil no \u00faltimo s\u00e1bado, fazendo mudan\u00e7a radical no visual para dar vida ao personagem Tom\u00e1s do seu novo filme.<\/p>\n\n\n\n<p>Nos stores o ator compartilhou seu novo cabelo que j\u00e1 tem uma nova data para mudan\u00e7a, devido a mais um personagem que est\u00e1 por vir no segundo semestre.<\/p>\n\n\n\n<p>No click, Pedro posou ao lado do renomado visagista Marcelo Zetta, no sal\u00e3o Studio Tez em Moema.<br>@pedrobosnich<\/p>\n","protected":false},"excerpt":{"rendered":"<p>Prestes a come\u00e7ar a rodar o filme \u201cO retrato de Sarah,\u201d o ator Pedro Bosnich&#8230;<\/p>\n","protected":false},"author":1,"featured_media":14274,"comment_status":"closed","ping_status":"open","sticky":false,"template":"","format":"standard","meta":{"om_disable_all_campaigns":false,"_monsterinsights_skip_tracking":false,"_monsterinsights_sitenote_active":false,"_monsterinsights_sitenote_note":"","_monsterinsights_sitenote_category":0,"spay_email":""},"categories":[1],"tags":[],"jetpack_featured_media_url":"https:\/\/vimagazine.com.br\/wp-content\/uploads\/2024\/06\/WhatsApp-Image-2024-06-10-at-21.45.33-1.jpeg","_links":{"self":[{"href":"https:\/\/vimagazine.com.br\/index.php?rest_route=\/wp\/v2\/posts\/14271"}],"collection":[{"href":"https:\/\/vimagazine.com.br\/index.php?rest_route=\/wp\/v2\/posts"}],"about":[{"href":"https:\/\/vimagazine.com.br\/index.php?rest_route=\/wp\/v2\/types\/post"}],"author":[{"embeddable":true,"href":"https:\/\/vimagazine.com.br\/index.php?rest_route=\/wp\/v2\/users\/1"}],"replies":[{"embeddable":true,"href":"https:\/\/vimagazine.com.br\/index.php?rest_route=%2Fwp%2Fv2%2Fcomments&post=14271"}],"version-history":[{"count":1,"href":"https:\/\/vimagazine.com.br\/index.php?rest_route=\/wp\/v2\/posts\/14271\/revisions"}],"predecessor-version":[{"id":14273,"href":"https:\/\/vimagazine.com.br\/index.php?rest_route=\/wp\/v2\/posts\/14271\/revisions\/14273"}],"wp:featuredmedia":[{"embeddable":true,"href":"https:\/\/vimagazine.com.br\/index.php?rest_route=\/wp\/v2\/media\/14274"}],"wp:attachment":[{"href":"https:\/\/vimagazine.com.br\/index.php?rest_route=%2Fwp%2Fv2%2Fmedia&parent=14271"}],"wp:term":[{"taxonomy":"category","embeddable":true,"href":"https:\/\/vimagazine.com.br\/index.php?rest_route=%2Fwp%2Fv2%2Fcategories&post=14271"},{"taxonomy":"post_tag","embeddable":true,"href":"https:\/\/vimagazine.com.br\/index.php?rest_route=%2Fwp%2Fv2%2Ftags&post=14271"}],"curies":[{"name":"wp","href":"https:\/\/api.w.org\/{rel}","templated":true}]}}