{"id":14275,"date":"2024-06-13T11:48:01","date_gmt":"2024-06-13T14:48:01","guid":{"rendered":"https:\/\/vimagazine.com.br\/?p=14275"},"modified":"2024-06-13T11:48:03","modified_gmt":"2024-06-13T14:48:03","slug":"atrizes-paolla-oliveira-michele-muniz-e-monica-carvalho-se-unem-para-o-bazar-do-bem","status":"publish","type":"post","link":"https:\/\/vimagazine.com.br\/?p=14275","title":{"rendered":"Atrizes Paolla Oliveira, Michele Muniz e M\u00f4nica Carvalho se Unem para o Bazar do Bem"},"content":{"rendered":"\n<p>O Bazar Solid\u00e1rio do Lar Viva Bem est\u00e1 de volta, trazendo pe\u00e7as exclusivas de famosas atrizes brasileiras.Paolla Oliveira, M\u00f4nica Carvalho e Michele Muniz fazem parte deste time do bem, que se une para apoiar esta causa nobre. O evento ocorrer\u00e1 no dia 15 de junho, das 10h \u00e0s 17h, no Lar Viva Bem, localizado em Ribeir\u00e3o Pires,&nbsp; na Grande S\u00e3o Paulo, com f\u00e1cil acesso por trem direto do Br\u00e1s.<\/p>\n\n\n\n<p>As atrizes, j\u00e1 conhecidas por seu engajamento em causas sociais, s\u00e3o parceiras de longa data da Associa\u00e7\u00e3o sem fins lucrativos Lar Viva Bem, que h\u00e1 25 anos atende idosos carentes e \u00e9 uma refer\u00eancia na regi\u00e3o. Coordenada pela Assistente Social Elza Gordo, a institui\u00e7\u00e3o oferece um ambiente de respeito, acessibilidade e dignidade, proporcionando um verdadeiro lar para seus residentes. Os servi\u00e7os incluem atendimento de enfermagem 24 horas, m\u00e9dico, nutricionista, fisioterapia, terapia ocupacional, psic\u00f3logo, atividades recreativas e espa\u00e7os como sala de cinema e ecum\u00eanico para pr\u00e1ticas de f\u00e9.<\/p>\n\n\n\n<figure class=\"wp-block-image aligncenter size-large is-resized\"><img src=\"https:\/\/vimagazine.com.br\/wp-content\/uploads\/2024\/06\/WhatsApp-Image-2024-06-13-at-10.13.55-1-819x1024.jpeg\" alt=\"\" class=\"wp-image-14277\" width=\"703\" height=\"879\" srcset=\"https:\/\/vimagazine.com.br\/wp-content\/uploads\/2024\/06\/WhatsApp-Image-2024-06-13-at-10.13.55-1-819x1024.jpeg 819w, https:\/\/vimagazine.com.br\/wp-content\/uploads\/2024\/06\/WhatsApp-Image-2024-06-13-at-10.13.55-1-240x300.jpeg 240w, https:\/\/vimagazine.com.br\/wp-content\/uploads\/2024\/06\/WhatsApp-Image-2024-06-13-at-10.13.55-1-768x960.jpeg 768w, https:\/\/vimagazine.com.br\/wp-content\/uploads\/2024\/06\/WhatsApp-Image-2024-06-13-at-10.13.55-1.jpeg 1024w\" sizes=\"(max-width: 703px) 100vw, 703px\" \/><\/figure>\n\n\n\n<p>O bazar contar\u00e1 com uma ampla variedade de itens, incluindo pe\u00e7as femininas, masculinas, infantis, acess\u00f3rios e cal\u00e7ados, todas oferecidas a pre\u00e7os acess\u00edveis, variando de R$5 a R$49,99. Todo o valor arrecadado ser\u00e1 destinado \u00e0 amplia\u00e7\u00e3o da \u00e1rea de lazer dos idosos, incluindo a constru\u00e7\u00e3o de um solarium e outras \u00e1reas de conviv\u00eancia.<\/p>\n\n\n\n<p>M\u00f4nica Carvalho destaca a import\u00e2ncia de a\u00e7\u00f5es como esta: \u201cAcredito muito no quanto n\u00f3s artistas podemos contribuir com nossa imagem e pe\u00e7as exclusivas em a\u00e7\u00f5es como essa do Bazar Solid\u00e1rio do Lar Viva Bem. S\u00e3o muitos idosos que ser\u00e3o beneficiados, em um trabalho s\u00e9rio realizado h\u00e1 tanto tempo. Que a Viva Bem continue a cuidar da melhor idade e cres\u00e7a ainda mais. Contem sempre comigo!\u201d<\/p>\n\n\n\n<p>Paolla Oliveira, tamb\u00e9m engajada no projeto, refor\u00e7a: \u201cMais uma vez estou junto com a Viva Bem, esse lar de idosos que faz tanto para a sociedade. O Bazar vai auxiliar ainda mais as pessoas que residem no lar. Doei pe\u00e7as do meu acervo e desejo que o Bazar seja um sucesso!\u201d<\/p>\n\n\n\n<figure class=\"wp-container-2 wp-block-gallery-1 wp-block-gallery has-nested-images columns-default is-cropped\">\n<figure class=\"wp-block-image size-large\"><img width=\"683\" height=\"1024\" data-id=\"14276\"  src=\"https:\/\/vimagazine.com.br\/wp-content\/uploads\/2024\/06\/WhatsApp-Image-2024-06-13-at-10.13.55-2.jpeg\" alt=\"\" class=\"wp-image-14276\" srcset=\"https:\/\/vimagazine.com.br\/wp-content\/uploads\/2024\/06\/WhatsApp-Image-2024-06-13-at-10.13.55-2.jpeg 683w, https:\/\/vimagazine.com.br\/wp-content\/uploads\/2024\/06\/WhatsApp-Image-2024-06-13-at-10.13.55-2-200x300.jpeg 200w\" sizes=\"(max-width: 683px) 100vw, 683px\" \/><\/figure>\n\n\n\n<figure class=\"wp-block-image size-large\"><img width=\"1024\" height=\"1280\" data-id=\"14278\"  src=\"https:\/\/vimagazine.com.br\/wp-content\/uploads\/2024\/06\/WhatsApp-Image-2024-06-13-at-10.13.55.jpeg\" alt=\"\" class=\"wp-image-14278\" srcset=\"https:\/\/vimagazine.com.br\/wp-content\/uploads\/2024\/06\/WhatsApp-Image-2024-06-13-at-10.13.55.jpeg 1024w, https:\/\/vimagazine.com.br\/wp-content\/uploads\/2024\/06\/WhatsApp-Image-2024-06-13-at-10.13.55-240x300.jpeg 240w, https:\/\/vimagazine.com.br\/wp-content\/uploads\/2024\/06\/WhatsApp-Image-2024-06-13-at-10.13.55-819x1024.jpeg 819w, https:\/\/vimagazine.com.br\/wp-content\/uploads\/2024\/06\/WhatsApp-Image-2024-06-13-at-10.13.55-768x960.jpeg 768w\" sizes=\"(max-width: 1024px) 100vw, 1024px\" \/><\/figure>\n<\/figure>\n\n\n\n<p>O Lar Viva Bem \u00e9 conhecido por seu compromisso e dedica\u00e7\u00e3o, sendo tamb\u00e9m cen\u00e1rio da ic\u00f4nica foto &#8220;Abra\u00e7o&#8221; do dinamarqu\u00eas Mads Nissen, eleita a Foto do Ano pela organiza\u00e7\u00e3o World Press Photo.<\/p>\n\n\n\n<p><strong>Servi\u00e7o:<\/strong><br>Bazar Beneficente Viva Bem<br>Data: 15\/06\u00a0<br>Hor\u00e1rio: das 10h \u00e0s 17h\u00a0<br>Local: Rua Dr. Fel\u00edcio Laurito, n\u00famero 24, ao lado da Gran Farma, centro de Ribeir\u00e3o Pires<\/p>\n","protected":false},"excerpt":{"rendered":"<p>O Bazar Solid\u00e1rio do Lar Viva Bem est\u00e1 de volta, trazendo pe\u00e7as exclusivas de famosas&#8230;<\/p>\n","protected":false},"author":18,"featured_media":14279,"comment_status":"closed","ping_status":"open","sticky":false,"template":"","format":"standard","meta":{"om_disable_all_campaigns":false,"_monsterinsights_skip_tracking":false,"_monsterinsights_sitenote_active":false,"_monsterinsights_sitenote_note":"","_monsterinsights_sitenote_category":0,"spay_email":""},"categories":[1],"tags":[348,850,851,852,347,470,849,806],"jetpack_featured_media_url":"https:\/\/vimagazine.com.br\/wp-content\/uploads\/2024\/06\/WhatsApp-Image-2024-06-13-at-10.13.54.jpeg","_links":{"self":[{"href":"https:\/\/vimagazine.com.br\/index.php?rest_route=\/wp\/v2\/posts\/14275"}],"collection":[{"href":"https:\/\/vimagazine.com.br\/index.php?rest_route=\/wp\/v2\/posts"}],"about":[{"href":"https:\/\/vimagazine.com.br\/index.php?rest_route=\/wp\/v2\/types\/post"}],"author":[{"embeddable":true,"href":"https:\/\/vimagazine.com.br\/index.php?rest_route=\/wp\/v2\/users\/18"}],"replies":[{"embeddable":true,"href":"https:\/\/vimagazine.com.br\/index.php?rest_route=%2Fwp%2Fv2%2Fcomments&post=14275"}],"version-history":[{"count":1,"href":"https:\/\/vimagazine.com.br\/index.php?rest_route=\/wp\/v2\/posts\/14275\/revisions"}],"predecessor-version":[{"id":14280,"href":"https:\/\/vimagazine.com.br\/index.php?rest_route=\/wp\/v2\/posts\/14275\/revisions\/14280"}],"wp:featuredmedia":[{"embeddable":true,"href":"https:\/\/vimagazine.com.br\/index.php?rest_route=\/wp\/v2\/media\/14279"}],"wp:attachment":[{"href":"https:\/\/vimagazine.com.br\/index.php?rest_route=%2Fwp%2Fv2%2Fmedia&parent=14275"}],"wp:term":[{"taxonomy":"category","embeddable":true,"href":"https:\/\/vimagazine.com.br\/index.php?rest_route=%2Fwp%2Fv2%2Fcategories&post=14275"},{"taxonomy":"post_tag","embeddable":true,"href":"https:\/\/vimagazine.com.br\/index.php?rest_route=%2Fwp%2Fv2%2Ftags&post=14275"}],"curies":[{"name":"wp","href":"https:\/\/api.w.org\/{rel}","templated":true}]}}