{"id":14282,"date":"2024-06-14T17:09:07","date_gmt":"2024-06-14T20:09:07","guid":{"rendered":"https:\/\/vimagazine.com.br\/?p=14282"},"modified":"2024-06-14T17:09:08","modified_gmt":"2024-06-14T20:09:08","slug":"festival-de-joinville-ja-tem-550-coralistas-inscritos","status":"publish","type":"post","link":"https:\/\/vimagazine.com.br\/?p=14282","title":{"rendered":"Festival de Joinville j\u00e1 tem 550 coralistas inscritos"},"content":{"rendered":"\n<p class=\"has-text-align-center\">A comiss\u00e3o organizadora do 4\u00ba Festival de Corais de Joinville, agendado para o fim de semana de 5 a 7 de julho, divulgou os primeiros n\u00fameros do evento.<\/p>\n\n\n\n<p class=\"has-text-align-center\"> A pouco mais de duas semanas do t\u00e9rmino das inscri\u00e7\u00f5es, em 28 de junho, o total de participantes j\u00e1 supera a edi\u00e7\u00e3o do ano passado. <\/p>\n\n\n\n<p class=\"has-text-align-center\">At\u00e9 o momento, 550 coralistas confirmaram presen\u00e7a, no palco central (da Sociedade Harmonia Lyra) e nos tr\u00eas palcos abertos (Shopping Mueller, Garten Shopping e Sociedade L\u00edrica de Joinville). <\/p>\n\n\n\n<p class=\"has-text-align-center\">No total, 16 grupos de Joinville, Florian\u00f3polis, Xaxim (SC), Bombinhas (SC), Garibaldi (RS) e Novo Hamburgo (RS) garantiram sua vaga.<\/p>\n\n\n\n<p class=\"has-text-align-center\">Inscri\u00e7\u00f5es e mais informa\u00e7\u00f5es podem ser feitas no site festivaldecoraisjoinville.com.br. <\/p>\n\n\n\n<p class=\"has-text-align-center\">Al\u00e9m das apresenta\u00e7\u00f5es, a programa\u00e7\u00e3o incluir\u00e1 diversas atividades, como oficinas educativas e apresenta\u00e7\u00f5es gratuitas em palcos abertos, no Shopping Mueller, no Garten Shopping e na Sociedade L\u00edrica de Joinville.<\/p>\n\n\n\n<p class=\"has-text-align-center\">Um dos grupos que vir\u00e3o para Joinville \u00e9 o Coral Tramontina, da empresa de mesmo nome, situada em Garibaldi, na Serra Ga\u00facha. <\/p>\n\n\n\n<p class=\"has-text-align-center\">Com participa\u00e7\u00e3o frequente em eventos culturais, o coral j\u00e1 esteve em turn\u00ea na It\u00e1lia. <\/p>\n\n\n\n<p class=\"has-text-align-center\">O repert\u00f3rio vai do popular a can\u00e7\u00f5es italianas sacras e folcl\u00f3ricas, e, segundo a coordena\u00e7\u00e3o, o trabalho desenvolvido proporciona um ambiente saud\u00e1vel e descontra\u00eddo, em que cada um dos seus integrantes pode se expressar musicalmente.<\/p>\n\n\n\n<p class=\"has-text-align-center\">\u201cEstamos ansiosos para receber os participantes, em uma programa\u00e7\u00e3o repleta de momentos de aprendizado, troca de experi\u00eancias e viv\u00eancias musicais. <\/p>\n\n\n\n<p class=\"has-text-align-center\">Trouxemos uma proposta diferenciada para que os grupos tenham a oportunidade de mostrar sua performance com a oportunidade de aprender e ser regidos por outro maestro\u201d, resume a diretora musical K\u00e1tia Siqueira. <\/p>\n\n\n\n<p class=\"has-text-align-center\"><strong>\u201cNa cidade da dan\u00e7a e das flores, vamos encantar nossa Joinville com a arte do canto coral.\u201d<\/strong><\/p>\n\n\n\n<p class=\"has-text-align-center\">Assessoria de imprensa Festival de Corais de Santa Catarina. Jornalista respons\u00e1vel: <\/p>\n\n\n\n<p class=\"has-text-align-center\">Guilherme Diefenthaeler<\/p>\n\n\n\n<p class=\"has-text-align-center\"> (reg. prof. 6207\/RS).<\/p>\n\n\n\n<p class=\"has-text-align-center\">WhatsApp (47) 98403-2745.<\/p>\n","protected":false},"excerpt":{"rendered":"<p>A comiss\u00e3o organizadora do 4\u00ba Festival de Corais de Joinville, agendado para o fim de&#8230;<\/p>\n","protected":false},"author":3,"featured_media":14283,"comment_status":"closed","ping_status":"open","sticky":false,"template":"","format":"standard","meta":{"om_disable_all_campaigns":false,"_monsterinsights_skip_tracking":false,"_monsterinsights_sitenote_active":false,"_monsterinsights_sitenote_note":"","_monsterinsights_sitenote_category":0,"spay_email":""},"categories":[1],"tags":[],"jetpack_featured_media_url":"https:\/\/vimagazine.com.br\/wp-content\/uploads\/2024\/06\/WhatsApp-Image-2024-06-13-at-08.08.52.jpeg","_links":{"self":[{"href":"https:\/\/vimagazine.com.br\/index.php?rest_route=\/wp\/v2\/posts\/14282"}],"collection":[{"href":"https:\/\/vimagazine.com.br\/index.php?rest_route=\/wp\/v2\/posts"}],"about":[{"href":"https:\/\/vimagazine.com.br\/index.php?rest_route=\/wp\/v2\/types\/post"}],"author":[{"embeddable":true,"href":"https:\/\/vimagazine.com.br\/index.php?rest_route=\/wp\/v2\/users\/3"}],"replies":[{"embeddable":true,"href":"https:\/\/vimagazine.com.br\/index.php?rest_route=%2Fwp%2Fv2%2Fcomments&post=14282"}],"version-history":[{"count":1,"href":"https:\/\/vimagazine.com.br\/index.php?rest_route=\/wp\/v2\/posts\/14282\/revisions"}],"predecessor-version":[{"id":14284,"href":"https:\/\/vimagazine.com.br\/index.php?rest_route=\/wp\/v2\/posts\/14282\/revisions\/14284"}],"wp:featuredmedia":[{"embeddable":true,"href":"https:\/\/vimagazine.com.br\/index.php?rest_route=\/wp\/v2\/media\/14283"}],"wp:attachment":[{"href":"https:\/\/vimagazine.com.br\/index.php?rest_route=%2Fwp%2Fv2%2Fmedia&parent=14282"}],"wp:term":[{"taxonomy":"category","embeddable":true,"href":"https:\/\/vimagazine.com.br\/index.php?rest_route=%2Fwp%2Fv2%2Fcategories&post=14282"},{"taxonomy":"post_tag","embeddable":true,"href":"https:\/\/vimagazine.com.br\/index.php?rest_route=%2Fwp%2Fv2%2Ftags&post=14282"}],"curies":[{"name":"wp","href":"https:\/\/api.w.org\/{rel}","templated":true}]}}