{"id":14285,"date":"2024-06-14T17:21:51","date_gmt":"2024-06-14T20:21:51","guid":{"rendered":"https:\/\/vimagazine.com.br\/?p=14285"},"modified":"2024-06-14T17:23:21","modified_gmt":"2024-06-14T20:23:21","slug":"a-danca-tambem-e-destaque-no-festival-internacional-de-cinema-de-joinville","status":"publish","type":"post","link":"https:\/\/vimagazine.com.br\/?p=14285","title":{"rendered":"A DAN\u00c7A TAMB\u00c9M \u00c9 DESTAQUE NO FESTIVAL INTERNACIONAL DE CINEMA DE JOINVILLE"},"content":{"rendered":"\n<p class=\"has-text-align-left\"><em><strong>Mostra Film Dance acontecer\u00e1 na Escola do Teatro Bolshoi no Brasil, al\u00e9m da dan\u00e7a, outro destaque da 4\u00aa edi\u00e7\u00e3o do JIFF s\u00e3o os filmes internacionais, neste ano s\u00e3o mais de 20 pa\u00edses na programa\u00e7\u00e3o.<\/strong><\/em><\/p>\n\n\n\n<p class=\"has-text-align-left\">&nbsp;&nbsp;&nbsp;&nbsp;&nbsp;&nbsp;&nbsp;&nbsp;&nbsp;&nbsp;&nbsp;&nbsp;&nbsp;&nbsp; Na programa\u00e7\u00e3o gratuita da 4\u00aa edi\u00e7\u00e3o do Festival Internacional de Cinema de Joinville, que inicia na segunda-feira (17),&nbsp;at\u00e9 s\u00e1bado (22), al\u00e9m de estreias nacionais, document\u00e1rios, filmes produzidos em Santa Catarina, destaque tamb\u00e9m vai para a dan\u00e7a com a Mostra Film Dance, que acontecer\u00e1 na quinta-feira, 20 de junho, a partir das 14h, na Sala Agripina da Escola do Ballet Bolshoi no Brasil. &nbsp;<\/p>\n\n\n\n<p class=\"has-text-align-left\">A mostra \u00e9 aberta ao p\u00fablico em duas sess\u00f5es especiais. O projeto \u00e9 financiado pelo Pr\u00eamio Catarinense de Cinema da Funda\u00e7\u00e3o Catarinense de Cultura &#8211; FCC, atrav\u00e9s da Lei Paulo Gustavo.<\/p>\n\n\n\n<figure class=\"wp-block-image size-large\"><img width=\"1024\" height=\"429\" src=\"https:\/\/vimagazine.com.br\/wp-content\/uploads\/2024\/06\/still-5-1024x429.jpg\" alt=\"\" class=\"wp-image-14287\" srcset=\"https:\/\/vimagazine.com.br\/wp-content\/uploads\/2024\/06\/still-5-1024x429.jpg 1024w, https:\/\/vimagazine.com.br\/wp-content\/uploads\/2024\/06\/still-5-300x126.jpg 300w, https:\/\/vimagazine.com.br\/wp-content\/uploads\/2024\/06\/still-5-768x322.jpg 768w, https:\/\/vimagazine.com.br\/wp-content\/uploads\/2024\/06\/still-5-1536x643.jpg 1536w, https:\/\/vimagazine.com.br\/wp-content\/uploads\/2024\/06\/still-5.jpg 1920w\" sizes=\"(max-width: 1024px) 100vw, 1024px\" \/><\/figure>\n\n\n\n<p class=\"has-text-align-left\">&nbsp;&nbsp;&nbsp;&nbsp;&nbsp;&nbsp;&nbsp;&nbsp;&nbsp;&nbsp;&nbsp;&nbsp;&nbsp;&nbsp; <strong>A videodan\u00e7a ou Film Dance como linguagem surgiu no in\u00edcio dos anos 70. <\/strong><\/p>\n\n\n\n<p class=\"has-text-align-left\">A possibilidade de filmar e reproduzir os movimentos realizados por bailarinos trouxe, num primeiro momento, a inova\u00e7\u00e3o do estudo da t\u00e9cnica da dan\u00e7a, expans\u00e3o e repeti\u00e7\u00e3o do conhecimento desta \u00e1rea. Num segundo momento, o registro deixa de ser apenas um meio de registro e reprodu\u00e7\u00e3o e passa a ser parte componente de uma cria\u00e7\u00e3o. <\/p>\n\n\n\n<p class=\"has-text-align-left\">As primeiras experi\u00eancias desta dire\u00e7\u00e3o s\u00e3o atribu\u00eddas principalmente ao core\u00f3grafo Merc\u00ea Cunningham. Uma \u00f3tima oportunidade para estudantes, pesquisadores e amantes da dan\u00e7a, conhecerem em primeira m\u00e3o, as novidades cinematogr\u00e1ficas e t\u00e9cnicas deste segmento.<\/p>\n\n\n\n<p class=\"has-text-align-left\">Nos dias 18, 19, 20 e 21 de junho, ter\u00e7a-feira a sexta-feira, acontece na Galeria 33 a Mostra Internacional, que nesta edi\u00e7\u00e3o contam com filmes de mais de 20 pa\u00edses e tem a curadoria de Alceu Bett.<\/p>\n\n\n\n<p class=\"has-text-align-left\"> A mostra ser\u00e3o compostas por t\u00edtulos de todo o globo para a competi\u00e7\u00e3o principal deste evento.<\/p>\n\n\n\n<p class=\"has-text-align-left\"> Filmes que apresentam novos rumos e propostas para o audiovisual, investindo na produ\u00e7\u00e3o autoral e art\u00edstica. <\/p>\n\n\n\n<p class=\"has-text-align-left\">Entre os destaques em exibi\u00e7\u00e3o, est\u00e3o o curta espanhol&nbsp;<em>\u201c<\/em>Ivania\u201d, dirigido por Luigi Abanto Varese, o italiano\u201d Mulheres e Motores\u201d dirigido por Leonardo Greco e o canadense \u201dAinda Aqui\u201d, dirigido por John Graham.<\/p>\n\n\n\n<figure class=\"wp-block-image size-large\"><img width=\"1024\" height=\"429\" src=\"https:\/\/vimagazine.com.br\/wp-content\/uploads\/2024\/06\/ASHHEAP13_2.14.1-1024x429.jpg\" alt=\"\" class=\"wp-image-14288\" srcset=\"https:\/\/vimagazine.com.br\/wp-content\/uploads\/2024\/06\/ASHHEAP13_2.14.1-1024x429.jpg 1024w, https:\/\/vimagazine.com.br\/wp-content\/uploads\/2024\/06\/ASHHEAP13_2.14.1-300x126.jpg 300w, https:\/\/vimagazine.com.br\/wp-content\/uploads\/2024\/06\/ASHHEAP13_2.14.1-768x322.jpg 768w, https:\/\/vimagazine.com.br\/wp-content\/uploads\/2024\/06\/ASHHEAP13_2.14.1-1536x643.jpg 1536w, https:\/\/vimagazine.com.br\/wp-content\/uploads\/2024\/06\/ASHHEAP13_2.14.1.jpg 1920w\" sizes=\"(max-width: 1024px) 100vw, 1024px\" \/><\/figure>\n\n\n\n<p class=\"has-text-align-left\">&nbsp;&nbsp;&nbsp;&nbsp;&nbsp;&nbsp;&nbsp;&nbsp;&nbsp;&nbsp;&nbsp;&nbsp;&nbsp;&nbsp; A programa\u00e7\u00e3o segue na Galeria 33 com a Mostra Arthouse, uma mostra com espa\u00e7o para a transversalidade e novas linguagens, criado para o hibridismo cinematogr\u00e1fico.<\/p>\n\n\n\n<p class=\"has-text-align-left\"> Um espa\u00e7o dedicado \u00e0 experimenta\u00e7\u00e3o narrativa, est\u00e9tica e aberto ao di\u00e1logo com o seu p\u00fablico. <\/p>\n\n\n\n<p class=\"has-text-align-left\">Na quarta-feira (19) \u00e0s 17h, acontece um bate papo e mesa Redonda com os produtores do 4\u00ba JIFF.<\/p>\n\n\n\n<p class=\"has-text-align-left\"><strong>MOSTRA FILM DANCE 1<\/strong><\/p>\n\n\n\n<p class=\"has-text-align-left\"><strong>Cabe\u00e7a nas Estrelas<\/strong><\/p>\n\n\n\n<p class=\"has-text-align-left\"><strong>Dire\u00e7\u00e3o:<\/strong>&nbsp;Emma Rouleaud&nbsp;<\/p>\n\n\n\n<p class=\"has-text-align-left\"><strong>Dura\u00e7\u00e3o:<\/strong>&nbsp;2min46<\/p>\n\n\n\n<p class=\"has-text-align-left\"><strong>Pa\u00eds de origem:<\/strong>&nbsp;Fran\u00e7a<\/p>\n\n\n\n<p class=\"has-text-align-left\"><strong>Classifica\u00e7\u00e3o:<\/strong>&nbsp;14 anos<\/p>\n\n\n\n<p class=\"has-text-align-left\"><strong>Onironauta&nbsp;<\/strong><\/p>\n\n\n\n<p class=\"has-text-align-left\"><strong>Dire\u00e7\u00e3o:<\/strong>&nbsp;Anderson Craveiro&nbsp;<\/p>\n\n\n\n<p class=\"has-text-align-left\"><strong>Dura\u00e7\u00e3o:<\/strong>&nbsp;4min52&nbsp;<\/p>\n\n\n\n<p class=\"has-text-align-left\"><strong>Pa\u00eds de origem:<\/strong>&nbsp;Brasil&nbsp;<\/p>\n\n\n\n<p class=\"has-text-align-left\"><strong>Classifica\u00e7\u00e3o:<\/strong>&nbsp;14 anos<\/p>\n\n\n\n<p class=\"has-text-align-left\"><strong>Femme<\/strong><\/p>\n\n\n\n<p class=\"has-text-align-left\"><strong>Dire\u00e7\u00e3o:<\/strong>&nbsp; Beatriz Minguez de Molina&nbsp;<\/p>\n\n\n\n<p class=\"has-text-align-left\"><strong>Dura\u00e7\u00e3o:<\/strong>&nbsp;4min55&nbsp;<\/p>\n\n\n\n<p class=\"has-text-align-left\"><strong>Pa\u00eds de origem:<\/strong>&nbsp;Espanha&nbsp;<\/p>\n\n\n\n<p class=\"has-text-align-left\"><strong>Classifica\u00e7\u00e3o:<\/strong>&nbsp;14 anos<\/p>\n\n\n\n<p class=\"has-text-align-left\"><strong>Sem Paz&nbsp;<\/strong><\/p>\n\n\n\n<p class=\"has-text-align-left\"><strong>Dire\u00e7\u00e3o:<\/strong>&nbsp; Michal Dawidowicz&nbsp;<\/p>\n\n\n\n<p class=\"has-text-align-left\"><strong>Dura\u00e7\u00e3o:<\/strong>&nbsp;5 min&nbsp;<\/p>\n\n\n\n<p class=\"has-text-align-left\"><strong>Pa\u00eds de origem:<\/strong>&nbsp; Pol\u00f4nia&nbsp;<\/p>\n\n\n\n<p class=\"has-text-align-left\"><strong>Classifica\u00e7\u00e3o:<\/strong>&nbsp;14 anos<\/p>\n\n\n\n<p class=\"has-text-align-left\"><strong>Hydra&nbsp;<\/strong><\/p>\n\n\n\n<p class=\"has-text-align-left\"><strong>Dire\u00e7\u00e3o:<\/strong>&nbsp;Gabriel Cupaiolo&nbsp;<\/p>\n\n\n\n<p class=\"has-text-align-left\"><strong>Dura\u00e7\u00e3o:<\/strong>&nbsp;5min26<\/p>\n\n\n\n<p class=\"has-text-align-left\"><strong>Pa\u00eds de origem:<\/strong>&nbsp;Brasil&nbsp;&nbsp;<\/p>\n\n\n\n<p class=\"has-text-align-left\"><strong>Classifica\u00e7\u00e3o:<\/strong>&nbsp;14 anos<\/p>\n\n\n\n<p class=\"has-text-align-left\"><strong>Modificado&nbsp;<\/strong><\/p>\n\n\n\n<p class=\"has-text-align-left\"><strong>Dire\u00e7\u00e3o:<\/strong>&nbsp;Laura Ferro, Eleanor Dubinsky e Zlatko Cosic&nbsp;<\/p>\n\n\n\n<p class=\"has-text-align-left\"><strong>Dura\u00e7\u00e3o:<\/strong>&nbsp;5min50&nbsp;<\/p>\n\n\n\n<p class=\"has-text-align-left\"><strong>Pa\u00eds de origem:<\/strong>&nbsp;Yugoslavia&nbsp;<\/p>\n\n\n\n<p class=\"has-text-align-left\"><strong>Classifica\u00e7\u00e3o:<\/strong>&nbsp;14 anos<\/p>\n\n\n\n<p class=\"has-text-align-left\"><strong>O Monte de Cinzas&nbsp;<\/strong><\/p>\n\n\n\n<p class=\"has-text-align-left\"><strong>Dire\u00e7\u00e3o:<\/strong>&nbsp;Tha\u00eds DeMelo&nbsp;<\/p>\n\n\n\n<p><strong>Dura\u00e7\u00e3o:<\/strong>&nbsp;5:40&nbsp;<\/p>\n\n\n\n<p><strong>Pa\u00eds de origem:<\/strong>&nbsp; Portugal&nbsp;<\/p>\n\n\n\n<p><strong>Classifica\u00e7\u00e3o:<\/strong>&nbsp;14 ANOS<\/p>\n\n\n\n<p><strong>Dress Code&nbsp;<\/strong><\/p>\n\n\n\n<p><strong>Dire\u00e7\u00e3o:<\/strong>&nbsp;Didier Mulleras&nbsp;<\/p>\n\n\n\n<p><strong>Dura\u00e7\u00e3o:<\/strong>&nbsp;6min11&nbsp;<\/p>\n\n\n\n<p><strong>Pa\u00eds de origem:<\/strong>&nbsp; Brasil &#8211; Fran\u00e7a&nbsp;<\/p>\n\n\n\n<p><strong>Classifica\u00e7\u00e3o:<\/strong>&nbsp;14 anos<\/p>\n\n\n\n<p><strong>Ama<\/strong><\/p>\n\n\n\n<p><strong>Dire\u00e7\u00e3o:<\/strong>&nbsp;Julie Gautier&nbsp;<\/p>\n\n\n\n<p><strong>Dura\u00e7\u00e3o:<\/strong>&nbsp;6min36<\/p>\n\n\n\n<p><strong>Pa\u00eds de origem:<\/strong>&nbsp; Fran\u00e7a&nbsp;<\/p>\n\n\n\n<p><strong>Classifica\u00e7\u00e3o:<\/strong>&nbsp;14 anos<\/p>\n\n\n\n<p><strong>MOSTRA FILM DANCE 2<\/strong><\/p>\n\n\n\n<p><strong>Brzemie&nbsp;<\/strong><\/p>\n\n\n\n<p><strong>Dire\u00e7\u00e3o:<\/strong>&nbsp; Pory Roku, Listopad-Grudzien&nbsp;<\/p>\n\n\n\n<p><strong>Dura\u00e7\u00e3o:<\/strong>&nbsp;9min24<\/p>\n\n\n\n<p><strong>Pa\u00eds de origem:<\/strong>&nbsp; Pol\u00f4nia&nbsp;<\/p>\n\n\n\n<p><strong>Classifica\u00e7\u00e3o:<\/strong>&nbsp;14 anos<\/p>\n\n\n\n<p><strong>Mal Moral Intr\u00ednseco&nbsp;<\/strong><\/p>\n\n\n\n<p><strong>Dire\u00e7\u00e3o:<\/strong>&nbsp; Harm Weistra&nbsp;<\/p>\n\n\n\n<p><strong>Dura\u00e7\u00e3o:<\/strong>&nbsp;10min45&nbsp;<\/p>\n\n\n\n<p><strong>Pa\u00eds de origem:<\/strong>&nbsp; Holanda&nbsp;<\/p>\n\n\n\n<p><strong>Classifica\u00e7\u00e3o:&nbsp;<\/strong>14 anos<\/p>\n\n\n\n<p><strong>Dobras&nbsp;<\/strong><\/p>\n\n\n\n<p><strong>Dire\u00e7\u00e3o:<\/strong>&nbsp; Pedro Nishi e Francisco Miguez&nbsp;&nbsp;<\/p>\n\n\n\n<p><strong>Dura\u00e7\u00e3o:<\/strong>&nbsp;12min18<\/p>\n\n\n\n<p><strong>Pa\u00eds de origem:<\/strong>&nbsp; Brasil&nbsp;<\/p>\n\n\n\n<p><strong>Classifica\u00e7\u00e3o:<\/strong>&nbsp;14 anos<\/p>\n\n\n\n<p><strong>Herbarium&nbsp;<\/strong><\/p>\n\n\n\n<p><strong>Dire\u00e7\u00e3o:<\/strong>&nbsp; Iwona Pasinska&nbsp;<\/p>\n\n\n\n<p><strong>Dura\u00e7\u00e3o:<\/strong>&nbsp;13 min22<\/p>\n\n\n\n<p><strong>Pa\u00eds de origem:<\/strong>&nbsp; Pol\u00f4nia&nbsp;<\/p>\n\n\n\n<p><strong>Classifica\u00e7\u00e3o:<\/strong>&nbsp;14 anos<\/p>\n\n\n\n<p><strong>SERVI\u00c7O<\/strong><\/p>\n\n\n\n<p><strong>O que:&nbsp;<\/strong>Mostra Film Dance da<em><u>4\u00aa edi\u00e7\u00e3o do Festival Internacional de Cinema de Joinville &#8211; JIFF<\/u><\/em><\/p>\n\n\n\n<p><strong>Quando:&nbsp;&nbsp;<\/strong>20 de junho \u2013 quinta-feira<\/p>\n\n\n\n<p><strong>Onde:&nbsp;&nbsp;<\/strong>Sala Agripina \u2013 Escola do Teatro Bolshoi no Brasil &#8211; Av. Jos\u00e9 Vieira, 315&nbsp;&#8211; Am\u00e9rica<\/p>\n\n\n\n<p><strong>Hor\u00e1rio:&nbsp;<\/strong>14h \u2013 Mostra Film Dance &nbsp;1 \u2013 15h \u2013 Mostra Film Dance 2<\/p>\n\n\n\n<p><strong>Quanto:<\/strong>&nbsp;sess\u00f5es gratuitas<\/p>\n\n\n\n<p>O JIFF acontece de 17 de junho &#8211; segunda-feira-&nbsp; a 22 de junho \u2013 s\u00e1bado<\/p>\n\n\n\n<ul><li>Verificar locais das sess\u00f5es do seu filme escolhido no site oficial da 4\u00aa edi\u00e7\u00e3o do JIFF<\/li><\/ul>\n\n\n\n<p>Reservas de Ingressos gratuitos pelo sympla \u2013&nbsp;<a href=\"https:\/\/www.sympla.com.br\/evento\/4-festival-internacional-de-cinema-de-joinville-jiff\/2494490?\" target=\"_blank\" rel=\"noreferrer noopener\">https:\/\/www.sympla.com.br\/evento\/4-festival-internacional-de-cinema-de-joinville-jiff\/2494490?<\/a><\/p>\n\n\n\n<p><strong>Programa\u00e7\u00e3o completa no site &#8211;&nbsp;<\/strong><a href=\"https:\/\/jiffestival.com.br\/\" target=\"_blank\" rel=\"noreferrer noopener\">https:\/\/jiffestival.com.br\/<\/a><\/p>\n\n\n\n<p><strong><u><br>INFORMA\u00c7\u00d5ES&nbsp;<\/u><\/strong><\/p>\n\n\n\n<p><strong>Festival Internacional de Cinema de Joinville<\/strong><\/p>\n\n\n\n<p><strong>Telefone:<\/strong>&nbsp;47 99277 2016<\/p>\n\n\n\n<p><strong>E mail:&nbsp;<\/strong><a href=\"mailto:alceu@galeria33.com\" target=\"_blank\" rel=\"noreferrer noopener\">alceu@galeria33.com<\/a><\/p>\n\n\n\n<p><strong>Instagram:<\/strong>&nbsp;@jiff.festival<\/p>\n\n\n\n<p><strong>Dom Comunica &#8211; assessoria&nbsp;de&nbsp;comunica\u00e7\u00e3o<\/strong><\/p>\n\n\n\n<p><strong>Telefone:&nbsp;<\/strong>47 99612 3517&nbsp; &nbsp;&nbsp;&nbsp;<\/p>\n\n\n\n<p><strong>E mail:&nbsp;<\/strong><a href=\"mailto:rodrigo@domcomunica.com.br\" target=\"_blank\" rel=\"noreferrer noopener\">rodrigo@domcomunica.com.br<\/a>&nbsp;<a href=\"mailto:rodrigocomunica@hotmail.com\" target=\"_blank\" rel=\"noreferrer noopener\">rodrigocomunica@hotmail.com<\/a><\/p>\n\n\n\n<p><strong>Instagram:&nbsp;<\/strong>@domcomunica&nbsp;&nbsp;<\/p>\n\n\n\n<p><\/p>\n","protected":false},"excerpt":{"rendered":"<p>Mostra Film Dance acontecer\u00e1 na Escola do Teatro Bolshoi no Brasil, al\u00e9m da dan\u00e7a, outro&#8230;<\/p>\n","protected":false},"author":3,"featured_media":14286,"comment_status":"closed","ping_status":"open","sticky":false,"template":"","format":"standard","meta":{"om_disable_all_campaigns":false,"_monsterinsights_skip_tracking":false,"_monsterinsights_sitenote_active":false,"_monsterinsights_sitenote_note":"","_monsterinsights_sitenote_category":0,"spay_email":""},"categories":[1],"tags":[],"jetpack_featured_media_url":"https:\/\/vimagazine.com.br\/wp-content\/uploads\/2024\/06\/Capa-Filme-Hydra-02-e1718395971442.jpg","_links":{"self":[{"href":"https:\/\/vimagazine.com.br\/index.php?rest_route=\/wp\/v2\/posts\/14285"}],"collection":[{"href":"https:\/\/vimagazine.com.br\/index.php?rest_route=\/wp\/v2\/posts"}],"about":[{"href":"https:\/\/vimagazine.com.br\/index.php?rest_route=\/wp\/v2\/types\/post"}],"author":[{"embeddable":true,"href":"https:\/\/vimagazine.com.br\/index.php?rest_route=\/wp\/v2\/users\/3"}],"replies":[{"embeddable":true,"href":"https:\/\/vimagazine.com.br\/index.php?rest_route=%2Fwp%2Fv2%2Fcomments&post=14285"}],"version-history":[{"count":3,"href":"https:\/\/vimagazine.com.br\/index.php?rest_route=\/wp\/v2\/posts\/14285\/revisions"}],"predecessor-version":[{"id":14291,"href":"https:\/\/vimagazine.com.br\/index.php?rest_route=\/wp\/v2\/posts\/14285\/revisions\/14291"}],"wp:featuredmedia":[{"embeddable":true,"href":"https:\/\/vimagazine.com.br\/index.php?rest_route=\/wp\/v2\/media\/14286"}],"wp:attachment":[{"href":"https:\/\/vimagazine.com.br\/index.php?rest_route=%2Fwp%2Fv2%2Fmedia&parent=14285"}],"wp:term":[{"taxonomy":"category","embeddable":true,"href":"https:\/\/vimagazine.com.br\/index.php?rest_route=%2Fwp%2Fv2%2Fcategories&post=14285"},{"taxonomy":"post_tag","embeddable":true,"href":"https:\/\/vimagazine.com.br\/index.php?rest_route=%2Fwp%2Fv2%2Ftags&post=14285"}],"curies":[{"name":"wp","href":"https:\/\/api.w.org\/{rel}","templated":true}]}}