{"id":14292,"date":"2024-06-14T18:44:15","date_gmt":"2024-06-14T21:44:15","guid":{"rendered":"https:\/\/vimagazine.com.br\/?p=14292"},"modified":"2024-06-14T18:50:16","modified_gmt":"2024-06-14T21:50:16","slug":"claudia-metne-celebra-o-dia-dos-namorados-com-amigas-e-parceiras-em-evento-da-fruit-de-la-passion","status":"publish","type":"post","link":"https:\/\/vimagazine.com.br\/?p=14292","title":{"rendered":"Claudia M\u00e9tne celebra o Dia dos Namorados com amigas e parceiras em evento da Fruit de La Passion"},"content":{"rendered":"\n<figure class=\"wp-block-image aligncenter size-large is-resized\"><img src=\"https:\/\/vimagazine.com.br\/wp-content\/uploads\/2024\/06\/WhatsApp-Image-2024-06-13-at-13.26.34-768x1024.jpeg\" alt=\"\" class=\"wp-image-14293\" width=\"425\" height=\"567\" srcset=\"https:\/\/vimagazine.com.br\/wp-content\/uploads\/2024\/06\/WhatsApp-Image-2024-06-13-at-13.26.34-768x1024.jpeg 768w, https:\/\/vimagazine.com.br\/wp-content\/uploads\/2024\/06\/WhatsApp-Image-2024-06-13-at-13.26.34-225x300.jpeg 225w, https:\/\/vimagazine.com.br\/wp-content\/uploads\/2024\/06\/WhatsApp-Image-2024-06-13-at-13.26.34-1152x1536.jpeg 1152w, https:\/\/vimagazine.com.br\/wp-content\/uploads\/2024\/06\/WhatsApp-Image-2024-06-13-at-13.26.34-1024x1365.jpeg 1024w, https:\/\/vimagazine.com.br\/wp-content\/uploads\/2024\/06\/WhatsApp-Image-2024-06-13-at-13.26.34.jpeg 1200w\" sizes=\"(max-width: 425px) 100vw, 425px\" \/><\/figure>\n\n\n\n<figure class=\"wp-block-image aligncenter size-large is-resized\"><img src=\"https:\/\/vimagazine.com.br\/wp-content\/uploads\/2024\/06\/WhatsApp-Image-2024-06-12-at-17.44.12-768x1024.jpeg\" alt=\"\" class=\"wp-image-14295\" width=\"435\" height=\"580\" srcset=\"https:\/\/vimagazine.com.br\/wp-content\/uploads\/2024\/06\/WhatsApp-Image-2024-06-12-at-17.44.12-768x1024.jpeg 768w, https:\/\/vimagazine.com.br\/wp-content\/uploads\/2024\/06\/WhatsApp-Image-2024-06-12-at-17.44.12-225x300.jpeg 225w, https:\/\/vimagazine.com.br\/wp-content\/uploads\/2024\/06\/WhatsApp-Image-2024-06-12-at-17.44.12.jpeg 960w\" sizes=\"(max-width: 435px) 100vw, 435px\" \/><\/figure>\n\n\n\n<p>O evento reuniu musas inspiradoras, amigas e parceiras de Claudia em um ambiente de pura alegria e descontra\u00e7\u00e3o.&nbsp;<\/p>\n\n\n\n<p><strong>Erika Coimbra<\/strong>, campe\u00e3 ol\u00edmpica de v\u00f4lei, e <strong>Maurren Maggi<\/strong>, campe\u00e3 ol\u00edmpica de atletismo, abrilhantaram a noite com suas presen\u00e7as ilustres. Elas se juntaram \u00e0 <strong>CEO da Fruit de La Passion, Cecilia Bourdon<\/strong>, e \u00e0s demais convidadas para celebrar a data especial e brindar \u00e0 beleza e ao poder feminino.&nbsp;<\/p>\n\n\n\n<p>O clima da festa foi contagiante, com direito a um delicioso bolo do <strong>@boloderolosaopaulo<\/strong>, quitutes deliciosos do <strong>@maxifour. lebanon<\/strong>, espumante gelado da <strong>@espumantepollorraineoficial<\/strong> e arranjos florais exuberantes da <strong>@floriravida, <\/strong>varal da<strong> @starhousevarais<\/strong>. As convidadas aproveitaram para experimentar as lingeries Fruit de La Passion e se inspirar para presentear seus amados no Dia dos Namorados.&nbsp;<\/p>\n\n\n\n<p><strong>Claudia M\u00e9tne<\/strong> estava radiante com o sucesso do evento, que celebrou n\u00e3o apenas o amor rom\u00e2ntico, mas tamb\u00e9m a amizade, a sororidade e o empoderamento feminino. A influencer esbanjou eleg\u00e2ncia com um look da <strong>Charm e Focos<\/strong> e produ\u00e7\u00e3o beauty impec\u00e1vel do <strong>Marcos Gaspar<\/strong>.&nbsp;<\/p>\n\n\n\n<p><strong>Amigas e Parceiras:<\/strong><\/p>\n\n\n\n<ul><li>@bffsemijoiaseprata925&nbsp;<\/li><li>@raquelcs29&nbsp;<\/li><li>@lollo.tenucci&nbsp;<\/li><li>@misaematsuura&nbsp;<\/li><li>@sleepsolutions&nbsp;<\/li><li>@starhousevarais&nbsp;<\/li><li>@lucibernardino_acessorios&nbsp;<\/li><li>@polianapss&nbsp;<\/li><li>@nicole.camilos&nbsp;<\/li><li>@estampasdagi&nbsp;<\/li><li>@chefgabycosta&nbsp;<\/li><li>@brunnodematteo&nbsp;<\/li><li>@edi_saraiva&nbsp;<\/li><li>@veramonteirotecidos&nbsp;<\/li><li>@camisaria_fascynios&nbsp;<\/li><li>@marialuizabolsas&nbsp;<\/li><li>@brunabiancanicolau&nbsp;<\/li><li>@anelisetaleb&nbsp;<\/li><li>@solangeasuzuki&nbsp;<\/li><\/ul>\n","protected":false},"excerpt":{"rendered":"<p>O evento reuniu musas inspiradoras, amigas e parceiras de Claudia em um ambiente de pura&#8230;<\/p>\n","protected":false},"author":19,"featured_media":14299,"comment_status":"closed","ping_status":"open","sticky":false,"template":"","format":"standard","meta":{"om_disable_all_campaigns":false,"_monsterinsights_skip_tracking":false,"_monsterinsights_sitenote_active":false,"_monsterinsights_sitenote_note":"","_monsterinsights_sitenote_category":0,"spay_email":""},"categories":[26],"tags":[],"jetpack_featured_media_url":"https:\/\/vimagazine.com.br\/wp-content\/uploads\/2024\/06\/WhatsApp-Image-2024-06-13-at-13.26.23-1.jpeg","_links":{"self":[{"href":"https:\/\/vimagazine.com.br\/index.php?rest_route=\/wp\/v2\/posts\/14292"}],"collection":[{"href":"https:\/\/vimagazine.com.br\/index.php?rest_route=\/wp\/v2\/posts"}],"about":[{"href":"https:\/\/vimagazine.com.br\/index.php?rest_route=\/wp\/v2\/types\/post"}],"author":[{"embeddable":true,"href":"https:\/\/vimagazine.com.br\/index.php?rest_route=\/wp\/v2\/users\/19"}],"replies":[{"embeddable":true,"href":"https:\/\/vimagazine.com.br\/index.php?rest_route=%2Fwp%2Fv2%2Fcomments&post=14292"}],"version-history":[{"count":1,"href":"https:\/\/vimagazine.com.br\/index.php?rest_route=\/wp\/v2\/posts\/14292\/revisions"}],"predecessor-version":[{"id":14297,"href":"https:\/\/vimagazine.com.br\/index.php?rest_route=\/wp\/v2\/posts\/14292\/revisions\/14297"}],"wp:featuredmedia":[{"embeddable":true,"href":"https:\/\/vimagazine.com.br\/index.php?rest_route=\/wp\/v2\/media\/14299"}],"wp:attachment":[{"href":"https:\/\/vimagazine.com.br\/index.php?rest_route=%2Fwp%2Fv2%2Fmedia&parent=14292"}],"wp:term":[{"taxonomy":"category","embeddable":true,"href":"https:\/\/vimagazine.com.br\/index.php?rest_route=%2Fwp%2Fv2%2Fcategories&post=14292"},{"taxonomy":"post_tag","embeddable":true,"href":"https:\/\/vimagazine.com.br\/index.php?rest_route=%2Fwp%2Fv2%2Ftags&post=14292"}],"curies":[{"name":"wp","href":"https:\/\/api.w.org\/{rel}","templated":true}]}}